{"id":40738,"date":"2021-11-03T00:00:00","date_gmt":"2021-11-02T23:00:00","guid":{"rendered":"https:\/\/imagazine.it\/?p=40738"},"modified":"2021-11-03T00:00:00","modified_gmt":"2021-11-02T23:00:00","slug":"bando-per-i-giovani-gorizia-brilla-in-fvg","status":"publish","type":"post","link":"https:\/\/imagazine.it\/home_desk\/bando-per-i-giovani-gorizia-brilla-in-fvg\/","title":{"rendered":"Bando per i giovani, Gorizia brilla in FVG"},"content":{"rendered":"<p> \tPrende avvio <strong><em>Inclusion Call<\/em><\/strong>, progetto dedicato alla creativit\u00e0 giovanile promosso dal Comune di <strong>Gorizia<\/strong>\u00a0&#8211; Servizio Politiche Giovanili in risposta all\u2019avviso pubblico di ANCI dello scorso gennaio.<\/p>\n<p> \tL\u2019iniziativa, cofinanziata dalla Presidenza del Consiglio dei Ministri \u2013 Dipartimento per le Politiche Giovanili e il Servizio Civile Universale, ha come focus il protagonismo giovanile per il rilancio dei territori.<\/p>\n<p> \tIl Comune di Gorizia, rientrante nella fascia dei Comuni medi per popolazione residente, \u00e8 l\u2019unico Comune del FVG ad essere stato ammesso a finanziamento, assieme ad altri 15 enti locali di media dimensione (fra i 15.001 e i 100 mila abitanti) del territorio nazionale.<\/p>\n<p> \tIl progetto \u00e8 stato presentato questa mattina nella nuova sede del <strong>Punto Giovani di Gorizia<\/strong>, in via Garibaldi, dall&#39;assessore alle Politiche giovanili <strong>Marilena Bernobich<\/strong>, insieme al vice coordinatore nazionale di ANCI <strong>Giovani Samuel Battaglini<\/strong>, al segretario generale di Anci FVG <strong>Alessandro Fabbro<\/strong>, al presidente di IAL <strong>Umberto Brusciano<\/strong>, accompagnato da <strong>Fulvia Raimo<\/strong>, e ai rappresentanti delle associazioni Examina e Macross, rispettivamente <strong>Flavio Cecere <\/strong>e <strong>Mattia Campo Dall&#39;Orto<\/strong>. Per gli uffici comunali \u00e8 intervenuta <strong>Sara Vidoz<\/strong>.<\/p>\n<p> \tI partner di questo progetto sono lo IAL FVG e le associazioni locali Macross ed Examina, che con sinergia si sono attivate per giungere ad uno stesso obiettivo: concretizzare una serie di attivit\u00e0 per favorire la formazione, la socialit\u00e0 e il benessere dei giovani e per veicolare la loro creativit\u00e0 verso una nuova immagine di Gorizia come luogo di cultura transfrontaliero anche in relazione al miglioramento del contesto urbano in vista della Capitale Europea della Cultura 2025.<\/p>\n<p> \tIl progetto, di un valore complessivo pari a 93.400 euro, vede un cofinanziamento di Anci per 40.900 euro, un impiego di risorse di bilancio comunale pari a 48.500 euro destinate all\u2019insonorizzazione della sala musica e all\u2019implementazione dell\u2019attrezzatura musicale e un cofinanziamento di Ial per ulteriori 4.000 euro.<em> <\/em><\/p>\n<p> \t<em>Inclusion call<\/em>, destinato prioritariamente alla fascia giovanile 16-25 anni, si concentra su tre aree di intervento: inclusione e partecipazione, formazione e cultura, spazi ambiente e territorio.<\/p>\n<p> \tI primi laboratori destinati alla Street e progettazione partecipata, Art Community Specific, Fotografia ed esplorazione urbana inizieranno il 12 novembre presso la sede di Ial Gorizia dalle 15 alle 18.<\/p>\n<p> \tNello specifico i percorsi formativi porteranno da un lato i ragazzi a sviluppare la loro creativit\u00e0 in un contesto partecipativo finalizzato alla valorizzazione del territorio e volto alla realizzazione di un&#39;opera di street art da parte di un artista di chiara fama, dall&#39;altro la comunit\u00e0 potr\u00e0 godere della valorizzazione del territorio e vedere contrastati i fenomeni di vandalismo urbano.<\/p>\n<p> \tLe attivit\u00e0 del progetto si articolano in diverse linee di azione che prevedono diverse tempistiche attuative. In sintesi vengono proposti: quattro laboratori formativi gratuiti di 30 ore che saranno avviati questo autunno; la produzione di un&#39;opera di street art permanente di grande dimensione a primavera 2022; un laboratorio multimediale insonorizzato e permanente dotato di strumentazione musicale e audiovisiva ad uso gratuito situato nel centro cittadino da realizzarsi nella primavera 2022; un evento conclusivo di sintesi dei laboratori svolti e divulgazione dei linguaggi musicali e audiovisivi aperto a tutta la cittadinanza e contestuale all&#39;inaugurazione dello spazio attrezzato musicale e multimediale presso il Punto Giovani entro la fine del progetto prevista il 30 agosto 2022.<\/p>\n<p> \t\u201cSono orgogliosa \u2013 ha dichiarato l\u2019assessore Bernobich \u2013 di questo progetto che affronta il tema dei giovani a 360 gradi e ringrazio tutti coloro che vi hanno partecipato e hanno reso possibile il raggiungimento di questo risultato, dai partner ai collaboratori oltre, ovviamente, ai nostri uffici. Mai come oggi \u00e8 indispensabile prestare attenzione alle esigenze dei nostri giovani, ascoltare le loro voci e valorizzare la loro creativit\u00e0. Noi lo stiamo facendo mettendo a disposizione, per quanto possibile, spazi, servizi e creando opportunit\u00e0, anche di lavoro. E lo facciamo insieme ad altri soggetti perch\u00e9 i risultati migliori si ottengono quando si fa squadra\u00a0 e questo, anche in previsione del 2025, sar\u00e0 sicuramente la carta vincente\u201d.<\/p>\n<p> \t&#8220;Il Friuli Venezia Giulia \u00e8 una terra che amo molto \u2013 le parole del vice coordinatore ANCI Giovani, Samuel Battaglini \u2013 e mi congratulo con la citt\u00e0 di Gorizia non solo per aver vinto questo bando ma anche per la nomina insieme a Nova Gorica a Capitale europea della cultura nel 2025&#8221;.<\/p>\n<p> \t&#8220;Anche questo nuovo progetto rivolto ai giovani \u2013 ha aggiunto il segretario ANCI FVG, Alessandro Fabbro \u2013 si inserisce in un cambio di passo di Gorizia che, soprattutto verso il 2025, ha iniziato un cammino di trasformazione della propria visione del confine, prima visto come un problema e oggi come un&#39;opportunit\u00e0&#8221;.<\/p>\n","protected":false},"excerpt":{"rendered":"<p>Unico comune in regione<\/p>\n","protected":false},"author":28,"featured_media":40739,"comment_status":"closed","ping_status":"closed","sticky":false,"template":"","format":"standard","meta":{"dwc-title":[],"dwc-content":[],"footnotes":""},"categories":[5],"tags":[],"class_list":["post-40738","post","type-post","status-publish","format-standard","has-post-thumbnail","hentry","category-attualita"],"rttpg_featured_image_url":{"full":["https:\/\/imagazine.it\/wp-content\/uploads\/2024\/01\/44270-1.webp",1000,536,false],"landscape":["https:\/\/imagazine.it\/wp-content\/uploads\/2024\/01\/44270-1.webp",1000,536,false],"portraits":["https:\/\/imagazine.it\/wp-content\/uploads\/2024\/01\/44270-1.webp",1000,536,false],"thumbnail":["https:\/\/imagazine.it\/wp-content\/uploads\/2024\/01\/44270-1-150x150.webp",150,150,true],"medium":["https:\/\/imagazine.it\/wp-content\/uploads\/2024\/01\/44270-1-300x161.webp",300,161,true],"large":["https:\/\/imagazine.it\/wp-content\/uploads\/2024\/01\/44270-1.webp",640,343,false],"thumblist":["https:\/\/imagazine.it\/wp-content\/uploads\/2024\/01\/44270-1.webp",300,161,false],"thumbrelated":["https:\/\/imagazine.it\/wp-content\/uploads\/2024\/01\/44270-1.webp",500,268,false],"meccarouselthumb":["https:\/\/imagazine.it\/wp-content\/uploads\/2024\/01\/44270-1.webp",474,254,false],"gridsquare":["https:\/\/imagazine.it\/wp-content\/uploads\/2024\/01\/44270-1.webp",391,210,false],"tileview":["https:\/\/imagazine.it\/wp-content\/uploads\/2024\/01\/44270-1.webp",300,161,false],"1536x1536":["https:\/\/imagazine.it\/wp-content\/uploads\/2024\/01\/44270-1.webp",1000,536,false],"2048x2048":["https:\/\/imagazine.it\/wp-content\/uploads\/2024\/01\/44270-1.webp",1000,536,false],"newsup-slider-full":["https:\/\/imagazine.it\/wp-content\/uploads\/2024\/01\/44270-1.webp",1000,536,false],"newsup-featured":["https:\/\/imagazine.it\/wp-content\/uploads\/2024\/01\/44270-1.webp",1000,536,false],"newsup-medium":["https:\/\/imagazine.it\/wp-content\/uploads\/2024\/01\/44270-1-720x380.webp",720,380,true],"tptn_thumbnail":["https:\/\/imagazine.it\/wp-content\/uploads\/2024\/01\/44270-1.webp",250,134,false],"sow-carousel-default":["https:\/\/imagazine.it\/wp-content\/uploads\/2024\/01\/44270-1-272x182.webp",272,182,true]},"rttpg_author":{"display_name":"redazione","author_link":"https:\/\/imagazine.it\/home_desk\/author\/redazione\/"},"rttpg_comment":0,"rttpg_category":"<a href=\"https:\/\/imagazine.it\/home_desk\/category\/attualita\/\" rel=\"category tag\">ATTUALIT\u00c0<\/a>","rttpg_excerpt":"Unico comune in regione","_links":{"self":[{"href":"https:\/\/imagazine.it\/home_desk\/wp-json\/wp\/v2\/posts\/40738","targetHints":{"allow":["GET"]}}],"collection":[{"href":"https:\/\/imagazine.it\/home_desk\/wp-json\/wp\/v2\/posts"}],"about":[{"href":"https:\/\/imagazine.it\/home_desk\/wp-json\/wp\/v2\/types\/post"}],"author":[{"embeddable":true,"href":"https:\/\/imagazine.it\/home_desk\/wp-json\/wp\/v2\/users\/28"}],"replies":[{"embeddable":true,"href":"https:\/\/imagazine.it\/home_desk\/wp-json\/wp\/v2\/comments?post=40738"}],"version-history":[{"count":0,"href":"https:\/\/imagazine.it\/home_desk\/wp-json\/wp\/v2\/posts\/40738\/revisions"}],"wp:featuredmedia":[{"embeddable":true,"href":"https:\/\/imagazine.it\/home_desk\/wp-json\/wp\/v2\/media\/40739"}],"wp:attachment":[{"href":"https:\/\/imagazine.it\/home_desk\/wp-json\/wp\/v2\/media?parent=40738"}],"wp:term":[{"taxonomy":"category","embeddable":true,"href":"https:\/\/imagazine.it\/home_desk\/wp-json\/wp\/v2\/categories?post=40738"},{"taxonomy":"post_tag","embeddable":true,"href":"https:\/\/imagazine.it\/home_desk\/wp-json\/wp\/v2\/tags?post=40738"}],"curies":[{"name":"wp","href":"https:\/\/api.w.org\/{rel}","templated":true}]}}