{"id":40736,"date":"2021-11-03T00:00:00","date_gmt":"2021-11-02T23:00:00","guid":{"rendered":"https:\/\/imagazine.it\/?p=40736"},"modified":"2021-11-03T00:00:00","modified_gmt":"2021-11-02T23:00:00","slug":"aquileia-lomaggio-di-mattarella-ai-caduti-in-guerra","status":"publish","type":"post","link":"https:\/\/imagazine.it\/home_desk\/aquileia-lomaggio-di-mattarella-ai-caduti-in-guerra\/","title":{"rendered":"Aquileia, l&#8217;omaggio di Mattarella ai caduti in guerra"},"content":{"rendered":"<p> \tQuesta mattina ad <strong>Aquileia<\/strong> la visita privata del <strong>presidente della Repubblica Sergio Mattarella<\/strong> per un ultimo atto delle Celebrazioni per il Centenario del Milite Ignoto in Friuli Venezia Giulia.<\/p>\n<p> \tNel giorno che precede la Giornata delle forze armate, in Piazza Capitolo ad attendere il Capo dello Stato c\u2019erano il sindaco di Aquileia <strong>Emanuele Zorino<\/strong>, il presidente della Regione Friuli Venezia Giulia <strong>Massimiliano Fedriga<\/strong>, il ministro della Difesa <strong>Lorenzo Guerini<\/strong>, l\u2019arcivescovo metropolita di Gorizia <strong>Carlo Roberto Maria Redaelli<\/strong>, il generale di Onorcaduti <strong>Gualtiero Mario De Cicco<\/strong> e il prefetto di Udine <strong>Massimo Marchesiello<\/strong>.<\/p>\n<p> \tPresenti alle celebrazioni anche l\u2019Associazione Nazionale Alpini-Sezione Aquileia, i rappresentanti delle Associazioni locali, la Giunta e il Consiglio del Comune di Aquileia e tutti i bambini delle scuole dell&#39;Infanzia, primarie e medie.<\/p>\n<p> \tUna cerimonia della Comunit\u00e0 e per la Comunit\u00e0 che ha espresso il legame indissolubile della citt\u00e0 patriarcale e delle istituzioni locali alle vicende del Milite Ignoto.<\/p>\n<p> \tAccompagnato dal sindaco Zorino, dal presidente Fedriga, dal ministro Guerini e dal vescovo, Mattarella ha deposto una corona d&#39;alloro nel Cimitero degli Eroi in ricordo di tutti i Caduti di Guerra. Una commemorazione agli altri dieci Militi e alla madre, Maria Bergamas, che riposano alle spalle della Basilica di Aquileia dal 1921, separati dal loro undicesimo fratello e figlio, che dal 4 novembre 1921 giace all\u2019Altare della Patria a Roma.<\/p>\n<p> \tIl Presidente, a seguire, ha visitato gli interni della Basilica Patriarcale e i suoi mosaici per trasferirsi poi nel rinnovato Sacrario di Redipuglia.<\/p>\n<p> \tIl capo dello Stato ha ricordato la salma del Milite Ignoto scelta tra undici da Maria Bergamas madre di Antonio Bergamas, soldato ucciso nel giugno del 1916 nella zona del Monte Cimone che mai fu ritrovato ma l\u2019omaggio di oggi \u00e8 stato rivolto ai suoi fratelli aquileiesi. Militi che furono tumulati nel cimitero dietro la basilica paleocristiana lo stesso giorno, alla stessa ora, del Milite Ignoto a Roma.<\/p>\n<p> \t\u201cDa tempo il presidente della Repubblica aveva espresso la volont\u00e0 di visitare il Cimitero degli Eroi e onorare anche i dieci Militi non scelti da Maria Bergamas e siamo molto onorati della sua vista di oggi\u201d, ha dichiarato Zorino.\u00a0<\/p>\n<p> \t\u201cL\u2019omaggio del presidente ai Militi che riposano ad Aquileia e a Maria Bergamas \u2013 ha aggiunto il primo cittadino aquileiese \u2013 ha un significato profondo e porta testimonianza di quell\u2019altro pezzo della storia del Milite Ignoto, rappresentata dai dieci militari tumulati il 4 novembre 1921. Un legame tra le due citt\u00e0 che oggi \u00e8 stato rinsaldato da quel senso di unit\u00e0, di memoria e di collettivit\u00e0 che mi auspico possano essere le basi per un nuovo fondamento comunitario e un messaggio di speranza per il futuro.\u00a0La visita odierna da parte del Capo dello Stato ha trasmesso a tutti noi presenti una forte emozione. Il Presidente Mattarella \u00e8 rimasto, inoltre, molto affascinato dal\u00a0pi\u00f9 grande mosaico del mondo che conserviamo all&#39;interno della nostra Basilica, che ha potuto visitare in maniera molto approfondita in occasione della sua venuta per il Centenario del Milite Ignoto.\u00a0Ringrazio le realt\u00e0 locali, le istituzioni e il Ministero della Difesa \u2013 ha concluso Zorino \u2013 per\u00a0la grande collaborazione e sinergia messa in atto per realizzare queste Celebrazioni. Un omaggio dovuto non solo al Milite Ignoto ma a tutte quelle 650mila vittime che hanno combattuto per la Patria senza chiedere nulla in cambio ma il cui sacrificio oggi riecheggia forte\u201d.<\/p>\n<p> \t\u201cIl Milite Ignoto \u2013 ha dichiarato il presidente della Regione Fedriga \u2013 con la forza dell\u2019esempio e la potenza del suo silenzio, ci rammenta che nei momenti pi\u00f9 drammatici la nostra comunit\u00e0 sa riannodare il filo della concordia ed \u00e8 capace di ritrovarsi sui valori sacri della civilt\u00e0 al di sopra delle divisioni, dei dubbi e delle difficolt\u00e0. Pensiamo ai nostri soldati che hanno perso la vita, tantissimi, sul confine orientale, imbracciando un fucile per difendere la libert\u00e0 e conquistare il proprio futuro. La nostra Patria di oggi, la sua identit\u00e0, alimentata dei valori di democrazia e di libert\u00e0, \u00e8 figlia anche di quei giovani. Il Milite Ignoto rappresenta un simbolo di straordinaria attualit\u00e0, che riscopriamo in tutta la sua valenza: l\u2019unificazione delle risorse morali di un Paese, la dedizione alla comunit\u00e0 nel sacrificio senza alcun personalismo, il ricordo delle nostre radici e della nostra storia anche nelle sue fasi pi\u00f9 travagliate, la gratitudine e la commemorazione dei Caduti\u201d.<\/p>\n<p> \tCome ha dichiarato il ministro Guerini <u><a href=\"http:\/\/www.imagazine.it\/notizie-trieste-gorizia-udine-friuli\/11178\" target=\"_blank\" rel=\"noopener\"><span style=\"color:#0000ff;\">alla cerimonia di inaugurazione del Cimitero degli Eroi di Aquileia lo scorso 29 ottobre<\/span><\/a><\/u> \u201cCelebrare il Milite Ignoto a cento anni di distanza vuol dire celebrare un momento fondamentale della storia del nostro paese. Significa celebrare un simbolo che onora il nostro passato, richiama la nostra memoria, unisce un popolo. Perch\u00e9 \u00e8 anche intorno ai simboli che si costruisce l\u2019unit\u00e0 di una nazione\u201d<\/p>\n","protected":false},"excerpt":{"rendered":"<p>Video e foto<\/p>\n","protected":false},"author":28,"featured_media":40737,"comment_status":"closed","ping_status":"closed","sticky":false,"template":"","format":"standard","meta":{"dwc-title":[],"dwc-content":[],"footnotes":""},"categories":[5],"tags":[],"class_list":["post-40736","post","type-post","status-publish","format-standard","has-post-thumbnail","hentry","category-attualita"],"rttpg_featured_image_url":{"full":["https:\/\/imagazine.it\/wp-content\/uploads\/2024\/01\/44243-1.webp",1000,667,false],"landscape":["https:\/\/imagazine.it\/wp-content\/uploads\/2024\/01\/44243-1.webp",1000,667,false],"portraits":["https:\/\/imagazine.it\/wp-content\/uploads\/2024\/01\/44243-1.webp",1000,667,false],"thumbnail":["https:\/\/imagazine.it\/wp-content\/uploads\/2024\/01\/44243-1-150x150.webp",150,150,true],"medium":["https:\/\/imagazine.it\/wp-content\/uploads\/2024\/01\/44243-1-300x200.webp",300,200,true],"large":["https:\/\/imagazine.it\/wp-content\/uploads\/2024\/01\/44243-1.webp",640,427,false],"thumblist":["https:\/\/imagazine.it\/wp-content\/uploads\/2024\/01\/44243-1.webp",300,200,false],"thumbrelated":["https:\/\/imagazine.it\/wp-content\/uploads\/2024\/01\/44243-1.webp",500,334,false],"meccarouselthumb":["https:\/\/imagazine.it\/wp-content\/uploads\/2024\/01\/44243-1.webp",474,316,false],"gridsquare":["https:\/\/imagazine.it\/wp-content\/uploads\/2024\/01\/44243-1.webp",391,260,false],"tileview":["https:\/\/imagazine.it\/wp-content\/uploads\/2024\/01\/44243-1.webp",300,200,false],"1536x1536":["https:\/\/imagazine.it\/wp-content\/uploads\/2024\/01\/44243-1.webp",1000,667,false],"2048x2048":["https:\/\/imagazine.it\/wp-content\/uploads\/2024\/01\/44243-1.webp",1000,667,false],"newsup-slider-full":["https:\/\/imagazine.it\/wp-content\/uploads\/2024\/01\/44243-1.webp",1000,667,false],"newsup-featured":["https:\/\/imagazine.it\/wp-content\/uploads\/2024\/01\/44243-1.webp",1000,667,false],"newsup-medium":["https:\/\/imagazine.it\/wp-content\/uploads\/2024\/01\/44243-1-720x380.webp",720,380,true],"tptn_thumbnail":["https:\/\/imagazine.it\/wp-content\/uploads\/2024\/01\/44243-1.webp",250,167,false],"sow-carousel-default":["https:\/\/imagazine.it\/wp-content\/uploads\/2024\/01\/44243-1-272x182.webp",272,182,true]},"rttpg_author":{"display_name":"redazione","author_link":"https:\/\/imagazine.it\/home_desk\/author\/redazione\/"},"rttpg_comment":0,"rttpg_category":"<a href=\"https:\/\/imagazine.it\/home_desk\/category\/attualita\/\" rel=\"category tag\">ATTUALIT\u00c0<\/a>","rttpg_excerpt":"Video e foto","_links":{"self":[{"href":"https:\/\/imagazine.it\/home_desk\/wp-json\/wp\/v2\/posts\/40736","targetHints":{"allow":["GET"]}}],"collection":[{"href":"https:\/\/imagazine.it\/home_desk\/wp-json\/wp\/v2\/posts"}],"about":[{"href":"https:\/\/imagazine.it\/home_desk\/wp-json\/wp\/v2\/types\/post"}],"author":[{"embeddable":true,"href":"https:\/\/imagazine.it\/home_desk\/wp-json\/wp\/v2\/users\/28"}],"replies":[{"embeddable":true,"href":"https:\/\/imagazine.it\/home_desk\/wp-json\/wp\/v2\/comments?post=40736"}],"version-history":[{"count":0,"href":"https:\/\/imagazine.it\/home_desk\/wp-json\/wp\/v2\/posts\/40736\/revisions"}],"wp:featuredmedia":[{"embeddable":true,"href":"https:\/\/imagazine.it\/home_desk\/wp-json\/wp\/v2\/media\/40737"}],"wp:attachment":[{"href":"https:\/\/imagazine.it\/home_desk\/wp-json\/wp\/v2\/media?parent=40736"}],"wp:term":[{"taxonomy":"category","embeddable":true,"href":"https:\/\/imagazine.it\/home_desk\/wp-json\/wp\/v2\/categories?post=40736"},{"taxonomy":"post_tag","embeddable":true,"href":"https:\/\/imagazine.it\/home_desk\/wp-json\/wp\/v2\/tags?post=40736"}],"curies":[{"name":"wp","href":"https:\/\/api.w.org\/{rel}","templated":true}]}}