{"id":40730,"date":"2021-11-03T00:00:00","date_gmt":"2021-11-02T23:00:00","guid":{"rendered":"https:\/\/imagazine.it\/?p=40730"},"modified":"2021-11-03T00:00:00","modified_gmt":"2021-11-02T23:00:00","slug":"ruda-villa-antonini-belgrado-verso-la-salvezza","status":"publish","type":"post","link":"https:\/\/imagazine.it\/home_desk\/ruda-villa-antonini-belgrado-verso-la-salvezza\/","title":{"rendered":"Ruda, Villa Antonini Belgrado verso la salvezza"},"content":{"rendered":"<p> \tSi concretizza la possibilit\u00e0 <strong>d\u2019intervenire in somma urgenza per la messa in sicurezza\u00a0di Villa Antonini Belgrado a Saciletto<\/strong>.<\/p>\n<p> \tGrazie alla stretta collaborazione tra <strong>Comune di Ruda<\/strong> e <strong>Soprintendenza Archeologia, belle arti e paesaggio del FVG<\/strong>, quest\u2019ultima inizier\u00e0 <strong>entro l\u2019anno le riparazioni d\u2019estrema necessit\u00e0<\/strong> utili a <u><a href=\"http:\/\/www.imagazine.it\/notizie-trieste-gorizia-udine-friuli\/9301\" target=\"_blank\" rel=\"noopener\"><span style=\"color:#0000ff;\">fermare il degrado in cui versa la struttura<\/span><\/a><\/u>.<\/p>\n<p> \tSono quasi cinque anni che il Comune di Ruda si \u00e8 posto l&#39;obiettivo di salvare Villa Antonini Belgrado, percorso reso ancora pi\u00f9 complesso dalle <strong>note vicende riguardanti le frammentazioni della propriet\u00e0<\/strong>, sequestri e confische, aste giudiziarie annullate, pendenze giudiziarie e mancanza di risorse finanziarie.<\/p>\n<p> \tInoltre, si prospetta un finanziamento del Ministero della Cultura di circa 3 milioni di euro da spendere per il complessivo restauro della Villa.<\/p>\n<p> \t&#8220;Abbiamo lavorato tanto, senza mai alzare troppa polvere ma con costanza e delicatezza istituzionale. Ora il nostro sogno sta diventando realt\u00e0. Grazie anche all&#39;interessamento degli uffici del Ministro e all&#39;impegno della Soprintendente Simonetta Bonomi, con la quale siamo in continuo e strettissimo contatto anche per i progetti e <u><a href=\"http:\/\/www.imagazine.it\/notizie-trieste-gorizia-udine-friuli\/10873\" target=\"_blank\" rel=\"noopener\"><span style=\"color:#0000ff;\">i lavori che riguardano l&#39;Amideria Chiozza<\/span><\/a><\/u>, la strada per salvare anche Villa Antonini sta diventando realt\u00e0\u201d, dichiara il sindaco di Ruda, <strong>Franco Lenarduzzi<\/strong>.<\/p>\n<p> \t&#8220;La villa \u00e8 oggetto di grande attenzione da parte della Soprintendenza \u2013 conferma la soprintendente <strong>Bonomi <\/strong>\u2013. Confido che vada in porto anche la nostra<strong> richiesta al Ministero della Cultura di acquistare tutte le quote proprietarie di Villa Antonini<\/strong>, che entrerebbe cos\u00ec interamente nel patrimonio dello Stato\u201d.<\/p>\n<p> \tNella dimora di Villa Antonini hanno vissuto grandi artisti quali <strong>Rosetta Ossi Zinner e Federico Righi<\/strong>; vi era attiva una scuola di arte grafica internazionale. Inoltre Ruda \u00e8 riconosciuta come capitale del canto corale. Sindaco e soprintendente ne stanno gi\u00e0 valutando il futuro utilizzo, prevedendo di <strong>ospitare al suo interno attivit\u00e0 artistiche e culturali di alto livello<\/strong>.<\/p>\n<p> \t&#8220;Ora si pu\u00f2 iniziare a ragionare su prospettive e possibilit\u00e0 fino a ieri impensabili \u2013 conclude <strong>Lenarduzzi <\/strong>\u2013. Ripensare alla Villa come un centro culturale ci sembra l&#39;idea convergente. Ora per\u00f2 dobbiamo lavorare intensamente per salvare il bene dal degrado cos\u00ec come abbiamo fatto e stiamo facendo per l&#39;Amideria&#8221;.<\/p>\n","protected":false},"excerpt":{"rendered":"<p>Collaborazione tra Comune e Soprintendenza<\/p>\n","protected":false},"author":28,"featured_media":40731,"comment_status":"closed","ping_status":"closed","sticky":false,"template":"","format":"standard","meta":{"dwc-title":[],"dwc-content":[],"footnotes":""},"categories":[5],"tags":[],"class_list":["post-40730","post","type-post","status-publish","format-standard","has-post-thumbnail","hentry","category-attualita"],"rttpg_featured_image_url":{"full":["https:\/\/imagazine.it\/wp-content\/uploads\/2024\/01\/44228-1.webp",1000,750,false],"landscape":["https:\/\/imagazine.it\/wp-content\/uploads\/2024\/01\/44228-1.webp",1000,750,false],"portraits":["https:\/\/imagazine.it\/wp-content\/uploads\/2024\/01\/44228-1.webp",1000,750,false],"thumbnail":["https:\/\/imagazine.it\/wp-content\/uploads\/2024\/01\/44228-1-150x150.webp",150,150,true],"medium":["https:\/\/imagazine.it\/wp-content\/uploads\/2024\/01\/44228-1-300x225.webp",300,225,true],"large":["https:\/\/imagazine.it\/wp-content\/uploads\/2024\/01\/44228-1.webp",640,480,false],"thumblist":["https:\/\/imagazine.it\/wp-content\/uploads\/2024\/01\/44228-1.webp",300,225,false],"thumbrelated":["https:\/\/imagazine.it\/wp-content\/uploads\/2024\/01\/44228-1.webp",500,375,false],"meccarouselthumb":["https:\/\/imagazine.it\/wp-content\/uploads\/2024\/01\/44228-1.webp",432,324,false],"gridsquare":["https:\/\/imagazine.it\/wp-content\/uploads\/2024\/01\/44228-1.webp",347,260,false],"tileview":["https:\/\/imagazine.it\/wp-content\/uploads\/2024\/01\/44228-1.webp",300,225,false],"1536x1536":["https:\/\/imagazine.it\/wp-content\/uploads\/2024\/01\/44228-1.webp",1000,750,false],"2048x2048":["https:\/\/imagazine.it\/wp-content\/uploads\/2024\/01\/44228-1.webp",1000,750,false],"newsup-slider-full":["https:\/\/imagazine.it\/wp-content\/uploads\/2024\/01\/44228-1-1000x720.webp",1000,720,true],"newsup-featured":["https:\/\/imagazine.it\/wp-content\/uploads\/2024\/01\/44228-1.webp",1000,750,false],"newsup-medium":["https:\/\/imagazine.it\/wp-content\/uploads\/2024\/01\/44228-1-720x380.webp",720,380,true],"tptn_thumbnail":["https:\/\/imagazine.it\/wp-content\/uploads\/2024\/01\/44228-1.webp",250,188,false],"sow-carousel-default":["https:\/\/imagazine.it\/wp-content\/uploads\/2024\/01\/44228-1-272x182.webp",272,182,true]},"rttpg_author":{"display_name":"redazione","author_link":"https:\/\/imagazine.it\/home_desk\/author\/redazione\/"},"rttpg_comment":0,"rttpg_category":"<a href=\"https:\/\/imagazine.it\/home_desk\/category\/attualita\/\" rel=\"category tag\">ATTUALIT\u00c0<\/a>","rttpg_excerpt":"Collaborazione tra Comune e Soprintendenza","_links":{"self":[{"href":"https:\/\/imagazine.it\/home_desk\/wp-json\/wp\/v2\/posts\/40730","targetHints":{"allow":["GET"]}}],"collection":[{"href":"https:\/\/imagazine.it\/home_desk\/wp-json\/wp\/v2\/posts"}],"about":[{"href":"https:\/\/imagazine.it\/home_desk\/wp-json\/wp\/v2\/types\/post"}],"author":[{"embeddable":true,"href":"https:\/\/imagazine.it\/home_desk\/wp-json\/wp\/v2\/users\/28"}],"replies":[{"embeddable":true,"href":"https:\/\/imagazine.it\/home_desk\/wp-json\/wp\/v2\/comments?post=40730"}],"version-history":[{"count":0,"href":"https:\/\/imagazine.it\/home_desk\/wp-json\/wp\/v2\/posts\/40730\/revisions"}],"wp:featuredmedia":[{"embeddable":true,"href":"https:\/\/imagazine.it\/home_desk\/wp-json\/wp\/v2\/media\/40731"}],"wp:attachment":[{"href":"https:\/\/imagazine.it\/home_desk\/wp-json\/wp\/v2\/media?parent=40730"}],"wp:term":[{"taxonomy":"category","embeddable":true,"href":"https:\/\/imagazine.it\/home_desk\/wp-json\/wp\/v2\/categories?post=40730"},{"taxonomy":"post_tag","embeddable":true,"href":"https:\/\/imagazine.it\/home_desk\/wp-json\/wp\/v2\/tags?post=40730"}],"curies":[{"name":"wp","href":"https:\/\/api.w.org\/{rel}","templated":true}]}}