{"id":40716,"date":"2021-11-02T00:00:00","date_gmt":"2021-11-01T23:00:00","guid":{"rendered":"https:\/\/imagazine.it\/?p=40716"},"modified":"2021-11-02T00:00:00","modified_gmt":"2021-11-01T23:00:00","slug":"a-pordenone-la-geopolitica-dellambiente","status":"publish","type":"post","link":"https:\/\/imagazine.it\/home_desk\/a-pordenone-la-geopolitica-dellambiente\/","title":{"rendered":"A Pordenone la geopolitica dell&#8217;ambiente"},"content":{"rendered":"<p> \tRiparte<strong> R-evolution<\/strong>, il format di geopolitica promosso dal <strong>Teatro Verdi di Pordenone<\/strong> per offrire al pubblico <strong>percorsi<\/strong> <strong>di storia contemporanea<\/strong>: analisi e commenti focalizzati sulla pi\u00f9 stretta attualit\u00e0, racchiusi in un cartellone di incontri ideato e curato dall\u2019Associazione Europa Cultura.<\/p>\n<p> \t<strong>L\u2019<\/strong><a href=\"https:\/\/www.rainews.it\/dl\/rainews\/articoli\/al-via-g-20-napoli-blindata-kerry-siamo-a-una-svolta-per-un-mondo-piu-pulito-54a0f1d3-75b6-4be4-b816-d7d95d9ee922.html\" target=\"_blank\" rel=\"noopener\"><strong>interconnessione<\/strong><\/a><strong> fra ambiente, clima e impegno per lo sviluppo sostenibile, proiettata nei futuri scenari del mondo<\/strong>, sar\u00e0 al centro della terza edizione di <strong>R-evolution<\/strong>, in programma <strong>da venerd\u00ec 19 a domenica 21 novembre<\/strong>, in presenza al Teatro Verdi di Pordenone, sul progetto realizzato in sinergia con <strong>Cr\u00e9dit Agricole FriulAdria<\/strong>, con la collaborazione di <strong>Fondazione Pordenonelegge<\/strong> e di <strong>CGN<\/strong>.<\/p>\n<p> \t\u00abOgni incontro si propone come una lezione di storia contemporanea<strong> \u2013 <\/strong>spiega il presidente del Teatro Verdi,<strong> Giovanni Lessio \u2013<\/strong> per avvicinare gli spettatori, coinvolgerli e proiettarli nell\u2019attualit\u00e0 pi\u00f9 \u201cestrema\u201d, quella dei nostri giorni. R-evolution 2021 si svolger\u00e0 all\u2019indomani della <strong>COP26 di Glasgow<\/strong>: un vertice che le istituzioni hanno definito come \u201cl&#39;ultima e migliore possibilit\u00e0 che il mondo ha di evitare la crisi climatica&#8221;. R-evolution 2021 favorir\u00e0 il confronto fra analisti di geopolitica ed esperti di questioni ambientali e sviluppo sostenibile, fra divulgatori scientifici e giornalisti impegnati sui temi dell\u2019attualit\u00e0. Tre giorni per capire meglio quello che ci sta succedendo, e come approcciare il tempo che verr\u00e0 nel nostro quotidiano\u00bb.<\/p>\n<p> \tFra i protagonisti di R-evolution 2021 spicca l\u2019economista inglese<strong> Raj Patel<\/strong>, accademico all\u2019Universit\u00e0 di Austin e attivista ambientale, autore del <strong>saggio cult \u201cI padroni del cibo\u201d<\/strong>, pietra miliare per l\u2019impegno sulla sostenibilit\u00e0 agroalimentare. Raj Patel, insieme al regista statunitense Zak Piper, \u00e8 anche autore del film documentario <strong>\u201cThe ants &#038; the grasshopper\u201d (\u201cLa cicala e la formica\u201d)<\/strong>, che per <strong>la prima volta presenter\u00e0 dal vivo in Italia, alla Cineteca di Bologna e in occasione dell\u2019evento inaugurale di R.evolution, venerd\u00ec 19 novembre alle 16 al Teatro Verdi, <\/strong>proposto in collaborazione con Bologna Award 2021, CAAB e Fondazione FICO. Il film, girato fra il Malawi e gli Stati Uniti, ripercorre il viaggio della \u201csemplice\u201d cittadina <strong>Anita Chitaya<\/strong> che, per salvare la sua casa da condizioni meteorologiche estreme, affronta una grande sfida: persuadere gli americani che il cambiamento climatico \u00e8 reale. Viaggiando dal Malawi alla California fino alla Casa Bianca, <strong>Anita<\/strong> incontrer\u00e0 molti scettici sulla questione climatica e agricoltori disperati, persone e governanti ancora incapaci di riconoscere la logica di sistema che sta distruggendo la Terra.<\/p>\n<p> \t<strong>E nella giornata di sabato 20 novembre si profila centrale il dialogo <\/strong><strong>\u201c\u2026 e poi?\u201d Dopo il covid, visioni di futuro\u201d, <\/strong>legato agli scenari postpandemici e alle <strong>buone pratiche<\/strong> che ciascuno di noi, nel suo quotidiano, pu\u00f2 attivare per avvicinare i traguardi 2030 dell\u2019Agenda di sviluppo sostenibile delle Nazioni Unite. <strong>Proprio dal palcoscenico di R-evolution sar\u00e0 infatti lanciata la \u201ccall to action\u201d collegata alla 10^ edizione del Premio Vivere a Spreco Zero<\/strong>, categoria Cittadini, seconda tappa del progetto <strong>\u201c\u2026 e poi? Visioni di futuro\u201d, <\/strong>a cura di <strong>Ilaria Pertot <\/strong>e<strong> Andrea Segr\u00e8, promosso <\/strong>in sinergia con Fondazione Pordenonelegge e la campagna Spreco Zero per <strong>sensibilizzare i cittadini sui grandi temi che riguardano il futuro dell\u2019umanit\u00e0<\/strong>, cercando di cogliere nella crisi attuale un\u2019opportunit\u00e0 di cambiamento degli stili di vita.<\/p>\n<p> \t<strong>L\u2019agroeconomista Andrea Segr\u00e8<\/strong>, ordinario all\u2019Universit\u00e0 di Bologna, presidente CAAB e Fondazione FICO, insieme all\u2019accademica ed esperta di agricoltura sostenibile <strong>Ilaria Pertot,<\/strong> per edizioni Ambiente hanno firmato la pubblicazione <strong>\u201c\u2026 e poi? Scegliere il futuro\u201d, che sar\u00e0 punto di partenza del dialogo di R-evolution<\/strong> nel quale saranno impegnati anche il direttore artistico di pordenonelegge <strong>Gian Mario Villalta<\/strong>, autore della prefazione del libro, e l\u2019economista, professore ordinario all\u2019Universit\u00e0 Ca\u2019 Foscari di Venezia e Presidente di Cr\u00e9dit Agricole FriulAdria <strong>Chiara Mio<\/strong>, autrice del saggio \u201cL\u2019azienda sostenibile\u201d (Laterza).<\/p>\n<p> \tL\u2019incontro \u00e8 in programma<strong> sabato 20 novembre<\/strong>, alle 18 nella Sala Grande del Teatro Verdi di Pordenone, dove, <strong>dalle 21, Andrea Segr\u00e8 sar\u00e0 anche protagonista dell\u2019evento scenico \u201c-Spr+Eco, obiettivo 2030\u201d, in dialogo con Massimo Cirri<\/strong>, autore e conduttore di un programma cult della radio italiana, \u201cCaterpillar\u201d su Rai Radio2.<\/p>\n<p> \tIllustrata dalle vignette originali di <strong>Francesco Tullio Altan,<\/strong> la spettacolare conversazione permetter\u00e0 a tutti di riflettere sulla responsabilit\u00e0 che ha ciascuno di prevenire gli sprechi e sulla possibilit\u00e0 di valorizzare le risorse, l\u2019economia circolare, il riutilizzo dei beni e il cibo edibile invenduto, con ricadute significative dal punto di vista ambientale, sociale, economico e nutrizionale.<\/p>\n<p> \t<strong>Il cartellone integrale di R-evolution 2021<\/strong> sar\u00e0 diffuso i prossimi giorni. <strong>L\u2019ingresso<\/strong> a tutti gli eventi di R-evolution sar\u00e0 aperto <strong>gratuitamente<\/strong> ai possessori di green pass. Info e dettagli: Teatro Verdi Pordenone <u><a href=\"https:\/\/teatroverdipordenone.it\/r-evolution\/\" target=\"_blank\" rel=\"noopener\"><span style=\"color:#0000ff;\">https:\/\/teatroverdipordenone.it\/r-evolution\/<\/span><\/a><\/u><\/p>\n","protected":false},"excerpt":{"rendered":"<p>Dal 19 al 21 novembre<\/p>\n","protected":false},"author":28,"featured_media":40717,"comment_status":"closed","ping_status":"closed","sticky":false,"template":"","format":"standard","meta":{"dwc-title":[],"dwc-content":[],"footnotes":""},"categories":[6],"tags":[],"class_list":["post-40716","post","type-post","status-publish","format-standard","has-post-thumbnail","hentry","category-societa"],"rttpg_featured_image_url":{"full":["https:\/\/imagazine.it\/wp-content\/uploads\/2024\/01\/44180-1.webp",1028,578,false],"landscape":["https:\/\/imagazine.it\/wp-content\/uploads\/2024\/01\/44180-1.webp",1028,578,false],"portraits":["https:\/\/imagazine.it\/wp-content\/uploads\/2024\/01\/44180-1.webp",1028,578,false],"thumbnail":["https:\/\/imagazine.it\/wp-content\/uploads\/2024\/01\/44180-1-150x150.webp",150,150,true],"medium":["https:\/\/imagazine.it\/wp-content\/uploads\/2024\/01\/44180-1-300x169.webp",300,169,true],"large":["https:\/\/imagazine.it\/wp-content\/uploads\/2024\/01\/44180-1-1024x576.webp",640,360,true],"thumblist":["https:\/\/imagazine.it\/wp-content\/uploads\/2024\/01\/44180-1.webp",300,169,false],"thumbrelated":["https:\/\/imagazine.it\/wp-content\/uploads\/2024\/01\/44180-1.webp",500,281,false],"meccarouselthumb":["https:\/\/imagazine.it\/wp-content\/uploads\/2024\/01\/44180-1.webp",474,267,false],"gridsquare":["https:\/\/imagazine.it\/wp-content\/uploads\/2024\/01\/44180-1.webp",391,220,false],"tileview":["https:\/\/imagazine.it\/wp-content\/uploads\/2024\/01\/44180-1.webp",300,169,false],"1536x1536":["https:\/\/imagazine.it\/wp-content\/uploads\/2024\/01\/44180-1.webp",1028,578,false],"2048x2048":["https:\/\/imagazine.it\/wp-content\/uploads\/2024\/01\/44180-1.webp",1028,578,false],"newsup-slider-full":["https:\/\/imagazine.it\/wp-content\/uploads\/2024\/01\/44180-1.webp",1028,578,false],"newsup-featured":["https:\/\/imagazine.it\/wp-content\/uploads\/2024\/01\/44180-1-1024x576.webp",1024,576,true],"newsup-medium":["https:\/\/imagazine.it\/wp-content\/uploads\/2024\/01\/44180-1-720x380.webp",720,380,true],"tptn_thumbnail":["https:\/\/imagazine.it\/wp-content\/uploads\/2024\/01\/44180-1.webp",250,141,false],"sow-carousel-default":["https:\/\/imagazine.it\/wp-content\/uploads\/2024\/01\/44180-1-272x182.webp",272,182,true]},"rttpg_author":{"display_name":"redazione","author_link":"https:\/\/imagazine.it\/home_desk\/author\/redazione\/"},"rttpg_comment":0,"rttpg_category":"<a href=\"https:\/\/imagazine.it\/home_desk\/category\/societa\/\" rel=\"category tag\">SOCIET\u00c0<\/a>","rttpg_excerpt":"Dal 19 al 21 novembre","_links":{"self":[{"href":"https:\/\/imagazine.it\/home_desk\/wp-json\/wp\/v2\/posts\/40716","targetHints":{"allow":["GET"]}}],"collection":[{"href":"https:\/\/imagazine.it\/home_desk\/wp-json\/wp\/v2\/posts"}],"about":[{"href":"https:\/\/imagazine.it\/home_desk\/wp-json\/wp\/v2\/types\/post"}],"author":[{"embeddable":true,"href":"https:\/\/imagazine.it\/home_desk\/wp-json\/wp\/v2\/users\/28"}],"replies":[{"embeddable":true,"href":"https:\/\/imagazine.it\/home_desk\/wp-json\/wp\/v2\/comments?post=40716"}],"version-history":[{"count":0,"href":"https:\/\/imagazine.it\/home_desk\/wp-json\/wp\/v2\/posts\/40716\/revisions"}],"wp:featuredmedia":[{"embeddable":true,"href":"https:\/\/imagazine.it\/home_desk\/wp-json\/wp\/v2\/media\/40717"}],"wp:attachment":[{"href":"https:\/\/imagazine.it\/home_desk\/wp-json\/wp\/v2\/media?parent=40716"}],"wp:term":[{"taxonomy":"category","embeddable":true,"href":"https:\/\/imagazine.it\/home_desk\/wp-json\/wp\/v2\/categories?post=40716"},{"taxonomy":"post_tag","embeddable":true,"href":"https:\/\/imagazine.it\/home_desk\/wp-json\/wp\/v2\/tags?post=40716"}],"curies":[{"name":"wp","href":"https:\/\/api.w.org\/{rel}","templated":true}]}}