{"id":40710,"date":"2021-10-31T00:00:00","date_gmt":"2021-10-30T23:00:00","guid":{"rendered":"https:\/\/imagazine.it\/?p=40710"},"modified":"2021-10-31T00:00:00","modified_gmt":"2021-10-30T23:00:00","slug":"musica-cervignano-riparte-con-un-omaggio-a-pasolini","status":"publish","type":"post","link":"https:\/\/imagazine.it\/home_desk\/musica-cervignano-riparte-con-un-omaggio-a-pasolini\/","title":{"rendered":"Musica, Cervignano riparte con un omaggio a Pasolini"},"content":{"rendered":"<p> \tSi \u00e8 aperta nel segno della poesia la stagione 2021-2022 del <strong>Teatro Pasolini di Cervignano del Friuli<\/strong>.<\/p>\n<p> \tLa poesia del poeta di Casarsa al quale \u00e8 intitolato il teatro, di cui ricorrono oggi 46 anni dalla morte e nel 2022 i cento anni dalla nascita, e la poetica del viaggio di parole e musica di <strong>Elena Ledda<\/strong> con il concerto <em>Amaius<\/em>.<\/p>\n<p> \tDi Pier Paolo Pasolini <strong>Simonetta Soro<\/strong> ha interpretato con empatia e raffinata dizione una poesia dedicata a Roma. \u201cUn omaggio doveroso &#8211; ha ricordato <strong>Giancarlo Velliscig<\/strong>, patron dell\u2019associazione Euritmica che organizza la sezione musicale della stagione -. Una stagione per ricominciare, dopo la chiusura causata dalla pandemia che sar\u00e0 improntata a valorizzare la nuova classicit\u00e0 che comprende i maestri cantautori del Novecento italiano accanto al jazz e alle voci Gospel, e che spazier\u00e0 dalla musica di protesta a Piazzolla e alla musica friulana\u201d.<\/p>\n<p> \tOtto appuntamenti di qualit\u00e0 per un panorama ampio e contemporaneo che proseguir\u00e0 fino a marzo.<\/p>\n<p> \tLa serata \u00e8 proseguita quindi con la poetica in musica di una delle interpreti pi\u00f9 interessanti e amabili del canto della Sardegna. Potente la sua voce, capace di toccare e far vibrare registri drammatici e leggiadri. Un viaggio fra storie evocative, in alcuni casi i brani sono stati anticipati in italiano dalla brava Simonetta Soro, nella doppia veste di voce recitante e cantante, permettendo dunque al pubblico di godere anche dei testi.<\/p>\n<p> \tPassione, storie struggenti, racconti di tradizioni e riti di una terra antica e orgogliosa si sono alternati a brani scioglilingua, filastrocche nelle quali Elena Ledda ha fatto danzare parole e note come un giocoliere abile e agile. Commozione, empatia cos\u00ec come desiderio di danzare sono i crismi della musica popolare che nella serata ha mostrato tutta la sua forza antica e contemporanea.<\/p>\n<p> \tAccanto ai brani della tradizione anche degli omaggi a grandi monumenti come Fabrizio De Andr\u00e9 e Andrea Parodi. Sul palco accanto a Elena Ledda alle mandole il bravissimo <strong>Mauro Palmas<\/strong>, con <strong>Marcello Peghin<\/strong> alla chitarra, <strong>Silvano Lobina<\/strong> al basso e <strong>Andrea Ruggeri<\/strong> alla batteria. Intensi e prolungati gli applausi del pubblico che si \u00e8 anche fatto coinvolgere come coro per dimostrare, almeno in teatro, che la musica unisce oltre le parole.<\/p>\n<p> \tProssimo appuntamento il 6 novembre con Emel, cantautrice e attivista tunisina icona della Primavera araba.<\/p>\n","protected":false},"excerpt":{"rendered":"<p>Al via la stagione griffata Euritmica<\/p>\n","protected":false},"author":23,"featured_media":40711,"comment_status":"closed","ping_status":"closed","sticky":false,"template":"","format":"standard","meta":{"dwc-title":[],"dwc-content":[],"footnotes":""},"categories":[37],"tags":[],"class_list":["post-40710","post","type-post","status-publish","format-standard","has-post-thumbnail","hentry","category-cultura-e-spettacolo"],"rttpg_featured_image_url":{"full":["https:\/\/imagazine.it\/wp-content\/uploads\/2024\/01\/44166-1.webp",1280,853,false],"landscape":["https:\/\/imagazine.it\/wp-content\/uploads\/2024\/01\/44166-1.webp",1280,853,false],"portraits":["https:\/\/imagazine.it\/wp-content\/uploads\/2024\/01\/44166-1.webp",1280,853,false],"thumbnail":["https:\/\/imagazine.it\/wp-content\/uploads\/2024\/01\/44166-1-150x150.webp",150,150,true],"medium":["https:\/\/imagazine.it\/wp-content\/uploads\/2024\/01\/44166-1-300x200.webp",300,200,true],"large":["https:\/\/imagazine.it\/wp-content\/uploads\/2024\/01\/44166-1-1024x682.webp",640,426,true],"thumblist":["https:\/\/imagazine.it\/wp-content\/uploads\/2024\/01\/44166-1.webp",300,200,false],"thumbrelated":["https:\/\/imagazine.it\/wp-content\/uploads\/2024\/01\/44166-1.webp",500,333,false],"meccarouselthumb":["https:\/\/imagazine.it\/wp-content\/uploads\/2024\/01\/44166-1.webp",474,316,false],"gridsquare":["https:\/\/imagazine.it\/wp-content\/uploads\/2024\/01\/44166-1.webp",391,260,false],"tileview":["https:\/\/imagazine.it\/wp-content\/uploads\/2024\/01\/44166-1.webp",300,200,false],"1536x1536":["https:\/\/imagazine.it\/wp-content\/uploads\/2024\/01\/44166-1.webp",1280,853,false],"2048x2048":["https:\/\/imagazine.it\/wp-content\/uploads\/2024\/01\/44166-1.webp",1280,853,false],"newsup-slider-full":["https:\/\/imagazine.it\/wp-content\/uploads\/2024\/01\/44166-1-1280x720.webp",1280,720,true],"newsup-featured":["https:\/\/imagazine.it\/wp-content\/uploads\/2024\/01\/44166-1-1024x682.webp",1024,682,true],"newsup-medium":["https:\/\/imagazine.it\/wp-content\/uploads\/2024\/01\/44166-1-720x380.webp",720,380,true],"tptn_thumbnail":["https:\/\/imagazine.it\/wp-content\/uploads\/2024\/01\/44166-1.webp",250,167,false],"sow-carousel-default":["https:\/\/imagazine.it\/wp-content\/uploads\/2024\/01\/44166-1-272x182.webp",272,182,true]},"rttpg_author":{"display_name":"Margherita Reguitti","author_link":"https:\/\/imagazine.it\/home_desk\/author\/reguitti\/"},"rttpg_comment":0,"rttpg_category":"<a href=\"https:\/\/imagazine.it\/home_desk\/category\/cultura-e-spettacolo\/\" rel=\"category tag\">CULTURA&amp;SPETTACOLO<\/a>","rttpg_excerpt":"Al via la stagione griffata Euritmica","_links":{"self":[{"href":"https:\/\/imagazine.it\/home_desk\/wp-json\/wp\/v2\/posts\/40710","targetHints":{"allow":["GET"]}}],"collection":[{"href":"https:\/\/imagazine.it\/home_desk\/wp-json\/wp\/v2\/posts"}],"about":[{"href":"https:\/\/imagazine.it\/home_desk\/wp-json\/wp\/v2\/types\/post"}],"author":[{"embeddable":true,"href":"https:\/\/imagazine.it\/home_desk\/wp-json\/wp\/v2\/users\/23"}],"replies":[{"embeddable":true,"href":"https:\/\/imagazine.it\/home_desk\/wp-json\/wp\/v2\/comments?post=40710"}],"version-history":[{"count":0,"href":"https:\/\/imagazine.it\/home_desk\/wp-json\/wp\/v2\/posts\/40710\/revisions"}],"wp:featuredmedia":[{"embeddable":true,"href":"https:\/\/imagazine.it\/home_desk\/wp-json\/wp\/v2\/media\/40711"}],"wp:attachment":[{"href":"https:\/\/imagazine.it\/home_desk\/wp-json\/wp\/v2\/media?parent=40710"}],"wp:term":[{"taxonomy":"category","embeddable":true,"href":"https:\/\/imagazine.it\/home_desk\/wp-json\/wp\/v2\/categories?post=40710"},{"taxonomy":"post_tag","embeddable":true,"href":"https:\/\/imagazine.it\/home_desk\/wp-json\/wp\/v2\/tags?post=40710"}],"curies":[{"name":"wp","href":"https:\/\/api.w.org\/{rel}","templated":true}]}}