{"id":40708,"date":"2021-10-29T00:00:00","date_gmt":"2021-10-28T23:00:00","guid":{"rendered":"https:\/\/imagazine.it\/?p=40708"},"modified":"2021-10-29T00:00:00","modified_gmt":"2021-10-28T23:00:00","slug":"movimento-turismo-del-vino-fvg-felluga-confermata-presidente","status":"publish","type":"post","link":"https:\/\/imagazine.it\/home_desk\/movimento-turismo-del-vino-fvg-felluga-confermata-presidente\/","title":{"rendered":"Movimento Turismo del Vino FVG, Felluga confermata presidente"},"content":{"rendered":"<p> \tL\u2019assemblea ordinaria dell\u2019associazione Movimento Turismo del Vino FVG ha rinnovato le proprie cariche sociali nel segno della continuit\u00e0.<\/p>\n<p> \tConfermati<strong> Elda Felluga <\/strong>alla presidenza e <strong>Massimo Bassani <\/strong>alla vicepresidenza; variata invece la carica di tesoriere che \u00e8 passata ad <strong>Alberto Grossi<\/strong>.<\/p>\n<p> \tL\u2019incontro ha sancito l\u2019ingresso di <strong>volti nuovi<\/strong> nel Consiglio: <strong>Stefania Zorzettig, Alessandro Pascolo e Nicola Pittaro<\/strong>.<\/p>\n<p> \t\u201c<em>Abbiamo deciso di mantenere una certa continuit\u00e0 con il Consiglio precedente<\/em> \u2013 commenta la presidente Felluga \u2013 <em>considerando il particolare periodo che stiamo vivendo per traghettare l\u2019associazione verso un 2022 di totale rinascita. Ringrazio i consiglieri uscenti Roberto Komjanc, Guecello di Porcia e Brugnera e Mario Zuliani per il loro grande impegno all\u2019interno dell\u2019associazione. Il mio caloroso benvenuto a Stefania Zorzettig, Alessandro Pascolo e Nicola Pittaro che con le loro esperienze imprenditoriali ed enoturistiche daranno un importante contributo per la crescita dell\u2019associazione. Oltre ai nostri consolidati eventi, lavoreremo per creare nuove occasioni d\u2019incontro tra produttori ed enoturisti per valorizzare il nostro caleidoscopico territorio.<\/em>\u201d<\/p>\n<p> \tIl <strong>nuovo Consiglio<\/strong>, in carica fino all\u2019approvazione del bilancio 2023, \u00e8 rappresentativo di tutto il territorio regionale ed \u00e8 cos\u00ec composto:<\/p>\n<p> \t\u00a0<\/p>\n<ul>\n<li> \t\tElda Felluga, azienda Livio Felluga, Friuli Colli Orientali<\/li>\n<li> \t\tMassimo Bassani, azienda Isola Augusta, Friuli Latisana<\/li>\n<li> \t\tSergio Collarig, azienda Crastin, Collio<\/li>\n<li> \t\tAlberto d\u2019Attimis-Maniago, azienda Conte d\u2019Attimis-Maniago, Friuli Colli Orientali<\/li>\n<li> \t\tAlberto Grossi, azienda Tenuta Villanova, Friuli Isonzo e Collio<\/li>\n<li> \t\tElena Parovel, azienda Parovel Vigneti Oliveti 1898, Friuli Carso<\/li>\n<li> \t\tAlessandro Pascolo, azienda Alessandro Pascolo, Collio<\/li>\n<li> \t\tNicola Pittaro, azienda Pitars, Friuli Grave<\/li>\n<li> \t\tFabiola Tilatti, azienda Ferrin Paolo, Friuli Grave<\/li>\n<li> \t\tMichelangelo Tombacco, azienda I Magredi, Friuli Grave<\/li>\n<li> \t\tStefania Zorzettig, azienda Monviert, Friuli Colli Orientali<\/li>\n<\/ul>\n","protected":false},"excerpt":{"rendered":"<p>Rinnovato il consiglio direttivo<\/p>\n","protected":false},"author":28,"featured_media":40709,"comment_status":"closed","ping_status":"closed","sticky":false,"template":"","format":"standard","meta":{"dwc-title":[],"dwc-content":[],"footnotes":""},"categories":[5],"tags":[],"class_list":["post-40708","post","type-post","status-publish","format-standard","has-post-thumbnail","hentry","category-attualita"],"rttpg_featured_image_url":{"full":["https:\/\/imagazine.it\/wp-content\/uploads\/2024\/01\/44164-1.webp",1000,802,false],"landscape":["https:\/\/imagazine.it\/wp-content\/uploads\/2024\/01\/44164-1.webp",1000,802,false],"portraits":["https:\/\/imagazine.it\/wp-content\/uploads\/2024\/01\/44164-1.webp",1000,802,false],"thumbnail":["https:\/\/imagazine.it\/wp-content\/uploads\/2024\/01\/44164-1-150x150.webp",150,150,true],"medium":["https:\/\/imagazine.it\/wp-content\/uploads\/2024\/01\/44164-1-300x241.webp",300,241,true],"large":["https:\/\/imagazine.it\/wp-content\/uploads\/2024\/01\/44164-1.webp",640,513,false],"thumblist":["https:\/\/imagazine.it\/wp-content\/uploads\/2024\/01\/44164-1.webp",300,241,false],"thumbrelated":["https:\/\/imagazine.it\/wp-content\/uploads\/2024\/01\/44164-1.webp",500,401,false],"meccarouselthumb":["https:\/\/imagazine.it\/wp-content\/uploads\/2024\/01\/44164-1.webp",404,324,false],"gridsquare":["https:\/\/imagazine.it\/wp-content\/uploads\/2024\/01\/44164-1.webp",324,260,false],"tileview":["https:\/\/imagazine.it\/wp-content\/uploads\/2024\/01\/44164-1.webp",300,241,false],"1536x1536":["https:\/\/imagazine.it\/wp-content\/uploads\/2024\/01\/44164-1.webp",1000,802,false],"2048x2048":["https:\/\/imagazine.it\/wp-content\/uploads\/2024\/01\/44164-1.webp",1000,802,false],"newsup-slider-full":["https:\/\/imagazine.it\/wp-content\/uploads\/2024\/01\/44164-1-1000x720.webp",1000,720,true],"newsup-featured":["https:\/\/imagazine.it\/wp-content\/uploads\/2024\/01\/44164-1.webp",1000,802,false],"newsup-medium":["https:\/\/imagazine.it\/wp-content\/uploads\/2024\/01\/44164-1-720x380.webp",720,380,true],"tptn_thumbnail":["https:\/\/imagazine.it\/wp-content\/uploads\/2024\/01\/44164-1.webp",250,201,false],"sow-carousel-default":["https:\/\/imagazine.it\/wp-content\/uploads\/2024\/01\/44164-1-272x182.webp",272,182,true]},"rttpg_author":{"display_name":"redazione","author_link":"https:\/\/imagazine.it\/home_desk\/author\/redazione\/"},"rttpg_comment":0,"rttpg_category":"<a href=\"https:\/\/imagazine.it\/home_desk\/category\/attualita\/\" rel=\"category tag\">ATTUALIT\u00c0<\/a>","rttpg_excerpt":"Rinnovato il consiglio direttivo","_links":{"self":[{"href":"https:\/\/imagazine.it\/home_desk\/wp-json\/wp\/v2\/posts\/40708","targetHints":{"allow":["GET"]}}],"collection":[{"href":"https:\/\/imagazine.it\/home_desk\/wp-json\/wp\/v2\/posts"}],"about":[{"href":"https:\/\/imagazine.it\/home_desk\/wp-json\/wp\/v2\/types\/post"}],"author":[{"embeddable":true,"href":"https:\/\/imagazine.it\/home_desk\/wp-json\/wp\/v2\/users\/28"}],"replies":[{"embeddable":true,"href":"https:\/\/imagazine.it\/home_desk\/wp-json\/wp\/v2\/comments?post=40708"}],"version-history":[{"count":0,"href":"https:\/\/imagazine.it\/home_desk\/wp-json\/wp\/v2\/posts\/40708\/revisions"}],"wp:featuredmedia":[{"embeddable":true,"href":"https:\/\/imagazine.it\/home_desk\/wp-json\/wp\/v2\/media\/40709"}],"wp:attachment":[{"href":"https:\/\/imagazine.it\/home_desk\/wp-json\/wp\/v2\/media?parent=40708"}],"wp:term":[{"taxonomy":"category","embeddable":true,"href":"https:\/\/imagazine.it\/home_desk\/wp-json\/wp\/v2\/categories?post=40708"},{"taxonomy":"post_tag","embeddable":true,"href":"https:\/\/imagazine.it\/home_desk\/wp-json\/wp\/v2\/tags?post=40708"}],"curies":[{"name":"wp","href":"https:\/\/api.w.org\/{rel}","templated":true}]}}