{"id":40702,"date":"2021-10-29T00:00:00","date_gmt":"2021-10-28T23:00:00","guid":{"rendered":"https:\/\/imagazine.it\/?p=40702"},"modified":"2021-10-29T00:00:00","modified_gmt":"2021-10-28T23:00:00","slug":"lomaggio-di-aquileia-al-milite-ignoto","status":"publish","type":"post","link":"https:\/\/imagazine.it\/home_desk\/lomaggio-di-aquileia-al-milite-ignoto\/","title":{"rendered":"L&#8217;omaggio di Aquileia al Milite Ignoto"},"content":{"rendered":"<p style=\"margin-left:-42.55pt;\"> \t\u00a0\u00a0\u00a0\u00a0\u00a0\u00a0\u00a0\u00a0\u00a0\u00a0\u00a0\u00a0\u00a0\u00a0\u00a0\u00a0\u00a0\u00a0 Si sono svolte questa mattina ad <strong>Aquileia<\/strong> le Cerimonie ufficiali per il Centenario del Milite Ignoto.\u00a0<\/p>\n<p> \tA fare gli onori di casa il sindaco di Aquileia <strong>Emanuele Zorino<\/strong>, che ha accolto il ministro della Difesa <strong>Lorenzo Guerini<\/strong>,\u00a0il\u00a0presidente della Regione Friuli Venezia Giulia <strong>Massimiliano Fedriga<\/strong>, parlamentari, consiglieri regionali e amministratori locali.<\/p>\n<p> \tHa aperto la Cerimonia della giornata che riporta alla memoria il viaggio del Milite Ignoto verso l\u2019Altare della Patria, l\u2019inaugurazione del\u00a0restauro del Cimitero degli Eroi, fortemente voluto dall\u2019Amministrazione comunale, con una simbolica deposizione della Corona agli Ignoti Militi con Picchetto d\u2019Onore e un sorvolo delle Frecce Tricolore in omaggio a tutti i Caduti di Guerra.<\/p>\n<p> \tLa Bandiera, arrivata ad Aquileia lo scorso settembre, ha lasciato la Basilica sulle note della \u201cLeggenda del Piave\u201d e, salutata secondo gli onori militari in Piazza Capitolo da tutte le autorit\u00e0 e il pubblico presente, ha iniziato il suo percorso di ritorno a Roma. Un corteo militare \u00e8 partito alla volta dell\u2019ex Stazione di Aquileia ricreando simbolicamente l\u2019atmosfera della partenza di quel treno del 29 ottobre 1921. Dalla gi\u00e0 Stazione di Aquileia il corteo istituzionale si \u00e8 spostato verso la Stazione di Cervignano da dove, a seguito di una breve cerimonia e dei saluti istituzionali, \u00e8 ripartito il treno con la Bandiera.<\/p>\n<p> \tCome allora il \u201cTreno della Memoria\u201d ripercorrer\u00e0 le medesime tappe del 1921, chiudendo idealmente un cerchio lungo cent\u2019anni iniziato ad Aquileia e terminato con la tumulazione al Vittoriano. La scelta di un soldato senza nome, tra i milioni di caduti e dispersi senza identit\u00e0, fu l&#39;idea che consent\u00ec di conciliare il rispetto dell&#39;individualit\u00e0 di ogni singolo soldato e l&#39;impossibilit\u00e0 di restituirla a ognuno di loro.\u00a0Il lutto e il dolore di una nazione ha generato un culto di massa dei soldati caduti e la traslazione del Milite Ignoto da Aquileia all\u2019Altare della Patria rappresenta oggi come allora un rito collettivo affinch\u00e9 possa essere nuovamente vissuto dall\u2019intero Paese per rendere onore ancora ai resti del milite ignoto, scelto da Maria Bergamas a nome di tutte le madri e le vedove d&#39;Italia.<\/p>\n<p> \t\u201cIl viaggio del Milite Ignoto \u2013 ha dichiarato Zorino \u2013 rappresenta uno dei massimi momenti di unit\u00e0 nazionale per il suo alto valore etico e simbolico nel\u00a0rinsaldare il legame fra il popolo e le istituzioni. La scelta di un umile soldato nel rappresentare il sacrificio di migliaia di Caduti di Guerra confer\u00ec cent\u2019anni fa ad\u00a0Aquileia il ruolo di citt\u00e0 madre.\u00a0Madre di tutte le terre che subirono ingenti perdite di vite umane e simbolo di un\u2019unit\u00e0 nazionale che ha saputo guardare avanti.\u00a0Ripercorrere gli atti pi\u00f9 significativi di quell\u2019epoca, ospitare la Bandiera dopo Cent\u2019anni all\u2019interno della Basilica, riavvicinarla a questi luoghi cos\u00ec ricchi di memoria, ha fatto riaffiorare quel sentimento di speranza e fratellanza che mai \u00e8 stato e mai verr\u00e0 dimenticato\u201d.\u00a0<\/p>\n<p> \t&#8220;La commemorazione del Milite Ignoto \u2013 cos\u00ec il presidente Fedriga \u2013 rappresent\u00f2, a pochi anni dalla fine del primo conflitto mondiale, un momento corale di cordoglio capace di ricomporre le profonde lacerazioni inferte da tre anni e mezzo di trincea e dal tormentato ricordo degli oltre 600mila caduti. Si len\u00ec una sofferenza e si apr\u00ec il dovere della memoria; quello stesso dovere che ci porta qui ad Aquileia a rievocare il lungo viaggio che il treno comp\u00ec fino a raggiungere Roma e l&#39;Altare della Patria.&#8221;<\/p>\n<p> \t\u201cVorrei innanzitutto ringraziare il sindaco per l\u2019invito a partecipare con voi a questa bella giornata \u2013 ha dichiarato il ministro Guerini nel suo intervento di saluto ad Aquileia \u2013. Vorrei ringraziarlo per il grande impegno che ha messo in campo insieme alla sua amministrazione e a tutte le altre realt\u00e0 coinvolte per valorizzare un luogo della nostra memoria, della vostra memoria come comunit\u00e0 e della nostra memoria come comunit\u00e0 nazionale\u201d.<\/p>\n<p> \tL\u2019arrivo della Bandiera a Roma \u00e8 previsto per il 2 novembre, accompagnata durante tutto il tragitto dal sindaco Zorino. Per celebrare il ritorno della Bandiera nella Capitale, \u00e8 stata organizzata dal Ministero della Difesa una messa alla Basilica di Santa Maria degli Angeli.<\/p>\n<p> \t\u201cQuesto Centenario \u2013 ha concluso Zorino \u2013 ha fatto riemergere quel sentimento di memoria collettiva che per un secolo aveva riposato all\u2019Altare della Patria, attestando quanto la storia di Aquileia sia stata fondamentale per l\u2019Italia e l\u2019Europa. Un momento di rigenerazione per la nostra citt\u00e0 che ha visto la Comunit\u00e0 intera attivarsi dal 2019 in vista di questa ricorrenza, avviando un importante progetto di recupero, restauro e valorizzazione dei luoghi pi\u00f9 simbolici di questo momento storico, quali il Cimitero degli Eroi e la gi\u00e0 Stazione Ferroviaria. Una vera e propria rinascita per la citt\u00e0 stessa e per i suoi monumenti che in questi giorni sono hanno accolto tutti gli eventi celebrativi. Sono state giornate in cui le emozioni sono state forti e tante, in cui tutti insieme abbiamo rivissuto una realt\u00e0 lontana che di fatto ancora non \u00e8, offrendoci l\u2019opportunit\u00e0 di ricostruire una rinnovata coscienza collettiva. In un momento difficile come quello che stiamo attraversando a causa della pandemia, il senso di unit\u00e0 e riconciliazione che \u00e8 riemerso ha un valore ancora pi\u00f9 intenso e questo sentimento di fratellanza mi auspico possa essere un messaggio che possiamo portarci nel cuore per i giorni a venire\u201d.<\/p>\n<p> \tLe autorit\u00e0 hanno successivamente raggiunto Cervignano del Friuli dove, dalla stazione ferroviaria, il Treno della Memoria \u00e8 ripartito verso Roma portando con s\u00e9 la bandiera del Milite Ignoto, che ripercorrer\u00e0 lo stesso tragitto di 100 anni fa.<\/p>\n","protected":false},"excerpt":{"rendered":"<p>Guarda le foto<\/p>\n","protected":false},"author":28,"featured_media":40703,"comment_status":"closed","ping_status":"closed","sticky":false,"template":"","format":"standard","meta":{"dwc-title":[],"dwc-content":[],"footnotes":""},"categories":[5],"tags":[],"class_list":["post-40702","post","type-post","status-publish","format-standard","has-post-thumbnail","hentry","category-attualita"],"rttpg_featured_image_url":{"full":["https:\/\/imagazine.it\/wp-content\/uploads\/2024\/01\/44026-1.webp",1000,667,false],"landscape":["https:\/\/imagazine.it\/wp-content\/uploads\/2024\/01\/44026-1.webp",1000,667,false],"portraits":["https:\/\/imagazine.it\/wp-content\/uploads\/2024\/01\/44026-1.webp",1000,667,false],"thumbnail":["https:\/\/imagazine.it\/wp-content\/uploads\/2024\/01\/44026-1-150x150.webp",150,150,true],"medium":["https:\/\/imagazine.it\/wp-content\/uploads\/2024\/01\/44026-1-300x200.webp",300,200,true],"large":["https:\/\/imagazine.it\/wp-content\/uploads\/2024\/01\/44026-1.webp",640,427,false],"thumblist":["https:\/\/imagazine.it\/wp-content\/uploads\/2024\/01\/44026-1.webp",300,200,false],"thumbrelated":["https:\/\/imagazine.it\/wp-content\/uploads\/2024\/01\/44026-1.webp",500,334,false],"meccarouselthumb":["https:\/\/imagazine.it\/wp-content\/uploads\/2024\/01\/44026-1.webp",474,316,false],"gridsquare":["https:\/\/imagazine.it\/wp-content\/uploads\/2024\/01\/44026-1.webp",391,260,false],"tileview":["https:\/\/imagazine.it\/wp-content\/uploads\/2024\/01\/44026-1.webp",300,200,false],"1536x1536":["https:\/\/imagazine.it\/wp-content\/uploads\/2024\/01\/44026-1.webp",1000,667,false],"2048x2048":["https:\/\/imagazine.it\/wp-content\/uploads\/2024\/01\/44026-1.webp",1000,667,false],"newsup-slider-full":["https:\/\/imagazine.it\/wp-content\/uploads\/2024\/01\/44026-1.webp",1000,667,false],"newsup-featured":["https:\/\/imagazine.it\/wp-content\/uploads\/2024\/01\/44026-1.webp",1000,667,false],"newsup-medium":["https:\/\/imagazine.it\/wp-content\/uploads\/2024\/01\/44026-1-720x380.webp",720,380,true],"tptn_thumbnail":["https:\/\/imagazine.it\/wp-content\/uploads\/2024\/01\/44026-1.webp",250,167,false],"sow-carousel-default":["https:\/\/imagazine.it\/wp-content\/uploads\/2024\/01\/44026-1-272x182.webp",272,182,true]},"rttpg_author":{"display_name":"redazione","author_link":"https:\/\/imagazine.it\/home_desk\/author\/redazione\/"},"rttpg_comment":0,"rttpg_category":"<a href=\"https:\/\/imagazine.it\/home_desk\/category\/attualita\/\" rel=\"category tag\">ATTUALIT\u00c0<\/a>","rttpg_excerpt":"Guarda le foto","_links":{"self":[{"href":"https:\/\/imagazine.it\/home_desk\/wp-json\/wp\/v2\/posts\/40702","targetHints":{"allow":["GET"]}}],"collection":[{"href":"https:\/\/imagazine.it\/home_desk\/wp-json\/wp\/v2\/posts"}],"about":[{"href":"https:\/\/imagazine.it\/home_desk\/wp-json\/wp\/v2\/types\/post"}],"author":[{"embeddable":true,"href":"https:\/\/imagazine.it\/home_desk\/wp-json\/wp\/v2\/users\/28"}],"replies":[{"embeddable":true,"href":"https:\/\/imagazine.it\/home_desk\/wp-json\/wp\/v2\/comments?post=40702"}],"version-history":[{"count":0,"href":"https:\/\/imagazine.it\/home_desk\/wp-json\/wp\/v2\/posts\/40702\/revisions"}],"wp:featuredmedia":[{"embeddable":true,"href":"https:\/\/imagazine.it\/home_desk\/wp-json\/wp\/v2\/media\/40703"}],"wp:attachment":[{"href":"https:\/\/imagazine.it\/home_desk\/wp-json\/wp\/v2\/media?parent=40702"}],"wp:term":[{"taxonomy":"category","embeddable":true,"href":"https:\/\/imagazine.it\/home_desk\/wp-json\/wp\/v2\/categories?post=40702"},{"taxonomy":"post_tag","embeddable":true,"href":"https:\/\/imagazine.it\/home_desk\/wp-json\/wp\/v2\/tags?post=40702"}],"curies":[{"name":"wp","href":"https:\/\/api.w.org\/{rel}","templated":true}]}}