{"id":40660,"date":"2021-10-22T00:00:00","date_gmt":"2021-10-21T23:00:00","guid":{"rendered":"https:\/\/imagazine.it\/?p=40660"},"modified":"2021-10-22T00:00:00","modified_gmt":"2021-10-21T23:00:00","slug":"palmanova-svelata-la-nuova-stagione-teatrale","status":"publish","type":"post","link":"https:\/\/imagazine.it\/home_desk\/palmanova-svelata-la-nuova-stagione-teatrale\/","title":{"rendered":"Palmanova, svelata la nuova stagione teatrale"},"content":{"rendered":"<p> \tPresentata nella Sala d\u2019onore del Comune di <strong>Palmanova<\/strong> la <strong>Stagione 2021\/2022 del Teatro Gustavo Modena<\/strong> al via il 10 novembre con <em>Cos\u00ec parl\u00f2 Bellavista<\/em>.<\/p>\n<p> \tSono sei gli appuntamenti di prosa, musica e danza, inseriti nel cartellone promosso dal <strong>Comune di Palmanova<\/strong> e dall\u2019<strong>Ente Regionale Teatrale del Friuli Venezia Giulia <\/strong>con il sostegno della Regione FVG.<\/p>\n<p> \t&#8220;Il riavvio della stagione teatrale a capienza piena e con la prospettiva di una durata ininterrotta non pu\u00f2 che farci piacere ed \u00e8 un segnale importante di ripartenza e di ritorno alla normalit\u00e0 anche nella fruizione dei contenitori culturali della citt\u00e0 stellata. L&#39;invito ai cittadini \u00e8 ad abbonarsi e a partecipare agli spettacoli anche per sostenere i lavoratori di questo settore&#8221;, ha affermato il sindaco<strong> Giuseppe Tellini<\/strong>.<\/p>\n<p> \t&#8220;Il teatro Gustavo Modena \u2013 ha aggiunto l&#39;assessore alla cultura<strong> Silvia Savi<\/strong> \u2013 \u00e8 il \u2018teatro del mandamento palmarino\u2019 e, dopo la pandemia, deve tornare ad essere il punto di riferimento dell&#39;attivit\u00e0 di prosa e musica per l&#39;intero territorio; inoltre ci impegneremo a coltivare il pubblico del futuro con iniziative che avvicinino i giovani spettatori ai nuovi linguaggi teatrali e alla fruizione degli spettacoli dal vivo&#8221;.<\/p>\n<p> \t&#8220;Presentiamo una stagione di grande qualit\u00e0 \u2013 ha sottolineato il direttore dell&#39;ERT FVG<strong>, Renato Manzoni <\/strong>\u2013 con alcune tra le migliori produzioni italiane degli ultimi anni, penso, ad esempio, a <em>Morte di un commesso viaggiatore<\/em>, <em>Bartleby lo scrivano e Cos\u00ec parl\u00f2 Bellavista<\/em> che inaugura la stagione. Accanto a queste un concerto prestigioso con l\u2019orchestra regionale, una delle compagnie di danza pi\u00f9 apprezzate non soltanto in Italia e una chiusura di stagione all&#39;insegna del divertimento. Non vediamo l&#39;ora di alzare il sipario e di accogliere il nostro pubblico&#8221;.<\/p>\n<p> \tMercoled\u00ec 10 novembre la stagione si aprir\u00e0 con <strong><em>Cos\u00ec parl\u00f2 Bellavista<\/em><\/strong>, romanzo e lungometraggio di Luciano De Crescenzo adattato per il teatro da <strong>Geppy Gleijeses<\/strong> che ne cura anche la regia. Sul palco, insieme allo stesso Gleijeses, un gruppo di acclamati e apprezzati attori napoletani a partire da <strong>Marisa Laurito<\/strong> e <strong>Benedetto Casillo<\/strong>, vicini a De Crescenzo e capace di restituire al pubblico tutto il carattere del testo.<\/p>\n<p> \tLa magia della musica di <strong>Wolfgang Amadeus Mozart<\/strong> sar\u00e0, invece, protagonista del secondo appuntamento della stagione, mercoled\u00ec 15 dicembre, con la <strong>FVG Orchestra<\/strong>, diretta da Paolo Paroni. In programma celebri arie e ouverture dal <em>Don Giovanni<\/em>, <em>Cos\u00ec fan tutte<\/em> e <em>Le nozze di figaro<\/em>, alcune delle opere immortali del genio di Salisburgo.<\/p>\n<p> \tLa stagione del Teatro Gustavo Modena inaugura il 2022 con un appuntamento dedicato alla danza contemporanea. Sabato 29 gennaio sul palco di Palmanova saliranno i ballerini acrobati della compagnia eVolution dance theater dell\u2019ex Momix Anthony Heinl. <strong><em>Blu Infinito<\/em><\/strong> \u00e8 il titolo dello spettacolo che conduce lo spettatore in un abisso fantastico, dove misteriose creature, luci e musiche si intrecciano a costruire una suggestione dall\u2019indimenticabile impatto visivo e scenico.<\/p>\n<p> \t<strong>Alessandro Haber<\/strong> calcher\u00e0 le assi del palcoscenico del Modena marted\u00ec 15 febbraio portando in scena <strong><em>Morte di un commesso viaggiatore<\/em><\/strong> di Arthur Miller. Un commesso viaggiatore che si guadagna da vivere con la parlantina e ha allevato i figli al culto dell\u2019apparenza e della superficialit\u00e0 e ad essere attraenti, popolari, campioni sportivi. Ma qualcosa va storto, la trama si complica e uno spettro ampio di emozioni umane scaturiscono dalla vicenda arrivando fino al pubblico.<\/p>\n<p> \tLa stagione continuer\u00e0 sabato 5 marzo con un altro classico: <strong><em>Bartleby lo scrivano<\/em><\/strong> di Francesco Niccolini, ispirato al racconto di Herman Melville. Bartleby \u00e8 un piccolo uomo capace di mettere in crisi un sistema \u2013 siamo nella Wall Street dei febbrili inizi di quello che diventer\u00e0 il pi\u00f9 spietato sistema finanziario del mondo \u2013 di cui non riconosce il valore positivo. A dare voce e corpo a questo eroe dell\u2019inazione \u00e8 uno straordinario <strong>Leo Gullotta<\/strong> e al suo fianco, diretti da Emanuele Gamba, i bravi attori di Arca Azzurra Teatro.<\/p>\n<p> \t<strong><em>Tre uomini e una culla<\/em><\/strong> concluder\u00e0 la programmazione sabato 2 aprile. La commedia cinematografica degli anni Ottanta approda a teatro con un adattamento della stessa autrice, Coline Serreau. <strong>Saranno Giorgio Lupano, Gabriele Pignotta e Attilio Fontana<\/strong> a interpretare i tre scapoli d\u2019oro la cui vita verr\u00e0 rivoluzionata dall\u2019arrivo della piccola Marie. Tra imprevisti e sorprese, si riflette su come \u00e8 cambiato il ruolo dei padri e sulle famiglie moderne.<\/p>\n<p> \tLa <strong>campagna abbonamenti<\/strong> si terr\u00e0 in teatro con il seguente calendario: rinnovo abbonamenti dal 25 al 30 ottobre dalle 17.30 alle 19.45; sottoscrizione nuovi abbonamenti<\/p>\n<p> \tdal 2 al 6 novembre dalle 17.30 alle 19.45. Per informazioni telefonare allo 0432 924148 (Teatro Modena) oppure allo 0432 922131 (Comune), e sul sito <u><a href=\"http:\/\/ertfvg.it\" target=\"_blank\" rel=\"noopener\"><span style=\"color:#0000ff;\">ertfvg.it<\/span><\/a><\/u>.<\/p>\n","protected":false},"excerpt":{"rendered":"<p>Inaugurazione il 10 novembre<\/p>\n","protected":false},"author":28,"featured_media":40661,"comment_status":"closed","ping_status":"closed","sticky":false,"template":"","format":"standard","meta":{"dwc-title":[],"dwc-content":[],"footnotes":""},"categories":[37],"tags":[],"class_list":["post-40660","post","type-post","status-publish","format-standard","has-post-thumbnail","hentry","category-cultura-e-spettacolo"],"rttpg_featured_image_url":{"full":["https:\/\/imagazine.it\/wp-content\/uploads\/2024\/01\/43909-1.webp",1440,1080,false],"landscape":["https:\/\/imagazine.it\/wp-content\/uploads\/2024\/01\/43909-1.webp",1440,1080,false],"portraits":["https:\/\/imagazine.it\/wp-content\/uploads\/2024\/01\/43909-1.webp",1440,1080,false],"thumbnail":["https:\/\/imagazine.it\/wp-content\/uploads\/2024\/01\/43909-1-150x150.webp",150,150,true],"medium":["https:\/\/imagazine.it\/wp-content\/uploads\/2024\/01\/43909-1-300x225.webp",300,225,true],"large":["https:\/\/imagazine.it\/wp-content\/uploads\/2024\/01\/43909-1-1024x768.webp",640,480,true],"thumblist":["https:\/\/imagazine.it\/wp-content\/uploads\/2024\/01\/43909-1.webp",300,225,false],"thumbrelated":["https:\/\/imagazine.it\/wp-content\/uploads\/2024\/01\/43909-1.webp",500,375,false],"meccarouselthumb":["https:\/\/imagazine.it\/wp-content\/uploads\/2024\/01\/43909-1.webp",432,324,false],"gridsquare":["https:\/\/imagazine.it\/wp-content\/uploads\/2024\/01\/43909-1.webp",347,260,false],"tileview":["https:\/\/imagazine.it\/wp-content\/uploads\/2024\/01\/43909-1.webp",300,225,false],"1536x1536":["https:\/\/imagazine.it\/wp-content\/uploads\/2024\/01\/43909-1.webp",1440,1080,false],"2048x2048":["https:\/\/imagazine.it\/wp-content\/uploads\/2024\/01\/43909-1.webp",1440,1080,false],"newsup-slider-full":["https:\/\/imagazine.it\/wp-content\/uploads\/2024\/01\/43909-1-1280x720.webp",1280,720,true],"newsup-featured":["https:\/\/imagazine.it\/wp-content\/uploads\/2024\/01\/43909-1-1024x768.webp",1024,768,true],"newsup-medium":["https:\/\/imagazine.it\/wp-content\/uploads\/2024\/01\/43909-1-720x380.webp",720,380,true],"tptn_thumbnail":["https:\/\/imagazine.it\/wp-content\/uploads\/2024\/01\/43909-1.webp",250,188,false],"sow-carousel-default":["https:\/\/imagazine.it\/wp-content\/uploads\/2024\/01\/43909-1-272x182.webp",272,182,true]},"rttpg_author":{"display_name":"redazione","author_link":"https:\/\/imagazine.it\/home_desk\/author\/redazione\/"},"rttpg_comment":0,"rttpg_category":"<a href=\"https:\/\/imagazine.it\/home_desk\/category\/cultura-e-spettacolo\/\" rel=\"category tag\">CULTURA&amp;SPETTACOLO<\/a>","rttpg_excerpt":"Inaugurazione il 10 novembre","_links":{"self":[{"href":"https:\/\/imagazine.it\/home_desk\/wp-json\/wp\/v2\/posts\/40660","targetHints":{"allow":["GET"]}}],"collection":[{"href":"https:\/\/imagazine.it\/home_desk\/wp-json\/wp\/v2\/posts"}],"about":[{"href":"https:\/\/imagazine.it\/home_desk\/wp-json\/wp\/v2\/types\/post"}],"author":[{"embeddable":true,"href":"https:\/\/imagazine.it\/home_desk\/wp-json\/wp\/v2\/users\/28"}],"replies":[{"embeddable":true,"href":"https:\/\/imagazine.it\/home_desk\/wp-json\/wp\/v2\/comments?post=40660"}],"version-history":[{"count":0,"href":"https:\/\/imagazine.it\/home_desk\/wp-json\/wp\/v2\/posts\/40660\/revisions"}],"wp:featuredmedia":[{"embeddable":true,"href":"https:\/\/imagazine.it\/home_desk\/wp-json\/wp\/v2\/media\/40661"}],"wp:attachment":[{"href":"https:\/\/imagazine.it\/home_desk\/wp-json\/wp\/v2\/media?parent=40660"}],"wp:term":[{"taxonomy":"category","embeddable":true,"href":"https:\/\/imagazine.it\/home_desk\/wp-json\/wp\/v2\/categories?post=40660"},{"taxonomy":"post_tag","embeddable":true,"href":"https:\/\/imagazine.it\/home_desk\/wp-json\/wp\/v2\/tags?post=40660"}],"curies":[{"name":"wp","href":"https:\/\/api.w.org\/{rel}","templated":true}]}}