{"id":40656,"date":"2021-10-22T00:00:00","date_gmt":"2021-10-21T23:00:00","guid":{"rendered":"https:\/\/imagazine.it\/?p=40656"},"modified":"2021-10-22T00:00:00","modified_gmt":"2021-10-21T23:00:00","slug":"vaccino-covid-al-via-terza-dose-per-over-60","status":"publish","type":"post","link":"https:\/\/imagazine.it\/home_desk\/vaccino-covid-al-via-terza-dose-per-over-60\/","title":{"rendered":"Vaccino Covid, al via terza dose per over 60"},"content":{"rendered":"<p> \tDa oggi sono aperte le prenotazioni per la terza dose &#8220;booster&#8221; della vaccinazione anti Covid per soggetti con condizione di fragilit\u00e0 e over 60.<\/p>\n<p> \tLe prenotazioni possono essere effettuate mediante tutti i canali in uso, call center, Cup, farmacie e Webapp. A prescindere dal vaccino utilizzato per il ciclo primario (Comirnaty, Spikevax, Vaxzevria, Janssen), considerate le indicazioni fornite da EMA e AIFA, fino a nuove indicazioni sar\u00e0 possibile utilizzare come dose &#8220;booster&#8221; solo il vaccino Comirnaty di BioNTech\/Pfizer.<\/p>\n<p> \tLo comunica il vicegovernatore con delega alla Salute <strong>Riccardo Riccardi<\/strong>, precisando che possono prenotare il richiamo, purch\u00e9 abbiano completato il ciclo vaccinale primario da almeno 6 mesi, i cittadini nati nel 1961 e in precedenza; le persone con elevata fragilit\u00e0 motivata da patologie concomitanti\/preesistenti di et\u00e0 uguale o maggiore di 18 anni.<\/p>\n<p> \tLe patologie previste sono: malattie respiratorie che necessitino di ossigenoterapia e fibrosi polmonare idiopatica; scompenso cardiaco in classe avanzata (III-IV NYHA) e pazienti post shock cardiogeno; sclerosi laterale amiotrofica e altre malattie del motoneurone, sclerosi multipla, distrofia muscolare, paralisi cerebrali infantili, miastenia gravis, patologie neurologiche disimmuni; soggetti con diabete di tipo 1, soggetti con diabete di tipo 2 che necessitano di almeno 2 farmaci per il diabete o che hanno sviluppato complicanze; morbo di Addison; panipopituitarismo; fibrosi cistica; cirrosi epatica; pazienti con pregresso evento ischemico-emorragico cerebrale che abbia compromesso l&#39;autonomia neurologica e cognitiva; persone che hanno subito uno &#8220;stroke&#8221; nel 2020 &#8211; 2021 o prima del 2020 con un ranking maggiore o uguale a 3; talassemia major; anemia a cellule falciformi; altre anemie gravi; persone con sindrome di Down; persone con BMI maggiore di 35; persone disabili gravi ai sensi della legge 104\/1992 art. 3 comma 3.<\/p>\n<p> \tLa somministrazione del booster \u00e8 indicata per i cittadini che non siano gi\u00e0 inclusi nelle categorie con immunodepressione primitiva o secondaria, per i quali \u00e8 stata gi\u00e0 avviata in via prioritaria la somministrazione di una dose addizionale.<\/p>\n","protected":false},"excerpt":{"rendered":"<p>Aperte le prenotazioni<\/p>\n","protected":false},"author":28,"featured_media":40657,"comment_status":"closed","ping_status":"closed","sticky":false,"template":"","format":"standard","meta":{"dwc-title":[],"dwc-content":[],"footnotes":""},"categories":[5],"tags":[],"class_list":["post-40656","post","type-post","status-publish","format-standard","has-post-thumbnail","hentry","category-attualita"],"rttpg_featured_image_url":{"full":["https:\/\/imagazine.it\/wp-content\/uploads\/2024\/01\/43902-1.webp",1000,753,false],"landscape":["https:\/\/imagazine.it\/wp-content\/uploads\/2024\/01\/43902-1.webp",1000,753,false],"portraits":["https:\/\/imagazine.it\/wp-content\/uploads\/2024\/01\/43902-1.webp",1000,753,false],"thumbnail":["https:\/\/imagazine.it\/wp-content\/uploads\/2024\/01\/43902-1-150x150.webp",150,150,true],"medium":["https:\/\/imagazine.it\/wp-content\/uploads\/2024\/01\/43902-1-300x226.webp",300,226,true],"large":["https:\/\/imagazine.it\/wp-content\/uploads\/2024\/01\/43902-1.webp",640,482,false],"thumblist":["https:\/\/imagazine.it\/wp-content\/uploads\/2024\/01\/43902-1.webp",300,226,false],"thumbrelated":["https:\/\/imagazine.it\/wp-content\/uploads\/2024\/01\/43902-1.webp",500,377,false],"meccarouselthumb":["https:\/\/imagazine.it\/wp-content\/uploads\/2024\/01\/43902-1.webp",430,324,false],"gridsquare":["https:\/\/imagazine.it\/wp-content\/uploads\/2024\/01\/43902-1.webp",345,260,false],"tileview":["https:\/\/imagazine.it\/wp-content\/uploads\/2024\/01\/43902-1.webp",300,226,false],"1536x1536":["https:\/\/imagazine.it\/wp-content\/uploads\/2024\/01\/43902-1.webp",1000,753,false],"2048x2048":["https:\/\/imagazine.it\/wp-content\/uploads\/2024\/01\/43902-1.webp",1000,753,false],"newsup-slider-full":["https:\/\/imagazine.it\/wp-content\/uploads\/2024\/01\/43902-1-1000x720.webp",1000,720,true],"newsup-featured":["https:\/\/imagazine.it\/wp-content\/uploads\/2024\/01\/43902-1.webp",1000,753,false],"newsup-medium":["https:\/\/imagazine.it\/wp-content\/uploads\/2024\/01\/43902-1-720x380.webp",720,380,true],"tptn_thumbnail":["https:\/\/imagazine.it\/wp-content\/uploads\/2024\/01\/43902-1.webp",250,188,false],"sow-carousel-default":["https:\/\/imagazine.it\/wp-content\/uploads\/2024\/01\/43902-1-272x182.webp",272,182,true]},"rttpg_author":{"display_name":"redazione","author_link":"https:\/\/imagazine.it\/home_desk\/author\/redazione\/"},"rttpg_comment":0,"rttpg_category":"<a href=\"https:\/\/imagazine.it\/home_desk\/category\/attualita\/\" rel=\"category tag\">ATTUALIT\u00c0<\/a>","rttpg_excerpt":"Aperte le prenotazioni","_links":{"self":[{"href":"https:\/\/imagazine.it\/home_desk\/wp-json\/wp\/v2\/posts\/40656","targetHints":{"allow":["GET"]}}],"collection":[{"href":"https:\/\/imagazine.it\/home_desk\/wp-json\/wp\/v2\/posts"}],"about":[{"href":"https:\/\/imagazine.it\/home_desk\/wp-json\/wp\/v2\/types\/post"}],"author":[{"embeddable":true,"href":"https:\/\/imagazine.it\/home_desk\/wp-json\/wp\/v2\/users\/28"}],"replies":[{"embeddable":true,"href":"https:\/\/imagazine.it\/home_desk\/wp-json\/wp\/v2\/comments?post=40656"}],"version-history":[{"count":0,"href":"https:\/\/imagazine.it\/home_desk\/wp-json\/wp\/v2\/posts\/40656\/revisions"}],"wp:featuredmedia":[{"embeddable":true,"href":"https:\/\/imagazine.it\/home_desk\/wp-json\/wp\/v2\/media\/40657"}],"wp:attachment":[{"href":"https:\/\/imagazine.it\/home_desk\/wp-json\/wp\/v2\/media?parent=40656"}],"wp:term":[{"taxonomy":"category","embeddable":true,"href":"https:\/\/imagazine.it\/home_desk\/wp-json\/wp\/v2\/categories?post=40656"},{"taxonomy":"post_tag","embeddable":true,"href":"https:\/\/imagazine.it\/home_desk\/wp-json\/wp\/v2\/tags?post=40656"}],"curies":[{"name":"wp","href":"https:\/\/api.w.org\/{rel}","templated":true}]}}