{"id":40652,"date":"2021-10-22T00:00:00","date_gmt":"2021-10-21T23:00:00","guid":{"rendered":"https:\/\/imagazine.it\/?p=40652"},"modified":"2021-10-22T00:00:00","modified_gmt":"2021-10-21T23:00:00","slug":"cividale-scavi-archeologici-al-tempietto-longobardo","status":"publish","type":"post","link":"https:\/\/imagazine.it\/home_desk\/cividale-scavi-archeologici-al-tempietto-longobardo\/","title":{"rendered":"Cividale, scavi archeologici al Tempietto Longobardo"},"content":{"rendered":"<p> \tDa luned\u00ec 25 ottobre il <strong>Tempietto Longobardo di Cividale del Friuli<\/strong> potr\u00e0 essere ammirato solo dal primo piano del Monastero di Santa Maria in Valle. Per qualche mese la visuale del celeberrimo oratorio sar\u00e0 alla stessa altezza delle famose sante in stucco.<\/p>\n<p> \t\u201cL&#39;interno del Tempietto \u2013 spiega<strong> Angela Zappulla<\/strong>, del Comune di Cividale \u2013 \u00e8 coinvolto da una eccezionale campagna di scavi archeologici che finora ha toccato solo l&#39;aula del Tempietto e che nei prossimi giorni si estender\u00e0 anche al presbiterio. Il disagio di non poter entrare per un po&#39; nel Tempietto &#8220;dal basso&#8221;, \u00e8 per\u00f2 accettabile se pensiamo all&#39;importanza di questi interventi della Soprintendenza che permetteranno di scoprire ancora qualcosa di nuovo sul nostro bene Unesco. Siamo certi, quindi, che i visitatori sapranno cogliere questa novit\u00e0 con curiosit\u00e0 e comprensione\u201d.<\/p>\n<p> \tIl percorso al primo piano del Monastero permette di osservare anche alcuni allestimenti etnografici legati alla vita delle suore e delle allieve che vi studiavano, nonch\u00e9 di entrare nel coro della Chiesa di San Giovanni e nell&#39;ala delle celle dove \u00e8 tuttora esposta la mostra &#8220;<em>La Via Dolorosa<\/em>&#8221; di <strong>Alessandro Romano<\/strong>.<\/p>\n<p> \tNella visuale dall&#39;alto sar\u00e0 possibile vedere anche gli scavi in corso.<\/p>\n<p> \t\u201cPer i turisti che visiteranno il Monastero in questo periodo e fino al termine dei lavori in Tempietto \u2013 continua la consigliera Zappulla \u2013 l&#39;Amministrazione comunale ha deciso di offrire l&#39;accesso gratuito al vicino C.I.P.S. Centro Internazionale Podrecca Signorelli e la riduzione sul biglietto di ingresso alla Collezione famiglia De Martiis allestita presso Palazzo de Nordis\u201d.<\/p>\n<p> \tPer ulteriori informazioni: Informacitt\u00e0 0432710460<\/p>\n","protected":false},"excerpt":{"rendered":"<p>Al via il 25 ottobre<\/p>\n","protected":false},"author":28,"featured_media":40653,"comment_status":"closed","ping_status":"closed","sticky":false,"template":"","format":"standard","meta":{"dwc-title":[],"dwc-content":[],"footnotes":""},"categories":[5],"tags":[],"class_list":["post-40652","post","type-post","status-publish","format-standard","has-post-thumbnail","hentry","category-attualita"],"rttpg_featured_image_url":{"full":["https:\/\/imagazine.it\/wp-content\/uploads\/2024\/01\/43894-1.webp",1000,706,false],"landscape":["https:\/\/imagazine.it\/wp-content\/uploads\/2024\/01\/43894-1.webp",1000,706,false],"portraits":["https:\/\/imagazine.it\/wp-content\/uploads\/2024\/01\/43894-1.webp",1000,706,false],"thumbnail":["https:\/\/imagazine.it\/wp-content\/uploads\/2024\/01\/43894-1-150x150.webp",150,150,true],"medium":["https:\/\/imagazine.it\/wp-content\/uploads\/2024\/01\/43894-1-300x212.webp",300,212,true],"large":["https:\/\/imagazine.it\/wp-content\/uploads\/2024\/01\/43894-1.webp",640,452,false],"thumblist":["https:\/\/imagazine.it\/wp-content\/uploads\/2024\/01\/43894-1.webp",300,212,false],"thumbrelated":["https:\/\/imagazine.it\/wp-content\/uploads\/2024\/01\/43894-1.webp",500,353,false],"meccarouselthumb":["https:\/\/imagazine.it\/wp-content\/uploads\/2024\/01\/43894-1.webp",459,324,false],"gridsquare":["https:\/\/imagazine.it\/wp-content\/uploads\/2024\/01\/43894-1.webp",368,260,false],"tileview":["https:\/\/imagazine.it\/wp-content\/uploads\/2024\/01\/43894-1.webp",300,212,false],"1536x1536":["https:\/\/imagazine.it\/wp-content\/uploads\/2024\/01\/43894-1.webp",1000,706,false],"2048x2048":["https:\/\/imagazine.it\/wp-content\/uploads\/2024\/01\/43894-1.webp",1000,706,false],"newsup-slider-full":["https:\/\/imagazine.it\/wp-content\/uploads\/2024\/01\/43894-1.webp",1000,706,false],"newsup-featured":["https:\/\/imagazine.it\/wp-content\/uploads\/2024\/01\/43894-1.webp",1000,706,false],"newsup-medium":["https:\/\/imagazine.it\/wp-content\/uploads\/2024\/01\/43894-1-720x380.webp",720,380,true],"tptn_thumbnail":["https:\/\/imagazine.it\/wp-content\/uploads\/2024\/01\/43894-1.webp",250,177,false],"sow-carousel-default":["https:\/\/imagazine.it\/wp-content\/uploads\/2024\/01\/43894-1-272x182.webp",272,182,true]},"rttpg_author":{"display_name":"redazione","author_link":"https:\/\/imagazine.it\/home_desk\/author\/redazione\/"},"rttpg_comment":0,"rttpg_category":"<a href=\"https:\/\/imagazine.it\/home_desk\/category\/attualita\/\" rel=\"category tag\">ATTUALIT\u00c0<\/a>","rttpg_excerpt":"Al via il 25 ottobre","_links":{"self":[{"href":"https:\/\/imagazine.it\/home_desk\/wp-json\/wp\/v2\/posts\/40652","targetHints":{"allow":["GET"]}}],"collection":[{"href":"https:\/\/imagazine.it\/home_desk\/wp-json\/wp\/v2\/posts"}],"about":[{"href":"https:\/\/imagazine.it\/home_desk\/wp-json\/wp\/v2\/types\/post"}],"author":[{"embeddable":true,"href":"https:\/\/imagazine.it\/home_desk\/wp-json\/wp\/v2\/users\/28"}],"replies":[{"embeddable":true,"href":"https:\/\/imagazine.it\/home_desk\/wp-json\/wp\/v2\/comments?post=40652"}],"version-history":[{"count":0,"href":"https:\/\/imagazine.it\/home_desk\/wp-json\/wp\/v2\/posts\/40652\/revisions"}],"wp:featuredmedia":[{"embeddable":true,"href":"https:\/\/imagazine.it\/home_desk\/wp-json\/wp\/v2\/media\/40653"}],"wp:attachment":[{"href":"https:\/\/imagazine.it\/home_desk\/wp-json\/wp\/v2\/media?parent=40652"}],"wp:term":[{"taxonomy":"category","embeddable":true,"href":"https:\/\/imagazine.it\/home_desk\/wp-json\/wp\/v2\/categories?post=40652"},{"taxonomy":"post_tag","embeddable":true,"href":"https:\/\/imagazine.it\/home_desk\/wp-json\/wp\/v2\/tags?post=40652"}],"curies":[{"name":"wp","href":"https:\/\/api.w.org\/{rel}","templated":true}]}}