{"id":40628,"date":"2021-10-20T00:00:00","date_gmt":"2021-10-19T23:00:00","guid":{"rendered":"https:\/\/imagazine.it\/?p=40628"},"modified":"2021-10-20T00:00:00","modified_gmt":"2021-10-19T23:00:00","slug":"covid-casi-in-aumento-in-fvg-per-diffusione-del-virus-a-trieste","status":"publish","type":"post","link":"https:\/\/imagazine.it\/home_desk\/covid-casi-in-aumento-in-fvg-per-diffusione-del-virus-a-trieste\/","title":{"rendered":"Covid, casi in aumento in Fvg per diffusione del virus a Trieste"},"content":{"rendered":"<p> \t&#8220;La crescita dell&#39;incidenza del Covid-19 nelle ultime settimane in Friuli Venezia Giulia \u00e8 collegata in prevalenza all&#39;aumento dei casi registrato a Trieste dovuto sia alla pi\u00f9 bassa percentuale di vaccinati rispetto alla media regionale che all&#39;et\u00e0 mediamente pi\u00f9 avanzata della popolazione e alla numerosit\u00e0 degli ospiti delle case di riposo e alla popolazione scolastica. Gli anziani sono stati i primi a essere sottoposti a vaccino ma \u00e8 noto che la loro risposta immunitaria tende ad affievolirsi nel tempo: un fatto dimostrato dalla ripresa nelle strutture residenziali di alcuni focolai fortunatamente di bassa gravit\u00e0 clinica&#8221;.<\/p>\n<p> \tLo ha affermato questa mattina in Consiglio regionale il vice governatore con delega alla Salute, <strong>Riccardo Riccardi<\/strong>, rispondendo a una apposita interrogazione.<\/p>\n<p> \t&#8220;Ai cittadini anziani &#8211; ha aggiunto Riccardi &#8211; stiamo gi\u00e0 mettendo a disposizione la terza dose proprio per evitare una recrudescenza dell&#39;epidemia. Al momento la situazione dei ricoveri, delle persone trattate a domicilio e dei tracciamenti \u00e8 sotto controllo e non si rilevano importanti criticit\u00e0 assistenziali. Unica eccezione &#8211; ha spiegato il vice governatore &#8211; la difficolt\u00e0, presente su scala regionale e nazionale, di reperire personale infermieristico per effettuare i tamponi 7 giorni su 7 come previsto dalle attuali disposizioni&#8221;.<\/p>\n<p> \t&#8220;I territori di Trieste e Gorizia sono entrati adesso in una fase caratterizzata dall&#39;aumento dei casi &#8211; ha sottolineato Riccardi -. Questo ha portato a un potenziamento da parte di Asugi (Azienda sanitaria universitaria giuliano isontina) delle attivit\u00e0 di <em>contact tracing<\/em> e della sorveglianza in modo da rendere prioritario il contenimento della diffusione del virus&#8221;.<\/p>\n<p> \t&#8220;Nel dettaglio &#8211; ha aggiunto il vicegovernatore &#8211; la crescita dei casi a Gorizia \u00e8 paragonabile a quella gi\u00e0 registrata ad agosto, mentre se guardiamo Trieste la crescita \u00e8 simile a quella del mese di ottobre dell&#39;anno scorso, per cui \u00e8 atteso un aumento molto pi\u00f9 alto per quest&#39;ultimo territorio. Qui, in questo momento, i principali focolai vengono registrati in scuole primarie e pertanto sono aumentate le attivit\u00e0 di controllo mediante esecuzione di tamponi&#8221;.<\/p>\n<p> \tNel corso del suo intervento il vicegovernatore Riccardi ha ricordato che il Dipartimento di prevenzione sta continuando ad assicurare l&#39;esecuzione dei tamponi nella sede isontina e in quella giuliana dal luned\u00ec al sabato. &#8220;A questo &#8211; ha concluso Riccardi &#8211; si aggiunge la costante attivit\u00e0 di screening rivolta alle comunit\u00e0 residenziali per anziani e disabili, alle scuole e ai soggetti migranti che sono stati ben 400 nel solo mese di ottobre. Inoltre a chi rientra dai Paesi esteri viene garantita la sorveglianza e l&#39;esecuzione dei tamponi a fine quarantena&#8221;.<\/p>\n","protected":false},"excerpt":{"rendered":"<p>La segnalazione del vicegovernatore Riccardi<\/p>\n","protected":false},"author":28,"featured_media":40629,"comment_status":"closed","ping_status":"closed","sticky":false,"template":"","format":"standard","meta":{"dwc-title":[],"dwc-content":[],"footnotes":""},"categories":[5],"tags":[],"class_list":["post-40628","post","type-post","status-publish","format-standard","has-post-thumbnail","hentry","category-attualita"],"rttpg_featured_image_url":{"full":["https:\/\/imagazine.it\/wp-content\/uploads\/2024\/01\/43850-1.webp",1000,669,false],"landscape":["https:\/\/imagazine.it\/wp-content\/uploads\/2024\/01\/43850-1.webp",1000,669,false],"portraits":["https:\/\/imagazine.it\/wp-content\/uploads\/2024\/01\/43850-1.webp",1000,669,false],"thumbnail":["https:\/\/imagazine.it\/wp-content\/uploads\/2024\/01\/43850-1-150x150.webp",150,150,true],"medium":["https:\/\/imagazine.it\/wp-content\/uploads\/2024\/01\/43850-1-300x201.webp",300,201,true],"large":["https:\/\/imagazine.it\/wp-content\/uploads\/2024\/01\/43850-1.webp",640,428,false],"thumblist":["https:\/\/imagazine.it\/wp-content\/uploads\/2024\/01\/43850-1.webp",300,201,false],"thumbrelated":["https:\/\/imagazine.it\/wp-content\/uploads\/2024\/01\/43850-1.webp",500,335,false],"meccarouselthumb":["https:\/\/imagazine.it\/wp-content\/uploads\/2024\/01\/43850-1.webp",474,317,false],"gridsquare":["https:\/\/imagazine.it\/wp-content\/uploads\/2024\/01\/43850-1.webp",389,260,false],"tileview":["https:\/\/imagazine.it\/wp-content\/uploads\/2024\/01\/43850-1.webp",300,201,false],"1536x1536":["https:\/\/imagazine.it\/wp-content\/uploads\/2024\/01\/43850-1.webp",1000,669,false],"2048x2048":["https:\/\/imagazine.it\/wp-content\/uploads\/2024\/01\/43850-1.webp",1000,669,false],"newsup-slider-full":["https:\/\/imagazine.it\/wp-content\/uploads\/2024\/01\/43850-1.webp",1000,669,false],"newsup-featured":["https:\/\/imagazine.it\/wp-content\/uploads\/2024\/01\/43850-1.webp",1000,669,false],"newsup-medium":["https:\/\/imagazine.it\/wp-content\/uploads\/2024\/01\/43850-1-720x380.webp",720,380,true],"tptn_thumbnail":["https:\/\/imagazine.it\/wp-content\/uploads\/2024\/01\/43850-1.webp",250,167,false],"sow-carousel-default":["https:\/\/imagazine.it\/wp-content\/uploads\/2024\/01\/43850-1-272x182.webp",272,182,true]},"rttpg_author":{"display_name":"redazione","author_link":"https:\/\/imagazine.it\/home_desk\/author\/redazione\/"},"rttpg_comment":0,"rttpg_category":"<a href=\"https:\/\/imagazine.it\/home_desk\/category\/attualita\/\" rel=\"category tag\">ATTUALIT\u00c0<\/a>","rttpg_excerpt":"La segnalazione del vicegovernatore Riccardi","_links":{"self":[{"href":"https:\/\/imagazine.it\/home_desk\/wp-json\/wp\/v2\/posts\/40628","targetHints":{"allow":["GET"]}}],"collection":[{"href":"https:\/\/imagazine.it\/home_desk\/wp-json\/wp\/v2\/posts"}],"about":[{"href":"https:\/\/imagazine.it\/home_desk\/wp-json\/wp\/v2\/types\/post"}],"author":[{"embeddable":true,"href":"https:\/\/imagazine.it\/home_desk\/wp-json\/wp\/v2\/users\/28"}],"replies":[{"embeddable":true,"href":"https:\/\/imagazine.it\/home_desk\/wp-json\/wp\/v2\/comments?post=40628"}],"version-history":[{"count":0,"href":"https:\/\/imagazine.it\/home_desk\/wp-json\/wp\/v2\/posts\/40628\/revisions"}],"wp:featuredmedia":[{"embeddable":true,"href":"https:\/\/imagazine.it\/home_desk\/wp-json\/wp\/v2\/media\/40629"}],"wp:attachment":[{"href":"https:\/\/imagazine.it\/home_desk\/wp-json\/wp\/v2\/media?parent=40628"}],"wp:term":[{"taxonomy":"category","embeddable":true,"href":"https:\/\/imagazine.it\/home_desk\/wp-json\/wp\/v2\/categories?post=40628"},{"taxonomy":"post_tag","embeddable":true,"href":"https:\/\/imagazine.it\/home_desk\/wp-json\/wp\/v2\/tags?post=40628"}],"curies":[{"name":"wp","href":"https:\/\/api.w.org\/{rel}","templated":true}]}}