{"id":40616,"date":"2021-10-19T00:00:00","date_gmt":"2021-10-18T23:00:00","guid":{"rendered":"https:\/\/imagazine.it\/?p=40616"},"modified":"2021-10-19T00:00:00","modified_gmt":"2021-10-18T23:00:00","slug":"torna-a-rivignano-il-festival-mondiale-della-canzone-funebre","status":"publish","type":"post","link":"https:\/\/imagazine.it\/home_desk\/torna-a-rivignano-il-festival-mondiale-della-canzone-funebre\/","title":{"rendered":"Torna a Rivignano il Festival Mondiale della Canzone Funebre"},"content":{"rendered":"<p> \tDopo un anno di assenza a causa della pandemia, tornano a <strong>Rivignano Teor<\/strong> la <strong>Fiera dei Santi e dei Morti<\/strong> e il <strong>Festival Mondiale della Canzone Funebre<\/strong> dal 30 ottobre al 2 novembre.<\/p>\n<p> \tLa Fiera quest\u2019anno avr\u00e0 un format del tutto nuovo e per quattro giorni ogni evento si ripeter\u00e0 alla stessa ora, nello stesso luogo, e allo stesso modo, come per effetto di un bizzarro sortilegio.<\/p>\n<p> \tIl Festival Mondiale della Canzone Funebre \u00e8 organizzato dal comune di Rivignano Teor, dall\u2019associazione Musicisti delle Tre Venezie, e presentato da <strong>Rocco Burtone<\/strong>, che ne \u00e8 anche l\u2019ideatore insieme a <strong>Enrico Tonazzi<\/strong>.<\/p>\n<p> \tUna manifestazione che da semplice goliardico ritrovo improvvisato \u00e8 diventata oggi una gara canora a carattere nazionale, in cui gli artisti presentano i loro inediti, affrontando il tema funebre in modo originale e talvolta provocatorio: scongiurano, onorano e ironizzano sulla morte, per esorcizzare la paura del trapasso.\u00a0<\/p>\n<p> \tDal 30 ottobre al primo novembre quindi, sul palco allestito in piazza a Rivignano, si sfideranno nove artisti, tre per ogni serata, che per 15 minuti daranno prova delle loro abilit\u00e0 canore e presenteranno 3 brani, di cui uno rigorosamente a tema funebre.<\/p>\n<p> \tI tre finalisti si esibiranno nella serata del 2 novembre, quando una giuria popolare composta da spettatori scelti casualmente tra il pubblico decreter\u00e0 il vincitore che si aggiudicher\u00e0 un\u2019opera d\u2019arte realizzata dallo scultore <strong>Piero de Martin<\/strong>.<\/p>\n<p> \t\u00a0<\/p>\n<p> \t<strong>Gli artisti in gara per l\u2019edizione 2021: <\/strong><br \/> \tSabato 30 ottobre: Maurizio Perosa Band, All in duo, Red Code\u00a0<br \/> \tDomenica 31 ottobre: Franz Merkalli &#038; TelluriKa, All\u2019ultimo momento, Soul Orchestra\u00a0<br \/> \tLuned\u00ec 1 novembre: Gilbend, Bratiska Trio, Rocco Rosignoli\u00a0<\/p>\n<p> \t\u00a0<\/p>\n<p> \t<strong>L\u2019anteprima itinerante del Festival Mondiale della Canzone Funebre<\/strong><\/p>\n<p> \tAnteprima itinerante, quest\u2019anno, per il Festival Mondiale della Canzone Funebre che porter\u00e0 la sua originale ironia <em>noir<\/em> nei vicini paesi di Flaibano, Precenicco, Castions di Strada e Bertiolo.<\/p>\n<p> \t\u00a0<\/p>\n<p> \tGioved\u00ec 21 ottobre a Flaibano &#8211; Centro Sociale via Garibaldi<\/p>\n<p> \t<strong>Rosarubra:<\/strong> un progetto cantautorale che regala uno sguardo mai allineato con il presente, con una particolare predilezione ai temi del cuore, ancorati alla tradizione musicale italiana. Voci, corde, archi e percussioni disegnano canzoni che scrutano con curiosit\u00e0 e un pizzico di incanto fuori e dentro di noi.<\/p>\n<p> \tPaolo Di Lullo: voce, chitarra &#8211; Andrea Bitai: voce, violoncello, baglama &#8211; Roberto Lugli: percussioni<\/p>\n<p> \t\u00a0<\/p>\n<p> \tSabato 23 ottobre a Precenicco \u2013 Auditorium Comunale<\/p>\n<p> \t<strong>Noi Duri Swing: <\/strong>un quartetto swing\/jazz udinese fondato nel 2017, i cui attuali componenti sono Marco Feruglio (voce e sax), Mauro Rocchi (pianoforte e cori), Giacomo Carpineti (batteria e cori) e Paolo Morettin (contrabbasso). Il quartetto propone le canzoni della tradizione swing italiana del duo torinese Buscaglione\/Chiosso e prova a rievocare le atmosfere dei film <em>noir<\/em> degli anni &#39;40 e &#39;50. Alla scaletta si aggiungono alcuni <em>standard jazz<\/em> e brani internazionali, sempre appartenenti allo <em>spaghetti swing<\/em>, come ad esempio <em>Buonasera Signorina<\/em> e <em>Just a Gigol\u00f2<\/em>.<\/p>\n<p> \t\u00a0<\/p>\n<p> \tLuned\u00ec 25 ottobre a Castions di Strada \u2013 Sala San Carlo via Roma<\/p>\n<p> \t<strong>Yerba Project: <\/strong>il modo migliore per conoscere ed amare le musiche della tradizione musicale e d\u2019autore iberoamericana (chacarera, milonga, cueca, zamba). Yerba Project diffonde l\u2019entusiasmo per la vita e la solare visione del mondo che emergono con leggerezza dai testi e dalle suggestive melodie dell\u2019America Latina di lingua spagnola. Le canzoni proposte nascono dall\u2019immaginazione dei pi\u00f9 grandi autori d\u2019oltreoceano, Atahualpa Yupanqui, Ariel Ram\u00edrez, F\u00e9lix Luna, Pablo Milan\u00e9s, Violeta Parra, Silvio Rodr\u00edguez, Sim\u00f2n Diaz.<\/p>\n<p> \tI componenti del gruppo Yerba Project sono: Eleonora Sensidoni (voce) &#8211; Fredy Cappellini (chitarre) &#8211; Mat\u00edas Merlo (chitarra e pianoforte) &#8211; Mariano Pino (basso) &#8211; Peter Diaz (percussioni).<\/p>\n<p> \t\u00a0<\/p>\n<p> \tMercoled\u00ec 27 ottobre a Bertiolo \u2013 Auditorium Comunale<\/p>\n<p> \t<strong>Barbara Errico &#038; The Short Sleepers Blues Band: <\/strong>Barbara Errico (voce), Andrea Castiglione\u00a0(chitarra), Carlo De Bernardo\u00a0(basso), Jack Iacuzzo\u00a0(batteria\/percussioni). Nel 1988, Barbara Errico viene riconosciuta tra i migliori talenti nel <em>Referendum Top Jazz<\/em> della Rivista \u201cMusica Jazz\u201d. Nel 2010 \u00e8 tra le 10 migliori cantanti jazz italiane nella rassegna <em>\u201cJazz IT Awards 2010\u201d<\/em> promossa dalla rivista \u201cJAZZ IT\u201d e nel 2011 vince <em>l\u2019Italian Jazz Awards.<\/em> Insieme a The Short Sleepers Blues Band esegue in chiave acustica alcuni dei brani classici della musica blues, che spaziano dal blues del Delta al Blues di Chicago, interpretando brani dei grandi miti come: BB KING, Eric Clapton, Albert King, Etta James, Nina Simone, Koko Taylor, Beth Hart, Billie Holiday, Cassandra Wilson\u00a0e molti altri.<\/p>\n","protected":false},"excerpt":{"rendered":"<p>Dal 30 ottobre al 2 novembre<\/p>\n","protected":false},"author":28,"featured_media":40617,"comment_status":"closed","ping_status":"closed","sticky":false,"template":"","format":"standard","meta":{"dwc-title":[],"dwc-content":[],"footnotes":""},"categories":[37],"tags":[],"class_list":["post-40616","post","type-post","status-publish","format-standard","has-post-thumbnail","hentry","category-cultura-e-spettacolo"],"rttpg_featured_image_url":{"full":["https:\/\/imagazine.it\/wp-content\/uploads\/2024\/01\/43792-1.webp",960,638,false],"landscape":["https:\/\/imagazine.it\/wp-content\/uploads\/2024\/01\/43792-1.webp",960,638,false],"portraits":["https:\/\/imagazine.it\/wp-content\/uploads\/2024\/01\/43792-1.webp",960,638,false],"thumbnail":["https:\/\/imagazine.it\/wp-content\/uploads\/2024\/01\/43792-1-150x150.webp",150,150,true],"medium":["https:\/\/imagazine.it\/wp-content\/uploads\/2024\/01\/43792-1-300x199.webp",300,199,true],"large":["https:\/\/imagazine.it\/wp-content\/uploads\/2024\/01\/43792-1.webp",640,425,false],"thumblist":["https:\/\/imagazine.it\/wp-content\/uploads\/2024\/01\/43792-1.webp",300,199,false],"thumbrelated":["https:\/\/imagazine.it\/wp-content\/uploads\/2024\/01\/43792-1.webp",500,332,false],"meccarouselthumb":["https:\/\/imagazine.it\/wp-content\/uploads\/2024\/01\/43792-1.webp",474,315,false],"gridsquare":["https:\/\/imagazine.it\/wp-content\/uploads\/2024\/01\/43792-1.webp",391,260,false],"tileview":["https:\/\/imagazine.it\/wp-content\/uploads\/2024\/01\/43792-1.webp",300,199,false],"1536x1536":["https:\/\/imagazine.it\/wp-content\/uploads\/2024\/01\/43792-1.webp",960,638,false],"2048x2048":["https:\/\/imagazine.it\/wp-content\/uploads\/2024\/01\/43792-1.webp",960,638,false],"newsup-slider-full":["https:\/\/imagazine.it\/wp-content\/uploads\/2024\/01\/43792-1.webp",960,638,false],"newsup-featured":["https:\/\/imagazine.it\/wp-content\/uploads\/2024\/01\/43792-1.webp",960,638,false],"newsup-medium":["https:\/\/imagazine.it\/wp-content\/uploads\/2024\/01\/43792-1-720x380.webp",720,380,true],"tptn_thumbnail":["https:\/\/imagazine.it\/wp-content\/uploads\/2024\/01\/43792-1.webp",250,166,false],"sow-carousel-default":["https:\/\/imagazine.it\/wp-content\/uploads\/2024\/01\/43792-1-272x182.webp",272,182,true]},"rttpg_author":{"display_name":"redazione","author_link":"https:\/\/imagazine.it\/home_desk\/author\/redazione\/"},"rttpg_comment":0,"rttpg_category":"<a href=\"https:\/\/imagazine.it\/home_desk\/category\/cultura-e-spettacolo\/\" rel=\"category tag\">CULTURA&amp;SPETTACOLO<\/a>","rttpg_excerpt":"Dal 30 ottobre al 2 novembre","_links":{"self":[{"href":"https:\/\/imagazine.it\/home_desk\/wp-json\/wp\/v2\/posts\/40616","targetHints":{"allow":["GET"]}}],"collection":[{"href":"https:\/\/imagazine.it\/home_desk\/wp-json\/wp\/v2\/posts"}],"about":[{"href":"https:\/\/imagazine.it\/home_desk\/wp-json\/wp\/v2\/types\/post"}],"author":[{"embeddable":true,"href":"https:\/\/imagazine.it\/home_desk\/wp-json\/wp\/v2\/users\/28"}],"replies":[{"embeddable":true,"href":"https:\/\/imagazine.it\/home_desk\/wp-json\/wp\/v2\/comments?post=40616"}],"version-history":[{"count":0,"href":"https:\/\/imagazine.it\/home_desk\/wp-json\/wp\/v2\/posts\/40616\/revisions"}],"wp:featuredmedia":[{"embeddable":true,"href":"https:\/\/imagazine.it\/home_desk\/wp-json\/wp\/v2\/media\/40617"}],"wp:attachment":[{"href":"https:\/\/imagazine.it\/home_desk\/wp-json\/wp\/v2\/media?parent=40616"}],"wp:term":[{"taxonomy":"category","embeddable":true,"href":"https:\/\/imagazine.it\/home_desk\/wp-json\/wp\/v2\/categories?post=40616"},{"taxonomy":"post_tag","embeddable":true,"href":"https:\/\/imagazine.it\/home_desk\/wp-json\/wp\/v2\/tags?post=40616"}],"curies":[{"name":"wp","href":"https:\/\/api.w.org\/{rel}","templated":true}]}}