{"id":40613,"date":"2021-10-19T00:00:00","date_gmt":"2021-10-18T23:00:00","guid":{"rendered":"https:\/\/imagazine.it\/?p=40613"},"modified":"2021-10-19T00:00:00","modified_gmt":"2021-10-18T23:00:00","slug":"ronchi-una-giornata-per-ricordare-cristina-visintini","status":"publish","type":"post","link":"https:\/\/imagazine.it\/home_desk\/ronchi-una-giornata-per-ricordare-cristina-visintini\/","title":{"rendered":"Ronchi, una giornata per ricordare Cristina Visintini"},"content":{"rendered":"<p> \tL\u2019<strong>associazione culturale Leali delle Notizie<\/strong>, la <strong>Societ\u00e0 Filarmonica Giuseppe Verdi<\/strong> e il <strong>Comune di Ronchi dei Legionari<\/strong> organizzano per <strong>sabato 23 ottobre<\/strong> una giornata a <strong>Ronchi dei Legionari<\/strong> ricca di appuntamenti. L\u2019intento \u00e8 quello di <strong>ricordare Cristina Visintini<\/strong>, giornalista professionista e cittadina molto attiva nel campo associativo, scomparsa il 9 agosto di quest\u2019anno. <strong>Cristina<\/strong> \u00e8 rimasta <strong>nei cuori di molte persone<\/strong> e <strong>sabato<\/strong> sar\u00e0 una buona occasione per <strong>ricordarla<\/strong>, riunendo la <strong>comunit\u00e0 ronchese<\/strong>, le <strong>istituzioni e associazioni locali<\/strong> e gli <strong>amici <\/strong>e<strong> colleghi giornalisti<\/strong>.<\/p>\n<p> \t<strong>Cristina<\/strong> \u00e8 stata infatti per molti anni <strong>presidente della Societ\u00e0 Filarmonica Giuseppe Verdi<\/strong> e <strong>vicepresidente dell\u2019associazione Leali delle Notizie<\/strong>.<\/p>\n<p> \t\u00abEra <strong>l\u2019anima del Festival del Giornalismo<\/strong> &#8211; conferma una nota dell\u2019associazione &#8211; e pure l\u2019<strong>ultima edizione del Festival<\/strong> \u00e8 stata resa possibile grazie al suo amore per la professione giornalistica e alla sua dedizione per il mondo dell\u2019informazione. Cristina credeva molto nel valore della libert\u00e0 di stampa e di espressione. \u00c8 stata lei stessa infatti a decorare le quattro panchine bianche della libert\u00e0 di stampa con il tricolore italiano e la frase di Jacques Pr\u00e9vert \u201c<em>Quando la verit\u00e0 non \u00e8 libera, la verit\u00e0 non \u00e8 vera<\/em>\u201d\u00bb.<\/p>\n<p> \tLe sue panchine si trovano ora a <strong>Ronchi dei Legionari<\/strong>, a <strong>Torre Annunziata<\/strong>, a <strong>Roma <\/strong>e a <strong>San Daniele del Friuli<\/strong>. La <strong>frase di Pr\u00e9vert<\/strong> \u00e8 stata poi riportata anche nei <strong>braccialetti viola<\/strong>, <strong>colore preferito<\/strong> di <strong>Daphne Caruana Galizia<\/strong>, creati da <strong>Leali delle Notizie<\/strong> quest\u2019anno sempre assieme a <strong>Cristina<\/strong>. Un ulteriore iniziativa promossa dall\u2019<strong>associazione<\/strong> assieme alla sua <strong>vicepresidente<\/strong> proprio per continuare a <strong>lottare per la libert\u00e0 di stampa<\/strong> e per tutti quei <strong>giornalisti<\/strong> che, come <strong>Daphne<\/strong>, sono stati <strong>uccisi o minacciati<\/strong> perch\u00e9 hanno avuto il <strong>coraggio di raccontare le verit\u00e0 pi\u00f9 scomode<\/strong>.<\/p>\n<p> \t<strong>Leali delle Notizie<\/strong> ha dunque ritenuto opportuno, assieme alla <strong>Societ\u00e0 Filarmonica Giuseppe Verdi<\/strong> e al <strong>Comune di Ronchi<\/strong>, ricordare la figura di Cristina con una <strong>giornata sulla libert\u00e0 di stampa e di espressione<\/strong>. In questa occasione verr\u00e0 quindi <strong>dedicata una panchina proprio a Cristina<\/strong> e verr\u00e0 <strong>inaugurata sabato alle 11<\/strong> lungo il <strong>passaggio pedonale<\/strong> che <strong>da via Roma porta a Piazza della Concordia<\/strong>. La <strong>panchina<\/strong> \u00e8 stata <strong>donata<\/strong> dalle <strong>famiglie Campestrini e Grasso<\/strong>. Successivamente ci sar\u00e0 un <strong>piccolo concerto<\/strong> della <strong>banda della Societ\u00e0 Filarmonica Giuseppe Verdi<\/strong>.<\/p>\n<p> \tGli appuntamenti riprenderanno poi <strong>alle 16<\/strong> nella <strong>s<\/strong><strong>ala sottostante Maria Madre della Chiesa<\/strong> con <strong>letture sulla libert\u00e0 di stampa e di espressione<\/strong> a cura dell\u2019attore <strong>Giulio Morgan<\/strong>. Seguir\u00e0 poi il convegno \u201c<strong><em>Quando la verit\u00e0 non \u00e8 libera, la verit\u00e0 non \u00e8 vera <\/em>(J.Pr\u00e9vert). <em>La forza dell\u2019articolo 21 della Costituzione Italiana<\/em><\/strong>\u201d. Interverranno all\u2019incontro: <strong>Paola Colombo, <\/strong>presidente del Festival Vicino\/Lontano di Udine, <strong>Barbara Costamagna<\/strong>, giornalista di Radio Capodistria, <strong>Paola Dalle Molle<\/strong>, coordinatrice del Gruppo di Lavoro Pari Opportunit\u00e0 Consiglio Nazionale dell\u2019Ordine dei Giornalisti, <strong>Cristiano Degano<\/strong>, presidente dell\u2019Ordine dei Giornalisti del Friuli Venezia Giulia, <strong>Alessio Falconio<\/strong>, direttore di Radio Radicale, <strong>Giuseppe Giulietti<\/strong>, presidente della Federazione Nazionale della Stampa Italiana (FNSI), <strong>Stefano Lusa<\/strong>, giornalista di Radio Capodistria, <strong>Fabiana Martini<\/strong>, portavoce di Articolo 21 del Friuli Venezia Giulia, <strong>Paolo Mocchi<\/strong>, presidente dell\u2019Associazione Per La Costituzione A.P.S., <strong>Carlo Muscatello<\/strong>, presidente Assostampa del Friuli Venezia Giulia e <strong>Luisa Pozzar<\/strong>, componente della Giunta Nazionale dell\u2019Unione Cattolica Stampa Italiana (UCSI). L\u2019incontro sar\u00e0 introdotto e moderato da <strong>Silvia de Michielis<\/strong>, direttrice responsabile web de Il Friuli. La conferenza rientra tra i corsi riconosciuti dall\u2019<strong>Ordine dei Giornalisti <\/strong>per la <strong>formazione della professione<\/strong> e dar\u00e0 diritto all\u2019acquisizione di <strong>4 crediti deontologici<\/strong>. Le prenotazioni si potranno effettuare sempre sulla <strong>piattaforma Sigef<\/strong>.<\/p>\n<p> \t<strong>Alle 18<\/strong> ci sar\u00e0 invece la presentazione del libro \u201c<strong><em>La pi\u00f9 bella. La Costituzione tradita. Gli italiani che resistono<\/em><\/strong>\u201d di <strong>Alessio Lasta<\/strong>, giornalista d\u2019inchiesta e dal 2017 inviato di <em>Piazzapulita<\/em>. Dialogher\u00e0 con l\u2019autore il giornalista <strong>Gianpaolo Carbonetto<\/strong>. \u00a0<\/p>\n<p> \tAlle <strong>20.30<\/strong>\u00a0si terr\u00e0 un <strong>concerto <\/strong>delle sezioni della <strong>Societ\u00e0 Filarmonica Giuseppe Verdi <\/strong>a<strong> Maria Madre della Chiesa<\/strong>. Il concerto vedr\u00e0 la partecipazione del <strong>Coro Misto<\/strong> e della <strong>Banda della Societ\u00e0 Filarmonica Giuseppe Verdi di Ronchi dei Legionari<\/strong>, di cui <strong>Cristina Visintini<\/strong> \u00e8 stata la <strong>prima presidente donna<\/strong>, oltre che <strong>corista per tanti anni<\/strong>.<\/p>\n<p> \t\u00ab<em>L\u2019esibizione sar\u00e0 dedicata alla <strong>Musica<\/strong> come una <strong>tra le pi\u00f9 alte forme di libert\u00e0 di espressione<\/strong><\/em> &#8211; racconta <strong>David Cusimano<\/strong>, presidente della Societ\u00e0 &#8211; <em>un <strong>linguaggio universale<\/strong> capace di <strong>emozionare<\/strong>, ma anche di <strong>farci viaggiare lontano con la mente<\/strong>, di farci <strong>ballare<\/strong> e, come sosteneva anche <strong>Cristina<\/strong>, di <strong>superare ogni barriera<\/strong>\u00bb. <\/em><strong>Direttori artistici<\/strong> della serata saranno i <strong>maestri Salvatore Moretti<\/strong> e <strong>Fulvia Antoniali<\/strong>.<\/p>\n<p> \tCi saranno poi infine delle <strong>letture<\/strong> sempre sul <strong>tema della libert\u00e0 di stampa e di espressione<\/strong> a cura di <strong>Cinzia Benussi<\/strong> e <strong>Lorena Boscarol<\/strong>.<\/p>\n","protected":false},"excerpt":{"rendered":"<p>Sabato 23 ottobre<\/p>\n","protected":false},"author":28,"featured_media":40614,"comment_status":"closed","ping_status":"closed","sticky":false,"template":"","format":"standard","meta":{"dwc-title":[],"dwc-content":[],"footnotes":""},"categories":[5],"tags":[],"class_list":["post-40613","post","type-post","status-publish","format-standard","has-post-thumbnail","hentry","category-attualita"],"rttpg_featured_image_url":{"full":["https:\/\/imagazine.it\/wp-content\/uploads\/2024\/01\/43782-1.webp",1000,666,false],"landscape":["https:\/\/imagazine.it\/wp-content\/uploads\/2024\/01\/43782-1.webp",1000,666,false],"portraits":["https:\/\/imagazine.it\/wp-content\/uploads\/2024\/01\/43782-1.webp",1000,666,false],"thumbnail":["https:\/\/imagazine.it\/wp-content\/uploads\/2024\/01\/43782-1-150x150.webp",150,150,true],"medium":["https:\/\/imagazine.it\/wp-content\/uploads\/2024\/01\/43782-1-300x200.webp",300,200,true],"large":["https:\/\/imagazine.it\/wp-content\/uploads\/2024\/01\/43782-1.webp",640,426,false],"thumblist":["https:\/\/imagazine.it\/wp-content\/uploads\/2024\/01\/43782-1.webp",300,200,false],"thumbrelated":["https:\/\/imagazine.it\/wp-content\/uploads\/2024\/01\/43782-1.webp",500,333,false],"meccarouselthumb":["https:\/\/imagazine.it\/wp-content\/uploads\/2024\/01\/43782-1.webp",474,316,false],"gridsquare":["https:\/\/imagazine.it\/wp-content\/uploads\/2024\/01\/43782-1.webp",391,260,false],"tileview":["https:\/\/imagazine.it\/wp-content\/uploads\/2024\/01\/43782-1.webp",300,200,false],"1536x1536":["https:\/\/imagazine.it\/wp-content\/uploads\/2024\/01\/43782-1.webp",1000,666,false],"2048x2048":["https:\/\/imagazine.it\/wp-content\/uploads\/2024\/01\/43782-1.webp",1000,666,false],"newsup-slider-full":["https:\/\/imagazine.it\/wp-content\/uploads\/2024\/01\/43782-1.webp",1000,666,false],"newsup-featured":["https:\/\/imagazine.it\/wp-content\/uploads\/2024\/01\/43782-1.webp",1000,666,false],"newsup-medium":["https:\/\/imagazine.it\/wp-content\/uploads\/2024\/01\/43782-1-720x380.webp",720,380,true],"tptn_thumbnail":["https:\/\/imagazine.it\/wp-content\/uploads\/2024\/01\/43782-1.webp",250,167,false],"sow-carousel-default":["https:\/\/imagazine.it\/wp-content\/uploads\/2024\/01\/43782-1-272x182.webp",272,182,true]},"rttpg_author":{"display_name":"redazione","author_link":"https:\/\/imagazine.it\/home_desk\/author\/redazione\/"},"rttpg_comment":0,"rttpg_category":"<a href=\"https:\/\/imagazine.it\/home_desk\/category\/attualita\/\" rel=\"category tag\">ATTUALIT\u00c0<\/a>","rttpg_excerpt":"Sabato 23 ottobre","_links":{"self":[{"href":"https:\/\/imagazine.it\/home_desk\/wp-json\/wp\/v2\/posts\/40613","targetHints":{"allow":["GET"]}}],"collection":[{"href":"https:\/\/imagazine.it\/home_desk\/wp-json\/wp\/v2\/posts"}],"about":[{"href":"https:\/\/imagazine.it\/home_desk\/wp-json\/wp\/v2\/types\/post"}],"author":[{"embeddable":true,"href":"https:\/\/imagazine.it\/home_desk\/wp-json\/wp\/v2\/users\/28"}],"replies":[{"embeddable":true,"href":"https:\/\/imagazine.it\/home_desk\/wp-json\/wp\/v2\/comments?post=40613"}],"version-history":[{"count":0,"href":"https:\/\/imagazine.it\/home_desk\/wp-json\/wp\/v2\/posts\/40613\/revisions"}],"wp:featuredmedia":[{"embeddable":true,"href":"https:\/\/imagazine.it\/home_desk\/wp-json\/wp\/v2\/media\/40614"}],"wp:attachment":[{"href":"https:\/\/imagazine.it\/home_desk\/wp-json\/wp\/v2\/media?parent=40613"}],"wp:term":[{"taxonomy":"category","embeddable":true,"href":"https:\/\/imagazine.it\/home_desk\/wp-json\/wp\/v2\/categories?post=40613"},{"taxonomy":"post_tag","embeddable":true,"href":"https:\/\/imagazine.it\/home_desk\/wp-json\/wp\/v2\/tags?post=40613"}],"curies":[{"name":"wp","href":"https:\/\/api.w.org\/{rel}","templated":true}]}}