{"id":40607,"date":"2021-10-18T00:00:00","date_gmt":"2021-10-17T23:00:00","guid":{"rendered":"https:\/\/imagazine.it\/?p=40607"},"modified":"2021-10-18T00:00:00","modified_gmt":"2021-10-17T23:00:00","slug":"volley-al-via-la-stagione-delle-tigers-ronchi","status":"publish","type":"post","link":"https:\/\/imagazine.it\/home_desk\/volley-al-via-la-stagione-delle-tigers-ronchi\/","title":{"rendered":"Volley, al via la stagione delle Tigers Ronchi"},"content":{"rendered":"<p> \tLe <strong>Tigers Pallavolo Ronchi<\/strong> stanno mettendo a posto gli ultimi dettagli in vista dello \u201cstart\u201d della stagione 2021\/22, con il match di sabato 27 ottobre in casa del Kontovel (fischio d&#39;inizio alle 20.30).<\/p>\n<p> \tNel frattempo sabato si \u00e8 alzato ufficialmente il sipario nero arancio con la consueta presentazione delle squadre di Prima Divisione e Under 18.<\/p>\n<p> \tStaff, atlete e un nutrito parterre di simpatizzanti si sono ritrovati all&#39;Azienda Agricola Edi Gandin di San Zanut per un brindisi benaugurale, alla presenza del presidente del Comitato Territoriale Fipav <strong>Paolo Mani\u00e0<\/strong> e, in rappresentanza del Comune di Ronchi dei Legionari, dell&#39;assessora allo Sport <strong>Erika Battistella<\/strong>.<\/p>\n<p> \tA far da &#8220;cicerone&#8221; degli organici che affronteranno i due massimi campionati provinciali, il direttore sportivo Pallavolo Ronchi <strong>Massimiliano Marculli<\/strong> che, dopo aver fatto una breve introduzione, ha passato il microfono al presidente della Pallavolo Ronchi <strong>Antonio Piraino<\/strong> che ha evidenziato il buon lavoro svolto in palestra nonostante le difficolt\u00e0 subite, e superare con grande difficolt\u00e0, in queste ultime due stagioni.<\/p>\n<p> \tDal canto suo, il presidente Fipav Mani\u00e0 ha fatto i complimenti allo staff nero arancio per la buona gestione e per gli ottimi risultati ottenuti in queste ultime stagioni, con un occhio di riguardo alla crescita del settore dei pi\u00f9 giovani.<\/p>\n<p> \tL\u2019assessore Battistella ha sottolineato la vicinanza dell&#39;amministrazione comunale verso le attivit\u00e0 proposte a vantaggio della comunit\u00e0, perch\u00e9 lo sport \u00e8 il miglior veicolo di socialit\u00e0, di vita e di salute.<\/p>\n<p> \tDopo qualche battuta di rito, i riflettori sono stati puntati sul rinnovato staff tecnico, composto dal coach <strong>Nicholas Moretti<\/strong> e dagli assistenti <strong>Giuliana Marchesich<\/strong> e <strong>Cristian Zuliani<\/strong>, a cui sono stati assegnati gli obiettivi di stagione.<\/p>\n<p> \tIl momento clou, infine, \u00e8 stata la presentazione dello staff delle Tigers, capitanate da <strong>Greta Caiffa<\/strong>, che, in un gran lavoro di sinergia, vede diverse novit\u00e0, frutto della collaborazione tra la Pallavolo Ronchi e la Vivil di Villa Vicentina.<\/p>\n<p> \t<strong>Palleggiatrici<\/strong>: Greta Caiffa, Sofia Scachinke, Alessia Nadalin;<\/p>\n<p> \t<strong>Attaccanti<\/strong>: Irene Blasig, Giulia Ongaro, Chiara Marchesan; Nicoletta Germech, Sara Rigonat, Denise Lepre, Giulia Illuminato, Lisa Somma, Chiara Buffin,<\/p>\n<p> \t<strong>Centrali<\/strong>: Nicol Macerola Russi, Rebecca Salviato;<\/p>\n<p> \t<strong>Liberi<\/strong>: Giulia Bernecich, Emma Tegon<\/p>\n","protected":false},"excerpt":{"rendered":"<p>Il 27 ottobre l&#8217;esordio in campionato<\/p>\n","protected":false},"author":22,"featured_media":40608,"comment_status":"closed","ping_status":"closed","sticky":false,"template":"","format":"standard","meta":{"dwc-title":[],"dwc-content":[],"footnotes":""},"categories":[38],"tags":[],"class_list":["post-40607","post","type-post","status-publish","format-standard","has-post-thumbnail","hentry","category-sport"],"rttpg_featured_image_url":{"full":["https:\/\/imagazine.it\/wp-content\/uploads\/2024\/01\/43778-1.webp",2048,1151,false],"landscape":["https:\/\/imagazine.it\/wp-content\/uploads\/2024\/01\/43778-1.webp",2048,1151,false],"portraits":["https:\/\/imagazine.it\/wp-content\/uploads\/2024\/01\/43778-1.webp",2048,1151,false],"thumbnail":["https:\/\/imagazine.it\/wp-content\/uploads\/2024\/01\/43778-1-150x150.webp",150,150,true],"medium":["https:\/\/imagazine.it\/wp-content\/uploads\/2024\/01\/43778-1-300x169.webp",300,169,true],"large":["https:\/\/imagazine.it\/wp-content\/uploads\/2024\/01\/43778-1-1024x576.webp",640,360,true],"thumblist":["https:\/\/imagazine.it\/wp-content\/uploads\/2024\/01\/43778-1.webp",300,169,false],"thumbrelated":["https:\/\/imagazine.it\/wp-content\/uploads\/2024\/01\/43778-1.webp",500,281,false],"meccarouselthumb":["https:\/\/imagazine.it\/wp-content\/uploads\/2024\/01\/43778-1.webp",474,266,false],"gridsquare":["https:\/\/imagazine.it\/wp-content\/uploads\/2024\/01\/43778-1.webp",391,220,false],"tileview":["https:\/\/imagazine.it\/wp-content\/uploads\/2024\/01\/43778-1.webp",300,169,false],"1536x1536":["https:\/\/imagazine.it\/wp-content\/uploads\/2024\/01\/43778-1-1536x863.webp",1536,863,true],"2048x2048":["https:\/\/imagazine.it\/wp-content\/uploads\/2024\/01\/43778-1.webp",2048,1151,false],"newsup-slider-full":["https:\/\/imagazine.it\/wp-content\/uploads\/2024\/01\/43778-1-1280x720.webp",1280,720,true],"newsup-featured":["https:\/\/imagazine.it\/wp-content\/uploads\/2024\/01\/43778-1-1024x576.webp",1024,576,true],"newsup-medium":["https:\/\/imagazine.it\/wp-content\/uploads\/2024\/01\/43778-1-720x380.webp",720,380,true],"tptn_thumbnail":["https:\/\/imagazine.it\/wp-content\/uploads\/2024\/01\/43778-1.webp",250,141,false],"sow-carousel-default":["https:\/\/imagazine.it\/wp-content\/uploads\/2024\/01\/43778-1-272x182.webp",272,182,true]},"rttpg_author":{"display_name":"Livio Nonis","author_link":"https:\/\/imagazine.it\/home_desk\/author\/nonis\/"},"rttpg_comment":0,"rttpg_category":"<a href=\"https:\/\/imagazine.it\/home_desk\/category\/sport\/\" rel=\"category tag\">SPORT<\/a>","rttpg_excerpt":"Il 27 ottobre l'esordio in campionato","_links":{"self":[{"href":"https:\/\/imagazine.it\/home_desk\/wp-json\/wp\/v2\/posts\/40607","targetHints":{"allow":["GET"]}}],"collection":[{"href":"https:\/\/imagazine.it\/home_desk\/wp-json\/wp\/v2\/posts"}],"about":[{"href":"https:\/\/imagazine.it\/home_desk\/wp-json\/wp\/v2\/types\/post"}],"author":[{"embeddable":true,"href":"https:\/\/imagazine.it\/home_desk\/wp-json\/wp\/v2\/users\/22"}],"replies":[{"embeddable":true,"href":"https:\/\/imagazine.it\/home_desk\/wp-json\/wp\/v2\/comments?post=40607"}],"version-history":[{"count":0,"href":"https:\/\/imagazine.it\/home_desk\/wp-json\/wp\/v2\/posts\/40607\/revisions"}],"wp:featuredmedia":[{"embeddable":true,"href":"https:\/\/imagazine.it\/home_desk\/wp-json\/wp\/v2\/media\/40608"}],"wp:attachment":[{"href":"https:\/\/imagazine.it\/home_desk\/wp-json\/wp\/v2\/media?parent=40607"}],"wp:term":[{"taxonomy":"category","embeddable":true,"href":"https:\/\/imagazine.it\/home_desk\/wp-json\/wp\/v2\/categories?post=40607"},{"taxonomy":"post_tag","embeddable":true,"href":"https:\/\/imagazine.it\/home_desk\/wp-json\/wp\/v2\/tags?post=40607"}],"curies":[{"name":"wp","href":"https:\/\/api.w.org\/{rel}","templated":true}]}}