{"id":40587,"date":"2021-10-15T00:00:00","date_gmt":"2021-10-14T23:00:00","guid":{"rendered":"https:\/\/imagazine.it\/?p=40587"},"modified":"2021-10-15T00:00:00","modified_gmt":"2021-10-14T23:00:00","slug":"artisti-di-strada-premiati-tre-fotografi-cervignanesi","status":"publish","type":"post","link":"https:\/\/imagazine.it\/home_desk\/artisti-di-strada-premiati-tre-fotografi-cervignanesi\/","title":{"rendered":"Artisti di Strada, premiati tre fotografi cervignanesi"},"content":{"rendered":"<p> \tIl 27 e 28 agosto scorsi <strong>Cervignano del Friuli<\/strong> ha ospitato una tappa del <u><a href=\"http:\/\/www.imagazine.it\/notizie-trieste-gorizia-udine-friuli\/10862\" target=\"_blank\" rel=\"noopener\"><span style=\"color:#0000ff;\"><strong>Festival Internazionale degli Artisti di Strada FVG<\/strong><\/span><\/a><\/u>.<\/p>\n<p> \tLa Compagnia del Carro di Staranzano, organizzatrice dell&#39;evento, ha voluto abbinare a ciascuna tappa del festival &#8211; le altre due erano Monfalcone citt\u00e0 e Marina Julia &#8211; un <strong>concorso fotografico<\/strong>.<\/p>\n<p> \tIeri sera, presso i locali dell\u2019Osteria Contemporanea Brocante di Monfalcone, si sono svolte le premiazioni.<\/p>\n<p> \tTra i premiati tre sono cervignanesi. Si tratta di <strong>Marino Viglietti<\/strong>, secondo classificato nella sezione foto a colori, con la seguente motivazione: \u201c<em>Di forte impatto la cromia dell&#39;immagine che gioca sui toni del verde. Buon controllo delle condizioni non semplici di luce. La foto cattura inoltre un&#39;espressione \u201cpreoccupata\u201d e non usuale negli artisti di strada<\/em>\u201d; <strong>Georgia Bardi<\/strong>, terza classificata nella medesima sezione, con la seguente motivazione: \u201c<em>Pur non essendo perfetta da un punto di vista tecnico \u201cvede\u201d e sottolinea un momento intimo e tenero nel pubblico che le conferisce interesse e profondit\u00e0<\/em>\u201d; <strong>Silvana Rossit<\/strong>, terza classificata nella sezione foto in bianco e nero, con la seguente motivazione: \u201c<em>La foto esprime un momento di dolcezza dell&#39;artista e sembra coglierne a pieno una caratteristica emotiva. La scelta dell&#39;inquadratura frontale attribuisce importanza al gioco geometrico sullo sfondo. Buon trattamento del bianco e nero che dovrebbe probabilmente essere ulteriormentecontrastato per attribuire all&#39;immagine una forza maggiore<\/em>\u201d.<\/p>\n<p> \tLa giuria tecnica che ha decretato i vincitori era composta da <strong>Katia Bonaventura<\/strong>, <strong>Lionello Peres<\/strong> e <strong>Valeria d&#39;Alberto<\/strong>.<\/p>\n<p> \t<em>&#8220;Quando tre anni fa decisi che il Festival sarebbe stata una bella iniziativa per Cervignano &#8211; <\/em>ha dichiarato l\u2019assessora alla promozione della citt\u00e0, <strong>Federica Maule<\/strong>, che ha ritirato il premio per Georgia Bardi &#8211; <em>in realt\u00e0 non credevo avrebbe avuto cos\u00ec tanto successo. La Compagnia del Carro \u00e8 una fucina di idee e soprattutto una squadra ben organizzata, che anche in tempo di pandemia ha saputo caparbiamente proseguire la sua missione, sempre desiderosa di portare l&#39;arte di strada e con essa gioia ed allegria per grandi e piccini. Sono molto orgogliosa che ben tre fotografi amatoriali premiati in concorso siano di Cervignano. Attraverso le loro foto abbiamo avuto molto nei giorni conseguenti il Festival di rivivere i colori e le emozioni delle esibizioni degli artisti e di protrarre cos\u00ec il beneficio collettivo offerto da questa esperienza. Grazie a Silvana, Georgia e Marino&#8221;.<\/em><\/p>\n","protected":false},"excerpt":{"rendered":"<p>Cerimonia di consegna a Monfalcone<\/p>\n","protected":false},"author":28,"featured_media":40588,"comment_status":"closed","ping_status":"closed","sticky":false,"template":"","format":"standard","meta":{"dwc-title":[],"dwc-content":[],"footnotes":""},"categories":[5],"tags":[],"class_list":["post-40587","post","type-post","status-publish","format-standard","has-post-thumbnail","hentry","category-attualita"],"rttpg_featured_image_url":{"full":["https:\/\/imagazine.it\/wp-content\/uploads\/2024\/01\/43743-1.webp",1000,667,false],"landscape":["https:\/\/imagazine.it\/wp-content\/uploads\/2024\/01\/43743-1.webp",1000,667,false],"portraits":["https:\/\/imagazine.it\/wp-content\/uploads\/2024\/01\/43743-1.webp",1000,667,false],"thumbnail":["https:\/\/imagazine.it\/wp-content\/uploads\/2024\/01\/43743-1-150x150.webp",150,150,true],"medium":["https:\/\/imagazine.it\/wp-content\/uploads\/2024\/01\/43743-1-300x200.webp",300,200,true],"large":["https:\/\/imagazine.it\/wp-content\/uploads\/2024\/01\/43743-1.webp",640,427,false],"thumblist":["https:\/\/imagazine.it\/wp-content\/uploads\/2024\/01\/43743-1.webp",300,200,false],"thumbrelated":["https:\/\/imagazine.it\/wp-content\/uploads\/2024\/01\/43743-1.webp",500,334,false],"meccarouselthumb":["https:\/\/imagazine.it\/wp-content\/uploads\/2024\/01\/43743-1.webp",474,316,false],"gridsquare":["https:\/\/imagazine.it\/wp-content\/uploads\/2024\/01\/43743-1.webp",391,260,false],"tileview":["https:\/\/imagazine.it\/wp-content\/uploads\/2024\/01\/43743-1.webp",300,200,false],"1536x1536":["https:\/\/imagazine.it\/wp-content\/uploads\/2024\/01\/43743-1.webp",1000,667,false],"2048x2048":["https:\/\/imagazine.it\/wp-content\/uploads\/2024\/01\/43743-1.webp",1000,667,false],"newsup-slider-full":["https:\/\/imagazine.it\/wp-content\/uploads\/2024\/01\/43743-1.webp",1000,667,false],"newsup-featured":["https:\/\/imagazine.it\/wp-content\/uploads\/2024\/01\/43743-1.webp",1000,667,false],"newsup-medium":["https:\/\/imagazine.it\/wp-content\/uploads\/2024\/01\/43743-1-720x380.webp",720,380,true],"tptn_thumbnail":["https:\/\/imagazine.it\/wp-content\/uploads\/2024\/01\/43743-1.webp",250,167,false],"sow-carousel-default":["https:\/\/imagazine.it\/wp-content\/uploads\/2024\/01\/43743-1-272x182.webp",272,182,true]},"rttpg_author":{"display_name":"redazione","author_link":"https:\/\/imagazine.it\/home_desk\/author\/redazione\/"},"rttpg_comment":0,"rttpg_category":"<a href=\"https:\/\/imagazine.it\/home_desk\/category\/attualita\/\" rel=\"category tag\">ATTUALIT\u00c0<\/a>","rttpg_excerpt":"Cerimonia di consegna a Monfalcone","_links":{"self":[{"href":"https:\/\/imagazine.it\/home_desk\/wp-json\/wp\/v2\/posts\/40587","targetHints":{"allow":["GET"]}}],"collection":[{"href":"https:\/\/imagazine.it\/home_desk\/wp-json\/wp\/v2\/posts"}],"about":[{"href":"https:\/\/imagazine.it\/home_desk\/wp-json\/wp\/v2\/types\/post"}],"author":[{"embeddable":true,"href":"https:\/\/imagazine.it\/home_desk\/wp-json\/wp\/v2\/users\/28"}],"replies":[{"embeddable":true,"href":"https:\/\/imagazine.it\/home_desk\/wp-json\/wp\/v2\/comments?post=40587"}],"version-history":[{"count":0,"href":"https:\/\/imagazine.it\/home_desk\/wp-json\/wp\/v2\/posts\/40587\/revisions"}],"wp:featuredmedia":[{"embeddable":true,"href":"https:\/\/imagazine.it\/home_desk\/wp-json\/wp\/v2\/media\/40588"}],"wp:attachment":[{"href":"https:\/\/imagazine.it\/home_desk\/wp-json\/wp\/v2\/media?parent=40587"}],"wp:term":[{"taxonomy":"category","embeddable":true,"href":"https:\/\/imagazine.it\/home_desk\/wp-json\/wp\/v2\/categories?post=40587"},{"taxonomy":"post_tag","embeddable":true,"href":"https:\/\/imagazine.it\/home_desk\/wp-json\/wp\/v2\/tags?post=40587"}],"curies":[{"name":"wp","href":"https:\/\/api.w.org\/{rel}","templated":true}]}}