{"id":40583,"date":"2021-10-14T00:00:00","date_gmt":"2021-10-13T23:00:00","guid":{"rendered":"https:\/\/imagazine.it\/?p=40583"},"modified":"2021-10-14T00:00:00","modified_gmt":"2021-10-13T23:00:00","slug":"antinfluenzale-vaccinazione-al-via-in-fvg","status":"publish","type":"post","link":"https:\/\/imagazine.it\/home_desk\/antinfluenzale-vaccinazione-al-via-in-fvg\/","title":{"rendered":"Antinfluenzale, vaccinazione al via in FVG"},"content":{"rendered":"<p> \tPrender\u00e0 il via domani in Friuli Venezia Giulia la campagna antinfluenzale 2021-22, destinata in prima battuta agli operatori sanitari; dalla terza settimana di ottobre la vaccinazione sar\u00e0 estesa a tutti, dando priorit\u00e0 a pazienti fragili per et\u00e0 e per patologia.<\/p>\n<p> \tLo rende noto il vicegovernatore del delega alla Salute <strong>Riccardo Riccardi<\/strong>.<\/p>\n<p> \tPer la somministrazione antinfluenzale &#8211; \u201cche \u00e8 raccomandata e compatibile con la vaccinazione antiCovid\u201d, che recita la nota della Regione FVG &#8211; ci si potr\u00e0 rivolgere al proprio medico di medicina generale, al pediatra di libera scelta o contattando i servizi vaccinali delle aziende sanitarie.<\/p>\n<p> \t&#8220;La vaccinazione \u00e8 particolarmente raccomandata anche quest&#39;anno in quanto la sovrapposizione del Covid-19 e dell&#39;influenza stagionale potrebbe avere effetti considerevoli in termini di gravit\u00e0 della malattia e mortalit\u00e0&#8221;, ha rilevato Riccardi.<\/p>\n<p> \tSempre in tema di vaccini, da oggi \u00e8 prenotabile la prestazione di vaccinazione Covid-19 booster Pfizer (la &#8220;terza dose&#8221;) anche per tutto il personale del Servizio sanitario regionale, oltre che per il personale delle strutture residenziali per anziani e per gli ultraottantenni.<\/p>\n<p> \tPer tale richiamo, indipendentemente dal vaccino somministrato nel ciclo primario (Comirnaty Pfizer, Spikevax Moderna, Astra Zeneca Vaxzevria o Janssen J&#038;J) sar\u00e0 utilizzato solo il vaccino Comirnaty (Pfizer).<\/p>\n<p> \t\u201cIl booster &#8211; si legge nella nota della Regione &#8211; \u00e8 particolarmente raccomandato per gli operatori che lavorano in strutture a rischio alto\/medio di Covid-19 e per gli operatori ultrasessantenni o in condizioni di fragilit\u00e0, ma \u00e8 prenotabile per tutto il personale del Servizio sanitario regionale e per gli operatori che svolgono le loro attivit\u00e0 nelle strutture sanitarie, sociosanitarie e socio-assistenziali, pubbliche e private, nelle farmacie, parafarmacie e negli studi professionali, purch\u00e9 abbiano completato il ciclo vaccinale primario almeno 6 mesi fa\u201d.<\/p>\n<p> \tLa prenotazione pu\u00f2 essere effettuata tramite farmacie, Cup, call center, e per i dipendenti del Servizio sanitario regionale tramite Cup Web.<br \/> \tLe date di apertura delle prenotazioni per la terza dose di richiamo\/booster per tutti i cittadini in condizioni di fragilit\u00e0 e per quelli ultrasessantenni saranno a loro volta programmate nei prossimi giorni.<\/p>\n<p> \tLa Direzione regionale Salute raccomanda, infine, a tutti i soggetti al di sopra dei 65 anni d&#39;et\u00e0 che non siano stati vaccinati contro lo pneumococco nelle precedenti stagioni di farsi somministrare anche il vaccino anti-pneumococcico coniugato 13 valente.<\/p>\n","protected":false},"excerpt":{"rendered":"<p>Primi destinatari gli operatori sanitari<\/p>\n","protected":false},"author":28,"featured_media":40584,"comment_status":"closed","ping_status":"closed","sticky":false,"template":"","format":"standard","meta":{"dwc-title":[],"dwc-content":[],"footnotes":""},"categories":[5],"tags":[],"class_list":["post-40583","post","type-post","status-publish","format-standard","has-post-thumbnail","hentry","category-attualita"],"rttpg_featured_image_url":{"full":["https:\/\/imagazine.it\/wp-content\/uploads\/2024\/01\/43738-1.webp",1920,1279,false],"landscape":["https:\/\/imagazine.it\/wp-content\/uploads\/2024\/01\/43738-1.webp",1920,1279,false],"portraits":["https:\/\/imagazine.it\/wp-content\/uploads\/2024\/01\/43738-1.webp",1920,1279,false],"thumbnail":["https:\/\/imagazine.it\/wp-content\/uploads\/2024\/01\/43738-1-150x150.webp",150,150,true],"medium":["https:\/\/imagazine.it\/wp-content\/uploads\/2024\/01\/43738-1-300x200.webp",300,200,true],"large":["https:\/\/imagazine.it\/wp-content\/uploads\/2024\/01\/43738-1-1024x682.webp",640,426,true],"thumblist":["https:\/\/imagazine.it\/wp-content\/uploads\/2024\/01\/43738-1.webp",300,200,false],"thumbrelated":["https:\/\/imagazine.it\/wp-content\/uploads\/2024\/01\/43738-1.webp",500,333,false],"meccarouselthumb":["https:\/\/imagazine.it\/wp-content\/uploads\/2024\/01\/43738-1.webp",474,316,false],"gridsquare":["https:\/\/imagazine.it\/wp-content\/uploads\/2024\/01\/43738-1.webp",391,260,false],"tileview":["https:\/\/imagazine.it\/wp-content\/uploads\/2024\/01\/43738-1.webp",300,200,false],"1536x1536":["https:\/\/imagazine.it\/wp-content\/uploads\/2024\/01\/43738-1-1536x1023.webp",1536,1023,true],"2048x2048":["https:\/\/imagazine.it\/wp-content\/uploads\/2024\/01\/43738-1.webp",1920,1279,false],"newsup-slider-full":["https:\/\/imagazine.it\/wp-content\/uploads\/2024\/01\/43738-1-1280x720.webp",1280,720,true],"newsup-featured":["https:\/\/imagazine.it\/wp-content\/uploads\/2024\/01\/43738-1-1024x682.webp",1024,682,true],"newsup-medium":["https:\/\/imagazine.it\/wp-content\/uploads\/2024\/01\/43738-1-720x380.webp",720,380,true],"tptn_thumbnail":["https:\/\/imagazine.it\/wp-content\/uploads\/2024\/01\/43738-1.webp",250,167,false],"sow-carousel-default":["https:\/\/imagazine.it\/wp-content\/uploads\/2024\/01\/43738-1-272x182.webp",272,182,true]},"rttpg_author":{"display_name":"redazione","author_link":"https:\/\/imagazine.it\/home_desk\/author\/redazione\/"},"rttpg_comment":0,"rttpg_category":"<a href=\"https:\/\/imagazine.it\/home_desk\/category\/attualita\/\" rel=\"category tag\">ATTUALIT\u00c0<\/a>","rttpg_excerpt":"Primi destinatari gli operatori sanitari","_links":{"self":[{"href":"https:\/\/imagazine.it\/home_desk\/wp-json\/wp\/v2\/posts\/40583","targetHints":{"allow":["GET"]}}],"collection":[{"href":"https:\/\/imagazine.it\/home_desk\/wp-json\/wp\/v2\/posts"}],"about":[{"href":"https:\/\/imagazine.it\/home_desk\/wp-json\/wp\/v2\/types\/post"}],"author":[{"embeddable":true,"href":"https:\/\/imagazine.it\/home_desk\/wp-json\/wp\/v2\/users\/28"}],"replies":[{"embeddable":true,"href":"https:\/\/imagazine.it\/home_desk\/wp-json\/wp\/v2\/comments?post=40583"}],"version-history":[{"count":0,"href":"https:\/\/imagazine.it\/home_desk\/wp-json\/wp\/v2\/posts\/40583\/revisions"}],"wp:featuredmedia":[{"embeddable":true,"href":"https:\/\/imagazine.it\/home_desk\/wp-json\/wp\/v2\/media\/40584"}],"wp:attachment":[{"href":"https:\/\/imagazine.it\/home_desk\/wp-json\/wp\/v2\/media?parent=40583"}],"wp:term":[{"taxonomy":"category","embeddable":true,"href":"https:\/\/imagazine.it\/home_desk\/wp-json\/wp\/v2\/categories?post=40583"},{"taxonomy":"post_tag","embeddable":true,"href":"https:\/\/imagazine.it\/home_desk\/wp-json\/wp\/v2\/tags?post=40583"}],"curies":[{"name":"wp","href":"https:\/\/api.w.org\/{rel}","templated":true}]}}