{"id":40575,"date":"2021-10-14T00:00:00","date_gmt":"2021-10-13T23:00:00","guid":{"rendered":"https:\/\/imagazine.it\/?p=40575"},"modified":"2021-10-14T00:00:00","modified_gmt":"2021-10-13T23:00:00","slug":"catas-cresce-ancora-in-arrivo-nuovi-investimenti","status":"publish","type":"post","link":"https:\/\/imagazine.it\/home_desk\/catas-cresce-ancora-in-arrivo-nuovi-investimenti\/","title":{"rendered":"Catas cresce ancora: in arrivo nuovi investimenti"},"content":{"rendered":"<p> \tProsegue la crescita di <u><a href=\"http:\/\/www.imagazine.it\/notizie-trieste-gorizia-udine-friuli\/242\" target=\"_blank\" rel=\"noopener\"><span style=\"color:#0000ff;\"><strong>Catas<\/strong>, il pi\u00f9 importante laboratorio europeo per le prove e le certificazioni per il settore legno-arredo<\/span><\/a><\/u>, con sede a San Giovanni al Natisone.<\/p>\n<p> \tSecondo le prime stime, l\u2019anno in corso si chiuder\u00e0 con un <strong>aumento del fatturato di circa il 6%<\/strong>, con un ulteriore aumento del numero delle prove effettuato per gli oltre <strong>2 mila clienti<\/strong> in <strong>65 Paesi<\/strong> del mondo, in una classifica che vede alle spalle dell\u2019Italia, nell\u2019ordine, Polonia, Romania, Germania, Slovacchia, Lituania, Cina, Portogallo, Ungheria e Russia.<\/p>\n<p> \tUna crescita che ha convinto il consiglio di amministrazione di Catas ha varare <strong>nuovi investimenti<\/strong>: un <strong>nuovo edificio<\/strong> di tre piani sar\u00e0 costruito proprio nella sede di San Giovanni, 2.400 metri quadrati che permetteranno di ospitare nuovi laboratori per potenziare molte attivit\u00e0.<\/p>\n<p> \tVerr\u00e0 inoltre ulteriormente potenziata la piattaforma <strong>\u201cTesting 4.0\u201d<\/strong>, una vera e propria rete che consente oramai da diversi mesi di gestire in tempo reale le oltre <strong>100 postazioni di prova<\/strong> operative 24 ore su 24 nelle sedi di San Giovanni e di <strong>Catas Brianza<\/strong>, la sede di Lissone.<\/p>\n<p> \t\u00a0Una volont\u00e0 di essere sempre pi\u00f9 vicini e integrati nei pi\u00f9 importanti \u201cdistretti del mobile\u201d che Catas ha testimoniato con l\u2019apertura del primo <strong>\u201cCatas Point\u201d<\/strong> a Pesaro, in collaborazione con Manifaktura.<\/p>\n<p> \t\u00a0Una crescita che passa anche attraverso i <strong>nuovi servizi<\/strong> che il laboratorio propone, come la valutazione del rischio \u201c<em>Risk Assessment<\/em>\u201d sugli arredi compresi quelli elettrificati, ovvero mobili che contengano al proprio interno sistemi attivabili o utilizzabili grazie alla presenza di dispositivi elettrici.<\/p>\n<p> \t\u00a0Aumentano in modo significativo anche tutte le attivit\u00e0 di formazione che fanno capo a <strong>\u201cCatas Academy\u201d<\/strong>, una domanda crescente di opportunit\u00e0 di approfondimento e di conoscenza che vengono articolate \u2013 a seconda delle necessit\u00e0 di chi li richiede \u2013 nei laboratori di Catas, nelle aule, on-line o anche presso le aziende: complessivamente quest\u2019anno saranno realizzati pi\u00f9 di <strong>50 corsi per oltre 300 ore di formazione<\/strong>.<\/p>\n<p> \tCatas non si limita a \u201cmisurare\u201d prodotti o prestazioni ma \u2013 alla luce di una richiesta di veri e propri <strong>\u201ccertificati di qualit\u00e0\u201d<\/strong> di cui gli utilizzatori o i consumatori finali possano immediatamente comprendere il valore \u2013 sta ampliando la propria attivit\u00e0 nella certificazione dei prodotti, attraverso i <strong>\u201c<em>Catas Quality Award<\/em>\u201d<\/strong> che oggi testimoniano il livello di qualit\u00e0 per le emissioni di formaldeide dei pannelli, la verniciatura dei mobili domestici, i profili lamellari e le superfici dei parchi gioco, oltre alla denominazione di origine \u201cMade in Italy\u201d. Una attivit\u00e0 sempre pi\u00f9 significativa, al punto che entro la fine dell\u2019anno sar\u00e0 on line <strong>un nuovo sito<\/strong> di Catas interamente dedicato proprio alla certificazione.<\/p>\n<p> \tSempre a proposito di qualificazione del prodotto, negli ultimi mesi Catas ha lanciato il pi\u00f9 recente dei propri servizi dedicato alla sostenibilit\u00e0. Un tema di cui si parla sempre pi\u00f9 spesso ma di cui non sono molti a conoscere il vero significato, piuttosto che le mille sfaccettature: per questo Catas ha a suo tempo scelto di attivare un processo di qualificazione interna che oggi permette ai propri tecnici di poter \u201cmisurare\u201d oggettivamente e con grande precisione l\u2019effettiva \u201csostenibilit\u00e0\u201d di un prodotto, dalla sua progettazione fino allo smaltimento. <strong>\u201c<em>The Life Cycle measured by Catas<\/em>\u201d<\/strong> \u00e8 un protocollo che si fonda sull\u2019unico metodo riconosciuto a livello mondiale per \u201ccalcolare la sostenibilit\u00e0\u201d, il \u201cLife Cycle Assessment (Lca)\u201d basato su norme internazionalmente riconosciute.<\/p>\n<p> \t<em>\u201cOggi la qualit\u00e0 non \u00e8 una sorta di \u201cprivilegio\u201d che viene acquisito scegliendo un artigiano particolarmente abile o acquistando un bene per il quale qualcuno decide di vantarla: oggi la qualit\u00e0 \u00e8 misurabile, verificabile, certificabile oggettivamente. Un valore assoluto e condivisibile che i consumatori esigono e che per le aziende \u00e8 essenziale per mantenere credibilit\u00e0 e competitivit\u00e0\u201d,<\/em> afferma <u><a href=\"http:\/\/www.edizionigoliardiche.it\/authors\/582\" target=\"_blank\" rel=\"noopener\"><span style=\"color:#0000ff;\">il direttore di <strong>Catas,<\/strong><strong> Franco Bulian<\/strong><\/span><\/a><\/u>.<\/p>\n","protected":false},"excerpt":{"rendered":"<p>Stimato un aumento del fatturato del 6%<\/p>\n","protected":false},"author":28,"featured_media":40576,"comment_status":"closed","ping_status":"closed","sticky":false,"template":"","format":"standard","meta":{"dwc-title":[],"dwc-content":[],"footnotes":""},"categories":[5],"tags":[],"class_list":["post-40575","post","type-post","status-publish","format-standard","has-post-thumbnail","hentry","category-attualita"],"rttpg_featured_image_url":{"full":["https:\/\/imagazine.it\/wp-content\/uploads\/2024\/01\/43723-1.webp",1000,766,false],"landscape":["https:\/\/imagazine.it\/wp-content\/uploads\/2024\/01\/43723-1.webp",1000,766,false],"portraits":["https:\/\/imagazine.it\/wp-content\/uploads\/2024\/01\/43723-1.webp",1000,766,false],"thumbnail":["https:\/\/imagazine.it\/wp-content\/uploads\/2024\/01\/43723-1-150x150.webp",150,150,true],"medium":["https:\/\/imagazine.it\/wp-content\/uploads\/2024\/01\/43723-1-300x230.webp",300,230,true],"large":["https:\/\/imagazine.it\/wp-content\/uploads\/2024\/01\/43723-1.webp",640,490,false],"thumblist":["https:\/\/imagazine.it\/wp-content\/uploads\/2024\/01\/43723-1.webp",300,230,false],"thumbrelated":["https:\/\/imagazine.it\/wp-content\/uploads\/2024\/01\/43723-1.webp",500,383,false],"meccarouselthumb":["https:\/\/imagazine.it\/wp-content\/uploads\/2024\/01\/43723-1.webp",423,324,false],"gridsquare":["https:\/\/imagazine.it\/wp-content\/uploads\/2024\/01\/43723-1.webp",339,260,false],"tileview":["https:\/\/imagazine.it\/wp-content\/uploads\/2024\/01\/43723-1.webp",300,230,false],"1536x1536":["https:\/\/imagazine.it\/wp-content\/uploads\/2024\/01\/43723-1.webp",1000,766,false],"2048x2048":["https:\/\/imagazine.it\/wp-content\/uploads\/2024\/01\/43723-1.webp",1000,766,false],"newsup-slider-full":["https:\/\/imagazine.it\/wp-content\/uploads\/2024\/01\/43723-1-1000x720.webp",1000,720,true],"newsup-featured":["https:\/\/imagazine.it\/wp-content\/uploads\/2024\/01\/43723-1.webp",1000,766,false],"newsup-medium":["https:\/\/imagazine.it\/wp-content\/uploads\/2024\/01\/43723-1-720x380.webp",720,380,true],"tptn_thumbnail":["https:\/\/imagazine.it\/wp-content\/uploads\/2024\/01\/43723-1.webp",250,192,false],"sow-carousel-default":["https:\/\/imagazine.it\/wp-content\/uploads\/2024\/01\/43723-1-272x182.webp",272,182,true]},"rttpg_author":{"display_name":"redazione","author_link":"https:\/\/imagazine.it\/home_desk\/author\/redazione\/"},"rttpg_comment":0,"rttpg_category":"<a href=\"https:\/\/imagazine.it\/home_desk\/category\/attualita\/\" rel=\"category tag\">ATTUALIT\u00c0<\/a>","rttpg_excerpt":"Stimato un aumento del fatturato del 6%","_links":{"self":[{"href":"https:\/\/imagazine.it\/home_desk\/wp-json\/wp\/v2\/posts\/40575","targetHints":{"allow":["GET"]}}],"collection":[{"href":"https:\/\/imagazine.it\/home_desk\/wp-json\/wp\/v2\/posts"}],"about":[{"href":"https:\/\/imagazine.it\/home_desk\/wp-json\/wp\/v2\/types\/post"}],"author":[{"embeddable":true,"href":"https:\/\/imagazine.it\/home_desk\/wp-json\/wp\/v2\/users\/28"}],"replies":[{"embeddable":true,"href":"https:\/\/imagazine.it\/home_desk\/wp-json\/wp\/v2\/comments?post=40575"}],"version-history":[{"count":0,"href":"https:\/\/imagazine.it\/home_desk\/wp-json\/wp\/v2\/posts\/40575\/revisions"}],"wp:featuredmedia":[{"embeddable":true,"href":"https:\/\/imagazine.it\/home_desk\/wp-json\/wp\/v2\/media\/40576"}],"wp:attachment":[{"href":"https:\/\/imagazine.it\/home_desk\/wp-json\/wp\/v2\/media?parent=40575"}],"wp:term":[{"taxonomy":"category","embeddable":true,"href":"https:\/\/imagazine.it\/home_desk\/wp-json\/wp\/v2\/categories?post=40575"},{"taxonomy":"post_tag","embeddable":true,"href":"https:\/\/imagazine.it\/home_desk\/wp-json\/wp\/v2\/tags?post=40575"}],"curies":[{"name":"wp","href":"https:\/\/api.w.org\/{rel}","templated":true}]}}