{"id":40567,"date":"2021-10-14T00:00:00","date_gmt":"2021-10-13T23:00:00","guid":{"rendered":"https:\/\/imagazine.it\/?p=40567"},"modified":"2021-10-14T00:00:00","modified_gmt":"2021-10-13T23:00:00","slug":"il-diario-di-quarantena-di-giada-baldan-premiato-a-pieve-santo-stefano","status":"publish","type":"post","link":"https:\/\/imagazine.it\/home_desk\/il-diario-di-quarantena-di-giada-baldan-premiato-a-pieve-santo-stefano\/","title":{"rendered":"Il &#8220;Diario di Quarantena&#8221; di Giada Baldan premiato a Pieve Santo Stefano"},"content":{"rendered":"<p> \tLa 37a edizione del <strong>Premio Pieve Saverio Tutino<\/strong>, edizione dedicata ai molti che hanno inviato il loro racconto di vita in quest\u2019epoca difficile, ha premiato nei giorni scorsi la <strong>ronchese Giada Baldan<\/strong> con il \u201c<strong>Diario di Quarantena<\/strong>\u201d.<\/p>\n<p> \tLa cittadina di Pieve Santo Stefano, nella provincia di Arezzo, anche detta la <em>Citt\u00e0 del Diario<\/em>, dal 1984 raccoglie scritti di gente comune in cui si riflette la vita di tutti e la storia d\u2019Italia attraverso diari, epistolari, memorie autobiografiche.<\/p>\n<p> \tUna manifestazione che ha visto come vincitore del premio citta del diario 2021 Walter Veltroni.<\/p>\n<p> \tTra i diaristi della lista d\u2019onore la commissione di lettura ha premiato la studentessa Giada Baldan che frequenta la quinta A scienze umane del Polo liceale \u201cAlbert Einstein\u201d di <strong>Cervignano<\/strong>, scelta da <strong>Ivana Del Siena<\/strong> e <strong>Patrizia Dindelli<\/strong>.<\/p>\n<p> \t<em>\u201c<\/em>Il mio \u201cDiario di Quarantena\u201d nasce dalla necessit\u00e0 che ho avvertito, durante il lockdown di marzo 2020, di esprimere tutte le mie emozioni e le mie riflessioni, non solo su ci\u00f2 che stava accadendo durante quel periodo, ma anche sulle mie esperienze e sulla mia vita. Il Diario \u00e8 stato un nuovo migliore amico, una salvezza nei momenti pi\u00f9 difficili, un testimone di questo periodo storico che nessuno di noi dimenticher\u00e0 mai<em>\u201d, <\/em>racconta Giada Baldan<em>.<\/em><\/p>\n<p> \t\u201cHo avuto modo di conoscere il diario di Giada e credo che questo riconoscimento premi la maturit\u00e0 e responsabilit\u00e0 di questa ragazza attraverso una testimonianza di vita sensibile e profonda. Congratulazioni per questo importante risultato\u201d, ha affermato l\u2019assessore alla cultura del Comune di Ronchi dei Legionari,<strong> Mauro Benvenuto. <\/strong><\/p>\n","protected":false},"excerpt":{"rendered":"<p>Premio Pieve Saverio Tutino<\/p>\n","protected":false},"author":22,"featured_media":40568,"comment_status":"closed","ping_status":"closed","sticky":false,"template":"","format":"standard","meta":{"dwc-title":[],"dwc-content":[],"footnotes":""},"categories":[37],"tags":[],"class_list":["post-40567","post","type-post","status-publish","format-standard","has-post-thumbnail","hentry","category-cultura-e-spettacolo"],"rttpg_featured_image_url":{"full":["https:\/\/imagazine.it\/wp-content\/uploads\/2024\/01\/43716-1.webp",2048,1365,false],"landscape":["https:\/\/imagazine.it\/wp-content\/uploads\/2024\/01\/43716-1.webp",2048,1365,false],"portraits":["https:\/\/imagazine.it\/wp-content\/uploads\/2024\/01\/43716-1.webp",2048,1365,false],"thumbnail":["https:\/\/imagazine.it\/wp-content\/uploads\/2024\/01\/43716-1-150x150.webp",150,150,true],"medium":["https:\/\/imagazine.it\/wp-content\/uploads\/2024\/01\/43716-1-300x200.webp",300,200,true],"large":["https:\/\/imagazine.it\/wp-content\/uploads\/2024\/01\/43716-1-1024x683.webp",640,427,true],"thumblist":["https:\/\/imagazine.it\/wp-content\/uploads\/2024\/01\/43716-1.webp",300,200,false],"thumbrelated":["https:\/\/imagazine.it\/wp-content\/uploads\/2024\/01\/43716-1.webp",500,333,false],"meccarouselthumb":["https:\/\/imagazine.it\/wp-content\/uploads\/2024\/01\/43716-1.webp",474,316,false],"gridsquare":["https:\/\/imagazine.it\/wp-content\/uploads\/2024\/01\/43716-1.webp",391,260,false],"tileview":["https:\/\/imagazine.it\/wp-content\/uploads\/2024\/01\/43716-1.webp",300,200,false],"1536x1536":["https:\/\/imagazine.it\/wp-content\/uploads\/2024\/01\/43716-1-1536x1024.webp",1536,1024,true],"2048x2048":["https:\/\/imagazine.it\/wp-content\/uploads\/2024\/01\/43716-1.webp",2048,1365,false],"newsup-slider-full":["https:\/\/imagazine.it\/wp-content\/uploads\/2024\/01\/43716-1-1280x720.webp",1280,720,true],"newsup-featured":["https:\/\/imagazine.it\/wp-content\/uploads\/2024\/01\/43716-1-1024x683.webp",1024,683,true],"newsup-medium":["https:\/\/imagazine.it\/wp-content\/uploads\/2024\/01\/43716-1-720x380.webp",720,380,true],"tptn_thumbnail":["https:\/\/imagazine.it\/wp-content\/uploads\/2024\/01\/43716-1.webp",250,167,false],"sow-carousel-default":["https:\/\/imagazine.it\/wp-content\/uploads\/2024\/01\/43716-1-272x182.webp",272,182,true]},"rttpg_author":{"display_name":"Livio Nonis","author_link":"https:\/\/imagazine.it\/home_desk\/author\/nonis\/"},"rttpg_comment":0,"rttpg_category":"<a href=\"https:\/\/imagazine.it\/home_desk\/category\/cultura-e-spettacolo\/\" rel=\"category tag\">CULTURA&amp;SPETTACOLO<\/a>","rttpg_excerpt":"Premio Pieve Saverio Tutino","_links":{"self":[{"href":"https:\/\/imagazine.it\/home_desk\/wp-json\/wp\/v2\/posts\/40567","targetHints":{"allow":["GET"]}}],"collection":[{"href":"https:\/\/imagazine.it\/home_desk\/wp-json\/wp\/v2\/posts"}],"about":[{"href":"https:\/\/imagazine.it\/home_desk\/wp-json\/wp\/v2\/types\/post"}],"author":[{"embeddable":true,"href":"https:\/\/imagazine.it\/home_desk\/wp-json\/wp\/v2\/users\/22"}],"replies":[{"embeddable":true,"href":"https:\/\/imagazine.it\/home_desk\/wp-json\/wp\/v2\/comments?post=40567"}],"version-history":[{"count":0,"href":"https:\/\/imagazine.it\/home_desk\/wp-json\/wp\/v2\/posts\/40567\/revisions"}],"wp:featuredmedia":[{"embeddable":true,"href":"https:\/\/imagazine.it\/home_desk\/wp-json\/wp\/v2\/media\/40568"}],"wp:attachment":[{"href":"https:\/\/imagazine.it\/home_desk\/wp-json\/wp\/v2\/media?parent=40567"}],"wp:term":[{"taxonomy":"category","embeddable":true,"href":"https:\/\/imagazine.it\/home_desk\/wp-json\/wp\/v2\/categories?post=40567"},{"taxonomy":"post_tag","embeddable":true,"href":"https:\/\/imagazine.it\/home_desk\/wp-json\/wp\/v2\/tags?post=40567"}],"curies":[{"name":"wp","href":"https:\/\/api.w.org\/{rel}","templated":true}]}}