{"id":40551,"date":"2021-10-12T00:00:00","date_gmt":"2021-10-11T23:00:00","guid":{"rendered":"https:\/\/imagazine.it\/?p=40551"},"modified":"2021-10-12T00:00:00","modified_gmt":"2021-10-11T23:00:00","slug":"valbruna-nuovo-futuro-per-lhotel-saisera","status":"publish","type":"post","link":"https:\/\/imagazine.it\/home_desk\/valbruna-nuovo-futuro-per-lhotel-saisera\/","title":{"rendered":"Valbruna, nuovo futuro per l&#8217;Hotel Saisera"},"content":{"rendered":"<p> \tA 90 anni vuole vedere realizzato un sogno: completare la riqualificazione dell&#39;<strong>Hotel<\/strong> <strong>Saisera<\/strong> di <strong>Valbruna<\/strong>.<\/p>\n<p> \t\u00c8 il desiderio di <strong>Vito\u00a0Anselmi<\/strong>, 87 anni, proprietario dell&#39;<strong>Hotel<\/strong> <strong>Il Cervo<\/strong> di <strong>Tarvisio<\/strong>, che, dal 20 marzo del 2020, \u00e8 titolare anche del plesso turistico nella vicina cittadina montana.<\/p>\n<p> \tUn complesso che ricorda il periodo asburgico, passato di gestione e gestione, fino all&#39;acquisto all&#39;asta pochi giorni prima del lockdown generale, quando la pandemia impervers\u00f2 su tutti noi, chiudendoci in casa.<\/p>\n<p> \t\u201cPochi giorni prima ci rinchiudessero, avevo acquistato all&#39;asta questa struttura. Diciamo che non fu proprio uno dei migliori momenti: compro all&#39;asta un hotel e il lockdown chiude ogni possibilit\u00e0 di vita e di lavoro. Ho sperato fin da subito che il Covid, come se ne era arrivato, se ne sarebbe andato. E cos\u00ec \u00e8 stato\u201d, dichiara Anselmi.<\/p>\n<p> \tOra, sono in partenza i lavori per la riqualificazione di un hotel che gode di un fascino tutto suo. Oltre agli interni, gi\u00e0 molto gradevoli e curati, con la rimembranza di un rifugio all&#39;interno di una riserva di caccia, in periodo asburgico, sar\u00e0 dato valore e lustro alle parti esterne.<\/p>\n<p> \tUn ampio giardino permetter\u00e0 la realizzazione di idromassaggi esterni, anche e soprattutto per l&#39;inverno. Stalli per prendere il sole in relax. Verr\u00e0 creato un centro benessere, per un investimento di 1 milione di euro.<\/p>\n<p> \tCon le altre strutture ricettive di propriet\u00e0 di\u00a0Anselmi, uno dei pi\u00f9 vivaci imprenditori della Valcanale, in totale i posti letto giungono a: 312.<\/p>\n<p> \t\u201cDevo arrivare ai miei novant&#39;anni con il Saisera compiuto &#8211; spiega -: mi sento con le energie come quando avevo trent&#39;anni, perch\u00e9 devo fermarmi? Mi hanno appena rinnovato la patente. Si va avanti\u201d.<\/p>\n","protected":false},"excerpt":{"rendered":"<p>Proseguono i lavori di riqualificazione<\/p>\n","protected":false},"author":28,"featured_media":40552,"comment_status":"closed","ping_status":"closed","sticky":false,"template":"","format":"standard","meta":{"dwc-title":[],"dwc-content":[],"footnotes":""},"categories":[6],"tags":[],"class_list":["post-40551","post","type-post","status-publish","format-standard","has-post-thumbnail","hentry","category-societa"],"rttpg_featured_image_url":{"full":["https:\/\/imagazine.it\/wp-content\/uploads\/2024\/01\/43696-1.webp",800,677,false],"landscape":["https:\/\/imagazine.it\/wp-content\/uploads\/2024\/01\/43696-1.webp",800,677,false],"portraits":["https:\/\/imagazine.it\/wp-content\/uploads\/2024\/01\/43696-1.webp",800,677,false],"thumbnail":["https:\/\/imagazine.it\/wp-content\/uploads\/2024\/01\/43696-1-150x150.webp",150,150,true],"medium":["https:\/\/imagazine.it\/wp-content\/uploads\/2024\/01\/43696-1-300x254.webp",300,254,true],"large":["https:\/\/imagazine.it\/wp-content\/uploads\/2024\/01\/43696-1.webp",640,542,false],"thumblist":["https:\/\/imagazine.it\/wp-content\/uploads\/2024\/01\/43696-1.webp",300,254,false],"thumbrelated":["https:\/\/imagazine.it\/wp-content\/uploads\/2024\/01\/43696-1.webp",500,423,false],"meccarouselthumb":["https:\/\/imagazine.it\/wp-content\/uploads\/2024\/01\/43696-1.webp",383,324,false],"gridsquare":["https:\/\/imagazine.it\/wp-content\/uploads\/2024\/01\/43696-1.webp",307,260,false],"tileview":["https:\/\/imagazine.it\/wp-content\/uploads\/2024\/01\/43696-1.webp",300,254,false],"1536x1536":["https:\/\/imagazine.it\/wp-content\/uploads\/2024\/01\/43696-1.webp",800,677,false],"2048x2048":["https:\/\/imagazine.it\/wp-content\/uploads\/2024\/01\/43696-1.webp",800,677,false],"newsup-slider-full":["https:\/\/imagazine.it\/wp-content\/uploads\/2024\/01\/43696-1.webp",800,677,false],"newsup-featured":["https:\/\/imagazine.it\/wp-content\/uploads\/2024\/01\/43696-1.webp",800,677,false],"newsup-medium":["https:\/\/imagazine.it\/wp-content\/uploads\/2024\/01\/43696-1-720x380.webp",720,380,true],"tptn_thumbnail":["https:\/\/imagazine.it\/wp-content\/uploads\/2024\/01\/43696-1.webp",248,210,false],"sow-carousel-default":["https:\/\/imagazine.it\/wp-content\/uploads\/2024\/01\/43696-1-272x182.webp",272,182,true]},"rttpg_author":{"display_name":"redazione","author_link":"https:\/\/imagazine.it\/home_desk\/author\/redazione\/"},"rttpg_comment":0,"rttpg_category":"<a href=\"https:\/\/imagazine.it\/home_desk\/category\/societa\/\" rel=\"category tag\">SOCIET\u00c0<\/a>","rttpg_excerpt":"Proseguono i lavori di riqualificazione","_links":{"self":[{"href":"https:\/\/imagazine.it\/home_desk\/wp-json\/wp\/v2\/posts\/40551","targetHints":{"allow":["GET"]}}],"collection":[{"href":"https:\/\/imagazine.it\/home_desk\/wp-json\/wp\/v2\/posts"}],"about":[{"href":"https:\/\/imagazine.it\/home_desk\/wp-json\/wp\/v2\/types\/post"}],"author":[{"embeddable":true,"href":"https:\/\/imagazine.it\/home_desk\/wp-json\/wp\/v2\/users\/28"}],"replies":[{"embeddable":true,"href":"https:\/\/imagazine.it\/home_desk\/wp-json\/wp\/v2\/comments?post=40551"}],"version-history":[{"count":0,"href":"https:\/\/imagazine.it\/home_desk\/wp-json\/wp\/v2\/posts\/40551\/revisions"}],"wp:featuredmedia":[{"embeddable":true,"href":"https:\/\/imagazine.it\/home_desk\/wp-json\/wp\/v2\/media\/40552"}],"wp:attachment":[{"href":"https:\/\/imagazine.it\/home_desk\/wp-json\/wp\/v2\/media?parent=40551"}],"wp:term":[{"taxonomy":"category","embeddable":true,"href":"https:\/\/imagazine.it\/home_desk\/wp-json\/wp\/v2\/categories?post=40551"},{"taxonomy":"post_tag","embeddable":true,"href":"https:\/\/imagazine.it\/home_desk\/wp-json\/wp\/v2\/tags?post=40551"}],"curies":[{"name":"wp","href":"https:\/\/api.w.org\/{rel}","templated":true}]}}