{"id":40539,"date":"2021-10-11T00:00:00","date_gmt":"2021-10-10T23:00:00","guid":{"rendered":"https:\/\/imagazine.it\/?p=40539"},"modified":"2021-10-11T00:00:00","modified_gmt":"2021-10-10T23:00:00","slug":"il-triestino-yane-vola-verso-lindie-pop","status":"publish","type":"post","link":"https:\/\/imagazine.it\/home_desk\/il-triestino-yane-vola-verso-lindie-pop\/","title":{"rendered":"Il triestino Yane vola verso l&#8217;indie pop"},"content":{"rendered":"<p> \t\u201c<strong>Icaro<\/strong>\u201d \u00e8 il titolo del <strong>nuovo singolo e video<\/strong> del musicista triestino classe \u201987 <strong>Riccardo Civita<\/strong> alias <strong>Yane<\/strong>, disponibile in tutte le piattaforme digitali pubblicato da <strong>Antieroi Dischi<\/strong>.<\/p>\n<p> \t\u201cIcaro\u201d nasce dalla collaborazione con il <strong>beatmaker Markus<\/strong>, gi\u00e0 fondatore del collettivo triestino Katana Music, e per questo nuovo lavoro l\u2019obiettivo dell\u2019artista \u00e8 stato quello di trovare una soluzione diversa dalle precedenti pubblicazioni, che ruotavano principalmente attorno al mondo Hip-Hop classico.<\/p>\n<p> \tSe linee vocali rappate con tematiche e metriche vicine all\u2019hardcore hanno caratterizzato le sue passate release, <strong>per \u201cIcaro\u201d <\/strong>ha scelto un approccio pi\u00f9 melodico, sperimentando una <strong>nuova dimensione<\/strong> con <strong>un flow che potesse abbracciare un beat pi\u00f9 moderno e vicino alle sonorit\u00e0 trap e indie pop<\/strong>.<\/p>\n<p> \tNel testo mette in mostra un suo <strong>stato emozionale<\/strong>, dove sente di avere tutto ma allo stesso tempo vuole avere sempre di pi\u00f9, rimanendo alla fine con una sensazione di <strong>vuoto assoluto<\/strong>. Nel ritornello canta: \u201c<em>Se volo in alto mi brucio di pi\u00f9, cado nel vuoto e divento fumo<\/em>\u201d, e qui \u00e8 spiegato il paragone con il mito greco, che come lui, accetta il rischio di cadere nel cercare di andare sempre pi\u00f9 in alto.<\/p>\n<p> \tYane ha voluto raccontare pezzi sparsi di ci\u00f2 che prova quotidianamente, cercando di spiegare un sentimento alle persone che gli sono vicine, ma, anche mettere a fuoco tutto quello che gli manca. Amicizie, amori e passioni non corrisposte che sembrano sempre mancare, alla fine sono tutte al loro posto dove dovrebbero essere.<\/p>\n<p> \tIcaro poi \u00e8 anche il risultato di un attento lavoro di squadra, dove oltre al producer Markus hanno dato il loro fondamentale apporto anche le tastiere di <strong>Christian \u201cNoochie\u201d Rigano<\/strong>, il master di <strong>Andrea Suriani<\/strong>, e per Antieroi Dischi la supervisione artistica e produzione aggiuntiva di <strong>Ricky \u201cLoZio\u201d Carioti<\/strong> e la produzione esecutiva di <strong>Igor<\/strong> <strong>Ambrosino<\/strong>.<\/p>\n<p> \tIl <strong>videoclip<\/strong> realizzato da <strong>Erik Pasini &#038; Arti Merdov<\/strong>, alterna due scene principali. La prima in interna dove una coppia di fidanzati \u00e8 avvolta da un sentimento contrastante: <strong>stare assieme ed amarsi, ma, nello stesso tempo a voler stare divisi<\/strong>. In questa sequenza uno dei playback \u00e8 stato girato al doppio della velocit\u00e0, cos\u00ec da poter dare pi\u00f9 fluidit\u00e0 in slow motion una volta riportato in synch.<\/p>\n<p> \tLa seconda in esterna, vede i due all\u2019interno dell\u2019abitacolo di un\u2019auto in movimento, dove per\u00f2 i soggetti non sono mai inquadrati assieme, questo per valorizzare il <strong>senso di separazione tra i protagonisti<\/strong>.<\/p>\n","protected":false},"excerpt":{"rendered":"<p>Guarda il video<\/p>\n","protected":false},"author":28,"featured_media":40540,"comment_status":"closed","ping_status":"closed","sticky":false,"template":"","format":"standard","meta":{"dwc-title":[],"dwc-content":[],"footnotes":""},"categories":[37],"tags":[],"class_list":["post-40539","post","type-post","status-publish","format-standard","has-post-thumbnail","hentry","category-cultura-e-spettacolo"],"rttpg_featured_image_url":{"full":["https:\/\/imagazine.it\/wp-content\/uploads\/2024\/01\/43668-1.webp",1000,668,false],"landscape":["https:\/\/imagazine.it\/wp-content\/uploads\/2024\/01\/43668-1.webp",1000,668,false],"portraits":["https:\/\/imagazine.it\/wp-content\/uploads\/2024\/01\/43668-1.webp",1000,668,false],"thumbnail":["https:\/\/imagazine.it\/wp-content\/uploads\/2024\/01\/43668-1-150x150.webp",150,150,true],"medium":["https:\/\/imagazine.it\/wp-content\/uploads\/2024\/01\/43668-1-300x200.webp",300,200,true],"large":["https:\/\/imagazine.it\/wp-content\/uploads\/2024\/01\/43668-1.webp",640,428,false],"thumblist":["https:\/\/imagazine.it\/wp-content\/uploads\/2024\/01\/43668-1.webp",300,200,false],"thumbrelated":["https:\/\/imagazine.it\/wp-content\/uploads\/2024\/01\/43668-1.webp",500,334,false],"meccarouselthumb":["https:\/\/imagazine.it\/wp-content\/uploads\/2024\/01\/43668-1.webp",474,317,false],"gridsquare":["https:\/\/imagazine.it\/wp-content\/uploads\/2024\/01\/43668-1.webp",389,260,false],"tileview":["https:\/\/imagazine.it\/wp-content\/uploads\/2024\/01\/43668-1.webp",300,200,false],"1536x1536":["https:\/\/imagazine.it\/wp-content\/uploads\/2024\/01\/43668-1.webp",1000,668,false],"2048x2048":["https:\/\/imagazine.it\/wp-content\/uploads\/2024\/01\/43668-1.webp",1000,668,false],"newsup-slider-full":["https:\/\/imagazine.it\/wp-content\/uploads\/2024\/01\/43668-1.webp",1000,668,false],"newsup-featured":["https:\/\/imagazine.it\/wp-content\/uploads\/2024\/01\/43668-1.webp",1000,668,false],"newsup-medium":["https:\/\/imagazine.it\/wp-content\/uploads\/2024\/01\/43668-1-720x380.webp",720,380,true],"tptn_thumbnail":["https:\/\/imagazine.it\/wp-content\/uploads\/2024\/01\/43668-1.webp",250,167,false],"sow-carousel-default":["https:\/\/imagazine.it\/wp-content\/uploads\/2024\/01\/43668-1-272x182.webp",272,182,true]},"rttpg_author":{"display_name":"redazione","author_link":"https:\/\/imagazine.it\/home_desk\/author\/redazione\/"},"rttpg_comment":0,"rttpg_category":"<a href=\"https:\/\/imagazine.it\/home_desk\/category\/cultura-e-spettacolo\/\" rel=\"category tag\">CULTURA&amp;SPETTACOLO<\/a>","rttpg_excerpt":"Guarda il video","_links":{"self":[{"href":"https:\/\/imagazine.it\/home_desk\/wp-json\/wp\/v2\/posts\/40539","targetHints":{"allow":["GET"]}}],"collection":[{"href":"https:\/\/imagazine.it\/home_desk\/wp-json\/wp\/v2\/posts"}],"about":[{"href":"https:\/\/imagazine.it\/home_desk\/wp-json\/wp\/v2\/types\/post"}],"author":[{"embeddable":true,"href":"https:\/\/imagazine.it\/home_desk\/wp-json\/wp\/v2\/users\/28"}],"replies":[{"embeddable":true,"href":"https:\/\/imagazine.it\/home_desk\/wp-json\/wp\/v2\/comments?post=40539"}],"version-history":[{"count":0,"href":"https:\/\/imagazine.it\/home_desk\/wp-json\/wp\/v2\/posts\/40539\/revisions"}],"wp:featuredmedia":[{"embeddable":true,"href":"https:\/\/imagazine.it\/home_desk\/wp-json\/wp\/v2\/media\/40540"}],"wp:attachment":[{"href":"https:\/\/imagazine.it\/home_desk\/wp-json\/wp\/v2\/media?parent=40539"}],"wp:term":[{"taxonomy":"category","embeddable":true,"href":"https:\/\/imagazine.it\/home_desk\/wp-json\/wp\/v2\/categories?post=40539"},{"taxonomy":"post_tag","embeddable":true,"href":"https:\/\/imagazine.it\/home_desk\/wp-json\/wp\/v2\/tags?post=40539"}],"curies":[{"name":"wp","href":"https:\/\/api.w.org\/{rel}","templated":true}]}}