{"id":40535,"date":"2021-10-11T00:00:00","date_gmt":"2021-10-10T23:00:00","guid":{"rendered":"https:\/\/imagazine.it\/?p=40535"},"modified":"2021-10-11T00:00:00","modified_gmt":"2021-10-10T23:00:00","slug":"competenza-friulana-per-la-stazione-di-sesto-san-giovanni","status":"publish","type":"post","link":"https:\/\/imagazine.it\/home_desk\/competenza-friulana-per-la-stazione-di-sesto-san-giovanni\/","title":{"rendered":"Competenza friulana per la stazione di Sesto San Giovanni"},"content":{"rendered":"<p> \tSi \u00e8 tenuta questa mattina, presso le ex aree Falck, la cerimonia di posa della prima pietra della futura nuova stazione ferroviaria di <strong>Sesto San Giovanni<\/strong>, organizzata da <strong>Milanosesto<\/strong> e <strong>Cimolai<\/strong>, in collaborazione con il Comune di Sesto San Giovanni, Hines (advisor strategico, development manager del progetto ed investitore del primo lotto privato di sviluppo Unione 0), il Gruppo Prelios (che cura il project management dell\u2019iniziativa) e Rete Ferroviaria Italiana (Gruppo FS Italiane).<\/p>\n<p> \tUn appuntamento che rappresenta anche l\u2019ufficializzazione dell\u2019avvio dei lavori di MilanoSesto \u2013 il pi\u00f9 grande progetto di rigenerazione urbana in Italia e fra i principali in Europa con un investimento di 3,5 miliardi di euro \u2013 a cui hanno partecipato, oltre ai vertici delle societ\u00e0 coinvolte, il presidente della Regione Lombardia, <strong>Attilio Fontana<\/strong>, e il sindaco della citt\u00e0,<strong> Roberto Di Stefano<\/strong>.<\/p>\n<p> \tI lavori per la nuova stazione, iniziati a luglio di quest\u2019anno, richiederanno due anni e verranno realizzati da Cimolai S.p.A., che si \u00e8 aggiudicata una gara pubblica la scorsa primavera.<\/p>\n<p> \tProgettata dallo studio Renzo Piano Building Workshop con Ottavio Di Blasi &#038; Partners, la stazione sar\u00e0 composta da una passerella di 89 metri di lunghezza per 18 di larghezza, sospesa al di sopra della linea ferroviaria esistente, che avr\u00e0 una funzione di \u201cricongiunzione\u201d, unendo due parti di Sesto San Giovanni da sempre divise dai binari, ovvero Piazza 1\u00b0 Maggio e le aree ex Falck. Sar\u00e0, inoltre, attrezzata con numerosi servizi e spazi commerciali di varia natura e funger\u00e0 da punto panoramico di osservazione su tutto il progetto di MilanoSesto, che trasformer\u00e0 un\u2019area di 1,5 milioni di metri quadrati, ridisegnando l\u2019assetto urbano dell\u2019intera citt\u00e0 di Sesto San Giovanni e contribuendo anche a ridefinire i nuovi confini dell\u2019area metropolitana di Milano.<\/p>\n<p> \tCon riferimento al progetto, la timeline di MilanoSesto prevede tra pochi mesi, all\u2019inizio del 2022, l\u2019avvio del cantiere per la realizzazione del primo lotto privato Unione 0, grazie all\u2019investimento di Hines pari a 500 milioni di Euro. Lo sviluppo di questa prima porzione, con una superficie lorda di circa 250.000 mq, inclusiva di spazi fuori terra ed interrati, vedr\u00e0 la costruzione di uffici, aree destinate all\u2019hospitality e alle attivit\u00e0 commerciali di vicinato, un\u2019offerta residenziale innovativa basata su canoni accessibili, servizi ancillari dedicati alla persona e uno schema intergenerazionale declinato in student housing per i pi\u00f9 giovani e multifamily per professionisti e giovani famiglie, oltre alla prima porzione di parco (13 ettari, parte dei complessivi 45 ettari di verde).<\/p>\n<p> \tProprio accanto a Unione 0 sorger\u00e0 un polo di eccellenza sanitaria, la Citt\u00e0 della Salute e della Ricerca, che ospiter\u00e0 le nuove sedi dell\u2019Istituto Nazionale dei Tumori e dell\u2019Istituto Carlo Besta.<\/p>\n<p> \tAll\u2019evento hanno partecipato anche<strong> Giuseppe Bonomi<\/strong>, amministratore delegato di Milanosesto S.p.A., <strong>Luigi Cimolai<\/strong>, presidente di Cimolai S.p.A., e <strong>Mario Abbadessa<\/strong> di Hines Italy.<\/p>\n","protected":false},"excerpt":{"rendered":"<p>Cerimonia di posa della prima pietra<\/p>\n","protected":false},"author":28,"featured_media":40536,"comment_status":"closed","ping_status":"closed","sticky":false,"template":"","format":"standard","meta":{"dwc-title":[],"dwc-content":[],"footnotes":""},"categories":[6],"tags":[],"class_list":["post-40535","post","type-post","status-publish","format-standard","has-post-thumbnail","hentry","category-societa"],"rttpg_featured_image_url":{"full":["https:\/\/imagazine.it\/wp-content\/uploads\/2024\/01\/43662-1.webp",1000,667,false],"landscape":["https:\/\/imagazine.it\/wp-content\/uploads\/2024\/01\/43662-1.webp",1000,667,false],"portraits":["https:\/\/imagazine.it\/wp-content\/uploads\/2024\/01\/43662-1.webp",1000,667,false],"thumbnail":["https:\/\/imagazine.it\/wp-content\/uploads\/2024\/01\/43662-1-150x150.webp",150,150,true],"medium":["https:\/\/imagazine.it\/wp-content\/uploads\/2024\/01\/43662-1-300x200.webp",300,200,true],"large":["https:\/\/imagazine.it\/wp-content\/uploads\/2024\/01\/43662-1.webp",640,427,false],"thumblist":["https:\/\/imagazine.it\/wp-content\/uploads\/2024\/01\/43662-1.webp",300,200,false],"thumbrelated":["https:\/\/imagazine.it\/wp-content\/uploads\/2024\/01\/43662-1.webp",500,334,false],"meccarouselthumb":["https:\/\/imagazine.it\/wp-content\/uploads\/2024\/01\/43662-1.webp",474,316,false],"gridsquare":["https:\/\/imagazine.it\/wp-content\/uploads\/2024\/01\/43662-1.webp",391,260,false],"tileview":["https:\/\/imagazine.it\/wp-content\/uploads\/2024\/01\/43662-1.webp",300,200,false],"1536x1536":["https:\/\/imagazine.it\/wp-content\/uploads\/2024\/01\/43662-1.webp",1000,667,false],"2048x2048":["https:\/\/imagazine.it\/wp-content\/uploads\/2024\/01\/43662-1.webp",1000,667,false],"newsup-slider-full":["https:\/\/imagazine.it\/wp-content\/uploads\/2024\/01\/43662-1.webp",1000,667,false],"newsup-featured":["https:\/\/imagazine.it\/wp-content\/uploads\/2024\/01\/43662-1.webp",1000,667,false],"newsup-medium":["https:\/\/imagazine.it\/wp-content\/uploads\/2024\/01\/43662-1-720x380.webp",720,380,true],"tptn_thumbnail":["https:\/\/imagazine.it\/wp-content\/uploads\/2024\/01\/43662-1.webp",250,167,false],"sow-carousel-default":["https:\/\/imagazine.it\/wp-content\/uploads\/2024\/01\/43662-1-272x182.webp",272,182,true]},"rttpg_author":{"display_name":"redazione","author_link":"https:\/\/imagazine.it\/home_desk\/author\/redazione\/"},"rttpg_comment":0,"rttpg_category":"<a href=\"https:\/\/imagazine.it\/home_desk\/category\/societa\/\" rel=\"category tag\">SOCIET\u00c0<\/a>","rttpg_excerpt":"Cerimonia di posa della prima pietra","_links":{"self":[{"href":"https:\/\/imagazine.it\/home_desk\/wp-json\/wp\/v2\/posts\/40535","targetHints":{"allow":["GET"]}}],"collection":[{"href":"https:\/\/imagazine.it\/home_desk\/wp-json\/wp\/v2\/posts"}],"about":[{"href":"https:\/\/imagazine.it\/home_desk\/wp-json\/wp\/v2\/types\/post"}],"author":[{"embeddable":true,"href":"https:\/\/imagazine.it\/home_desk\/wp-json\/wp\/v2\/users\/28"}],"replies":[{"embeddable":true,"href":"https:\/\/imagazine.it\/home_desk\/wp-json\/wp\/v2\/comments?post=40535"}],"version-history":[{"count":0,"href":"https:\/\/imagazine.it\/home_desk\/wp-json\/wp\/v2\/posts\/40535\/revisions"}],"wp:featuredmedia":[{"embeddable":true,"href":"https:\/\/imagazine.it\/home_desk\/wp-json\/wp\/v2\/media\/40536"}],"wp:attachment":[{"href":"https:\/\/imagazine.it\/home_desk\/wp-json\/wp\/v2\/media?parent=40535"}],"wp:term":[{"taxonomy":"category","embeddable":true,"href":"https:\/\/imagazine.it\/home_desk\/wp-json\/wp\/v2\/categories?post=40535"},{"taxonomy":"post_tag","embeddable":true,"href":"https:\/\/imagazine.it\/home_desk\/wp-json\/wp\/v2\/tags?post=40535"}],"curies":[{"name":"wp","href":"https:\/\/api.w.org\/{rel}","templated":true}]}}