{"id":40529,"date":"2021-10-11T00:00:00","date_gmt":"2021-10-10T23:00:00","guid":{"rendered":"https:\/\/imagazine.it\/?p=40529"},"modified":"2021-10-11T00:00:00","modified_gmt":"2021-10-10T23:00:00","slug":"i-vincitori-del-premio-luchetta-si-confrontano-a-trieste","status":"publish","type":"post","link":"https:\/\/imagazine.it\/home_desk\/i-vincitori-del-premio-luchetta-si-confrontano-a-trieste\/","title":{"rendered":"I vincitori del Premio Luchetta si confrontano a Trieste"},"content":{"rendered":"<p> \tTre giorni per parlare del nostro tempo: per <strong>leggere l\u2019attualit\u00e0 insieme ai vincitori del Premio Luchetta<\/strong>, che hanno vissuto e raccontato in prima linea alcuni dei fatti pi\u00f9 significativi delle ultime stagioni, e con il contributo di altri colleghi giornalisti, di osservatori e analisti focalizzati sugli scenari internazionali dei nostri giorni.<\/p>\n<p> \tQuesto l\u2019obiettivo delle<strong> Giornate del Premio Luchetta<\/strong>, in programma nella <strong>Sala Luttazzi <\/strong><strong>al Magazzino 26 del Porto Vecchio di Trieste<\/strong><strong> da venerd\u00ec 15 a domenica 17 ottobre<\/strong>: un cartellone di incontri, dialoghi e proiezioni per leggere il mondo e le grandi questioni aperte, gli eventi che in un contesto globale riguardano ogni cittadino del pianeta, quindi ciascuno di noi.<\/p>\n<p> \tDagli accadimenti che in estate hanno coinvolto <strong>l\u2019Afghanistan<\/strong> alle diseguaglianze che gravano sul <strong>continente africano<\/strong>, ai temi iconici ed epocali, quelli dei <strong>rifugiati<\/strong> e delle <strong>nuove schiavit\u00f9<\/strong>. Inscritto nel dna della Fondazione Luchetta \u00e8 <strong>lo sguardo sulle giovani generazioni<\/strong>: e un focus sar\u00e0 infatti dedicato alle criticita\u2019 che gravano sull\u2019infanzia e sull\u2019adolescenza italiana dopo la crisi pandemica, in un contesto che acuisce l\u2019insicurezza sociale e costringe tanti, troppi giovani al rischio di marginalit\u00e0 ed esclusione. <strong>Promosse dalla Fondazione Luchetta<\/strong> con il sostegno della <strong>Fondazione CRTrieste<\/strong>, di <strong>Cr\u00e9dit Agricole Friuladria<\/strong>, le Giornate del Premio Luchetta si svolgeranno sotto l\u2019egida della <strong>FNSI<\/strong> e dell\u2019<strong>Ordine dei Giornalisti. <\/strong><\/p>\n<p> \tUn cartellone nel quale si confronteranno i <strong>vincitori del Premio Luchetta 2021<\/strong> \u2013 i giornalisti <strong>Giammarco Sicuro, Elena Testi, Emanuela Zuccal\u00e0, <\/strong><strong>Jos\u00e9 Ignacio Mart\u00ednez <\/strong><strong>Rodr\u00edguez<\/strong> <strong>e Alessio Mamo<\/strong> \u2013 insieme ad altri \u201cstoryteller\u201d del nostro tempo: come la giornalista <strong>Barbara Schiavulli<\/strong> e la fotografa <strong>Monika Bulaj<\/strong>, il presidente del Consorzio Italiano di Solidariet\u00e0 <strong>Gianfranco Schiavone<\/strong>, la giornalista <strong>Alessandra Muglia,<\/strong> l\u2019economista <strong>Duccio Facchin<\/strong>i, il sociologo <strong>Devi Facchetto,<\/strong> il giornalista <strong>Nico Piro<\/strong>, che da 15 anni segue e analizza l\u2019evoluzione dei fatti in Afghanistan, Premio Luchetta 2009 e quest\u2019anno insignito del Premio Speciale della Fondazione Luchetta 2021.<\/p>\n<p> \tL\u2019accesso \u00e8 libero dietro presentazione di green pass, <strong>prenotazioni<\/strong> <strong>sul sito <\/strong><u><a href=\"https:\/\/urlsand.esvalabs.com\/?u=http%3A%2F%2Fpremioluchetta.com%2Fprenotazioni&#038;e=b04583e6&#038;h=6b399d0f&#038;f=y&#038;p=n\" target=\"_blank\" title=\"premioluchetta.com\" rel=\"noopener\"><span style=\"color:#0000cd;\"><strong>premioluchetta.com\/prenotazioni<\/strong><\/span><\/a><\/u><\/p>\n<p> \tSi parte <strong>venerd\u00ec 15 ottobre, alle 18<\/strong>, con l\u2019incontro sul tema \u201c<strong>Cos\u2019 \u00e8 successo in Afghanistan? Analisi di un conflitto che ci riguarda\u201d<\/strong>, nel quale si confronteranno <strong>Nico Piro, Barbara Schiavulli<\/strong> e <strong>Monika Bulaj,<\/strong> coordinati dal responsabile della sede Ansa FVG <strong>Francesco De Filippo<\/strong>. Le Giornate del Premio Luchetta si aprono, doverosamente, con <strong>una riflessione sui fatti in Afghanistan e sulla nuova fase storica che si apre con la riconquista del potere da parte dei talebani. <\/strong>Mentre il Paese vive una drammatica crisi umanitaria, \u00e8 in atto l\u2019avventuroso esodo di coloro che ritengono di essere a rischio di persecuzione per motivi politici, etnici, religiosi o di appartenenza a determinati gruppi sociali. Gli afghani, da anni gi\u00e0 il secondo gruppo di rifugiati pi\u00f9 numerosi al mondo dopo i siriani, si avviano a divenire il simbolo del popolo in fuga e in esilio del XXI secolo, sospesi tra accoglienza e rifiuto.<\/p>\n<p> \t<strong>Sabato 16 ottobre si prosegue, dalle 10<\/strong>, con l\u2019indagine dedicata a \u201c<strong>Gli schiavi di oggi<\/strong>\u201d: la schiavit\u00f9 non \u00e8 una pagina chiusa della storia e nemmeno un tragico fenomeno isolato, piuttosto un dramma che caratterizza la societ\u00e0 contemporanea e coinvolge almeno 40 milioni di uomini, donne e bambini. Sono le persone che cuciono i nostri abiti, che raccolgono cotone e minerali preziosi, coltivano i campi in tutto il mondo, Italia compresa: schiavi o semi-schiavi perch\u00e9 subiscono violenza, controllo, minacce e non possono decidere liberamente di andarsene. <strong>Ne parleranno alle Giornate del Premio Luchetta il finalista 2021<\/strong> <strong>Luca Attanasio<\/strong> con il <strong>vincitore del Premio D\u2019Angelo per la stampa estera <\/strong><strong>Jos\u00e9 Ignacio Mart\u00ednez <\/strong><strong>Rodr\u00edguez<\/strong> e con <strong>Devi Sacchetto<\/strong>, ricercatore di <strong>Sociologia del lavoro<\/strong> all\u2019Universit\u00e0 di Padova, Facolt\u00e0 di Scienze Politiche. Coordina il panel la giornalista <strong>Eva Ciuk<\/strong>. <strong>Si prosegue, dalle 11.30, con un secondo focus dedicato a <\/strong><strong>\u201c<\/strong><strong>La crisi dei rifugiati nell\u2019et\u00e0 dei muri\u201d: <\/strong>intorno a questo tema dialogheranno <strong>Giammarco Sicuro, vincitore Premio Luchetta TV<\/strong> con un reportage dal confine fra Messico e Stati Uniti, <strong>Alessio Mamo vincitore del18.mo Premio Luchetta nella sezione fotografia<\/strong> <strong>intitolata a Miran Hrovatin<\/strong>, <strong>Gianfranco Schiavone<\/strong>, Presidente ICS e studioso delle migrazioni <strong>e<\/strong> il fotoreporter <strong>Alessandro Penso,<\/strong> finalista del Luchetta 2021. \u00a0Condurr\u00e0 l\u2019incontro il giornalista <strong>Duccio Facchini.<\/strong> Il diritto d\u2019asilo \u00e8 in profonda crisi in Europa, come nel mondo in generale. Quasi ovunque i Paesi pi\u00f9 tentano di respingere i rifugiati ai loro confini, anche se ci\u00f2 viola le convenzioni internazionali, e tentano di bloccare i rifugiati in Paesi \u201cterzi\u201d dove gran parte di loro rimane senza protezione o finisce in campi \u201cdi confinamento\u201d, in condizioni durissime e senza alcun futuro. Rotta balcanica e confine USA-Messico, al centro del confronto, sono paradigmi della crisi internazionale del diritto d\u2019asilo e, in ultima analisi, della crisi della nostra societ\u00e0.<\/p>\n<p> \t<strong>Le Giornate del Premio Luchetta proseguiranno nel pomeriggio di sabato 16 ottobre<\/strong>, dalle <strong>15<\/strong>, con la <strong>proiezione<\/strong> dei reportage e servizi vincitori del Premio Luchetta 2021. <strong>Alle 18, attesissima, la cerimonia ufficiale di consegna del Premio Luchetta 2021<\/strong>, condotta dalla giornalista<strong> Marinella Chirico. <\/strong><\/p>\n<p> \t<strong>Domenica 17 ottobre le Giornate 2021 del Premio Luchetta giungono a conclusione con due incontri: dalle 10 si parler\u00e0 di \u201cContrasti d\u2019Africa. I sogni e le lotte che stanno cambiando le sorti del continente\u201d.<\/strong> Si confronteranno la giornalista <strong>Alessandra Muglia<\/strong>, finalista nella sezione stampa italiana, la filmmaker e giornalista <strong>Emanuela Zuccal\u00e0, vincitrice del Premio Luchetta 2021 nella sezione reportage intitolata ad Alessandro Ota<\/strong> e autrice del libro \u201cLa guerra delle donne\u201d (Infinito), la scrittrice <strong>Antonella Napoli.<\/strong> L\u2019incontro sar\u00e0 condotto dalla giornalista e <strong>coordinatrice di Articolo 21 FVG Fabiana Martini<\/strong>. L\u2019immagine stereotipata che viene associata all\u2019Africa \u00e8 quella di un continente attraversato solamente da guerre e in costante involuzione. Mentre \u00e8 vero che l\u2019Africa sta vivendo una forte crescita economica, condizionata tuttavia da profonde diseguaglianze e da una grandissima crescita demografica. Cos\u00ec le megalopoli africane diventano sempre pi\u00f9 spesso l\u2019humus ideale per fomentare tensioni socio-politiche e alimentare le organizzazioni terroristiche locali e transnazionali. Alle comunit\u00e0 rurali, e sempre pi\u00f9 spesso alle donne, \u00e8 affidato un ruolo capofila nell\u2019impegno per il cambiamento culturale, economico e sociale.<\/p>\n<p> \t<strong>Dalle 11.30 riflettori sul panel conclusivo dedicato a \u201cInfanzia italiana tra diseguaglianze ed esclusione\u201d: <\/strong>si confronteranno i giornalisti<strong> Vincenzo Guerrizio<\/strong>, finalista del Premio Luchetta 2021 ed <strong>Elena Testi<\/strong>, <strong>vincitrice 2021 nella sezione stampa italiana.<\/strong> Insieme a loro converser\u00e0 <strong>Pier Aldo Rovatti<\/strong>, nome insigne dell\u2019indagine filosofica del nostro tempo, e condurr\u00e0 l\u2019incontro il giornalista <strong>Nicol\u00f2 Giraldi<\/strong>. La crisi portata dalla pandemia ha portato alla luce, aggravandole e dilatandole, le criticit\u00e0 della situazione dell\u2019infanzia in Italia; la spesa sociale rimane fortemente sbilanciata a sostegno delle generazioni anziane e il diritto di ogni bambino\/a all\u2019istruzione, alla casa, all\u2019accudimento non sempre \u00e8 percepito come questione strategica. Anche la spesa pubblica per l\u2019istruzione \u00e8 in aumento ma resta ben al di sotto della media UE, mentre i programmi di sostegno all\u2019inclusione scolastica dei minori stranieri rimangono del tutto insufficienti. In questo quadro preoccupante emergono sempre pi\u00f9 spesso fenomeni di marginalit\u00e0 e devianza giovanile.<\/p>\n","protected":false},"excerpt":{"rendered":"<p>Dal 15 al 17 ottobre<\/p>\n","protected":false},"author":28,"featured_media":40530,"comment_status":"closed","ping_status":"closed","sticky":false,"template":"","format":"standard","meta":{"dwc-title":[],"dwc-content":[],"footnotes":""},"categories":[5],"tags":[],"class_list":["post-40529","post","type-post","status-publish","format-standard","has-post-thumbnail","hentry","category-attualita"],"rttpg_featured_image_url":{"full":["https:\/\/imagazine.it\/wp-content\/uploads\/2024\/01\/43654-1.webp",1200,808,false],"landscape":["https:\/\/imagazine.it\/wp-content\/uploads\/2024\/01\/43654-1.webp",1200,808,false],"portraits":["https:\/\/imagazine.it\/wp-content\/uploads\/2024\/01\/43654-1.webp",1200,808,false],"thumbnail":["https:\/\/imagazine.it\/wp-content\/uploads\/2024\/01\/43654-1-150x150.webp",150,150,true],"medium":["https:\/\/imagazine.it\/wp-content\/uploads\/2024\/01\/43654-1-300x202.webp",300,202,true],"large":["https:\/\/imagazine.it\/wp-content\/uploads\/2024\/01\/43654-1-1024x689.webp",640,431,true],"thumblist":["https:\/\/imagazine.it\/wp-content\/uploads\/2024\/01\/43654-1.webp",300,202,false],"thumbrelated":["https:\/\/imagazine.it\/wp-content\/uploads\/2024\/01\/43654-1.webp",500,337,false],"meccarouselthumb":["https:\/\/imagazine.it\/wp-content\/uploads\/2024\/01\/43654-1.webp",474,319,false],"gridsquare":["https:\/\/imagazine.it\/wp-content\/uploads\/2024\/01\/43654-1.webp",386,260,false],"tileview":["https:\/\/imagazine.it\/wp-content\/uploads\/2024\/01\/43654-1.webp",300,202,false],"1536x1536":["https:\/\/imagazine.it\/wp-content\/uploads\/2024\/01\/43654-1.webp",1200,808,false],"2048x2048":["https:\/\/imagazine.it\/wp-content\/uploads\/2024\/01\/43654-1.webp",1200,808,false],"newsup-slider-full":["https:\/\/imagazine.it\/wp-content\/uploads\/2024\/01\/43654-1-1200x720.webp",1200,720,true],"newsup-featured":["https:\/\/imagazine.it\/wp-content\/uploads\/2024\/01\/43654-1-1024x689.webp",1024,689,true],"newsup-medium":["https:\/\/imagazine.it\/wp-content\/uploads\/2024\/01\/43654-1-720x380.webp",720,380,true],"tptn_thumbnail":["https:\/\/imagazine.it\/wp-content\/uploads\/2024\/01\/43654-1.webp",250,168,false],"sow-carousel-default":["https:\/\/imagazine.it\/wp-content\/uploads\/2024\/01\/43654-1-272x182.webp",272,182,true]},"rttpg_author":{"display_name":"redazione","author_link":"https:\/\/imagazine.it\/home_desk\/author\/redazione\/"},"rttpg_comment":0,"rttpg_category":"<a href=\"https:\/\/imagazine.it\/home_desk\/category\/attualita\/\" rel=\"category tag\">ATTUALIT\u00c0<\/a>","rttpg_excerpt":"Dal 15 al 17 ottobre","_links":{"self":[{"href":"https:\/\/imagazine.it\/home_desk\/wp-json\/wp\/v2\/posts\/40529","targetHints":{"allow":["GET"]}}],"collection":[{"href":"https:\/\/imagazine.it\/home_desk\/wp-json\/wp\/v2\/posts"}],"about":[{"href":"https:\/\/imagazine.it\/home_desk\/wp-json\/wp\/v2\/types\/post"}],"author":[{"embeddable":true,"href":"https:\/\/imagazine.it\/home_desk\/wp-json\/wp\/v2\/users\/28"}],"replies":[{"embeddable":true,"href":"https:\/\/imagazine.it\/home_desk\/wp-json\/wp\/v2\/comments?post=40529"}],"version-history":[{"count":0,"href":"https:\/\/imagazine.it\/home_desk\/wp-json\/wp\/v2\/posts\/40529\/revisions"}],"wp:featuredmedia":[{"embeddable":true,"href":"https:\/\/imagazine.it\/home_desk\/wp-json\/wp\/v2\/media\/40530"}],"wp:attachment":[{"href":"https:\/\/imagazine.it\/home_desk\/wp-json\/wp\/v2\/media?parent=40529"}],"wp:term":[{"taxonomy":"category","embeddable":true,"href":"https:\/\/imagazine.it\/home_desk\/wp-json\/wp\/v2\/categories?post=40529"},{"taxonomy":"post_tag","embeddable":true,"href":"https:\/\/imagazine.it\/home_desk\/wp-json\/wp\/v2\/tags?post=40529"}],"curies":[{"name":"wp","href":"https:\/\/api.w.org\/{rel}","templated":true}]}}