{"id":40499,"date":"2021-10-07T00:00:00","date_gmt":"2021-10-06T23:00:00","guid":{"rendered":"https:\/\/imagazine.it\/?p=40499"},"modified":"2021-10-07T00:00:00","modified_gmt":"2021-10-06T23:00:00","slug":"inclusione-delle-diversita-e-risorse-umane-da-udine-45-nuovi-esperti","status":"publish","type":"post","link":"https:\/\/imagazine.it\/home_desk\/inclusione-delle-diversita-e-risorse-umane-da-udine-45-nuovi-esperti\/","title":{"rendered":"Inclusione delle diversit\u00e0 e risorse umane, da Udine 45 nuovi esperti"},"content":{"rendered":"<p> \tSi sono conclusi due master dell\u2019<strong>Universit\u00e0 di Udine<\/strong> in inclusione delle diversit\u00e0 e in gestione delle risorse umane. L\u2019Ateneo friulano ha formato <strong>33 professionisti in gestione delle risorse umane<\/strong> e, per la prima volta in Italia, <strong>12 specialisti in inclusione delle diversit\u00e0<\/strong>.<\/p>\n<p> \tAlla cerimonia di conferimento dei diplomi, svoltasi contestualmente per i due master, sono intervenute le direttrici, <strong>Marina Brollo<\/strong> e <strong>Francesca Visintin<\/strong>.<\/p>\n<p> \tUnico nel panorama nazionale, il master biennale di primo livello in \u201cInclusione delle diversit\u00e0\u201d (Mind) ha formato esperti capaci di gestire, fuori e dentro l\u2019ambiente di lavoro, le diversit\u00e0 nell\u2019ottica dell\u2019inclusione, della sostenibilit\u00e0 e della creazione di valore per la societ\u00e0 e l\u2019economia.<\/p>\n<p> \tIl percorso di formazione \u00e8 stato caratterizzato da una forte interdisciplinariet\u00e0. Il master \u00e8 stato organizzato nell\u2019ambito del Dipartimento di Scienze giuridiche dell\u2019Universit\u00e0 di Udine con il sostegno dell\u2019Odine degli avvocati di Udine.<\/p>\n<p> \t\u00ab\u00c8 con grande soddisfazione che siamo giunti al termine di un percorso di formazione che la pandemia ha reso ancora di pi\u00f9 attuale \u2013 ha dichiarato la direttrice del Mind, Marina Brollo \u2013 Quanto stiamo vivendo, infatti, ha reso evidente la necessit\u00e0 di legami sociali forti e di servizi pubblici pronti a sostenere le persone che vivono le pi\u00f9 varie forme di esclusione. \u00c8 ormai evidente a chiunque quanto sia necessario calibrare l\u2019organizzazione della societ\u00e0 e del mondo del lavoro sulle esigenze di cui ogni persona \u00e8 portatrice, in ragione delle sue caratteristiche e condizioni personali e sociali. Tutto il personale docente \u00e8 convinto di aver formato agenti di cambiamento, dando loro gli strumenti per trasformare in senso inclusivo e sostenibile i contesti in cui opereranno\u00bb.<\/p>\n<p> \tGrazie al master in \u201cGestione delle risorse umane e organizzazione del lavoro\u201d i 33 partecipanti hanno imparato a individuare, organizzare, gestire e valorizzare le risorse umane in maniera ottimale acquisendo capacit\u00e0 sempre pi\u00f9 centrali nelle decisioni strategiche e organizzative aziendali. Il corso, giunto alla sesta edizione e rivolto a tutti i laureati, \u00e8 organizzato dal Dipartimento di Scienze economiche e statistiche, rappresentato alla cerimonia dal direttore <strong>Andrea Garlatti<\/strong>.<\/p>\n<p> \tIl master in Gestione delle risorse umane fornisce le conoscenze necessarie per: la ricerca e la selezione del personale, l\u2019analisi e valutazione delle prestazioni e del potenziale, la formazione, la gestione delle relazioni sindacali, l\u2019amministrazione del personale, le modifiche normative dei pi\u00f9 recenti orientamenti giurisprudenziali e delle prassi amministrative. L\u2019iniziativa conta sulla collaborazione stabile di oltre 30 realt\u00e0 del territorio. Gli stage infatti vengono svolti presso grandi aziende, agenzie per il lavoro interinale, aziende di <em>head hunting<\/em> ed enti di formazione. Il livello di occupazione coerente raggiunge il 70% gi\u00e0 a sei mesi dal termine del percorso.<\/p>\n<p> \tIl percorso del master in \u201cInclusione delle diversit\u00e0\u201d punta allo studio dei meccanismi sistemici di esclusione sociale, sviluppando le competenze necessarie a favorire, progettare e attuare politiche innovative d\u2019inclusione delle diversit\u00e0, in particolare nel mondo del lavoro, con una attenzione alla gestione delle risorse umane, e alla comunicazione sociale, aziendale e istituzionale. Due terzi dei partecipanti proveniva da fuori regione. L\u2019iniziativa ha beneficiato di due borse di studio messe a disposizione dall\u2019Ordine degli avvocati di Udine e dalla Saf autoservizi spa.<\/p>\n","protected":false},"excerpt":{"rendered":"<p>Grazie ai corsi dell&#8217;Ateneo friulano<\/p>\n","protected":false},"author":28,"featured_media":40500,"comment_status":"closed","ping_status":"closed","sticky":false,"template":"","format":"standard","meta":{"dwc-title":[],"dwc-content":[],"footnotes":""},"categories":[6],"tags":[],"class_list":["post-40499","post","type-post","status-publish","format-standard","has-post-thumbnail","hentry","category-societa"],"rttpg_featured_image_url":{"full":["https:\/\/imagazine.it\/wp-content\/uploads\/2024\/01\/43560-1.webp",941,681,false],"landscape":["https:\/\/imagazine.it\/wp-content\/uploads\/2024\/01\/43560-1.webp",941,681,false],"portraits":["https:\/\/imagazine.it\/wp-content\/uploads\/2024\/01\/43560-1.webp",941,681,false],"thumbnail":["https:\/\/imagazine.it\/wp-content\/uploads\/2024\/01\/43560-1-150x150.webp",150,150,true],"medium":["https:\/\/imagazine.it\/wp-content\/uploads\/2024\/01\/43560-1-300x217.webp",300,217,true],"large":["https:\/\/imagazine.it\/wp-content\/uploads\/2024\/01\/43560-1.webp",640,463,false],"thumblist":["https:\/\/imagazine.it\/wp-content\/uploads\/2024\/01\/43560-1.webp",300,217,false],"thumbrelated":["https:\/\/imagazine.it\/wp-content\/uploads\/2024\/01\/43560-1.webp",500,362,false],"meccarouselthumb":["https:\/\/imagazine.it\/wp-content\/uploads\/2024\/01\/43560-1.webp",448,324,false],"gridsquare":["https:\/\/imagazine.it\/wp-content\/uploads\/2024\/01\/43560-1.webp",359,260,false],"tileview":["https:\/\/imagazine.it\/wp-content\/uploads\/2024\/01\/43560-1.webp",300,217,false],"1536x1536":["https:\/\/imagazine.it\/wp-content\/uploads\/2024\/01\/43560-1.webp",941,681,false],"2048x2048":["https:\/\/imagazine.it\/wp-content\/uploads\/2024\/01\/43560-1.webp",941,681,false],"newsup-slider-full":["https:\/\/imagazine.it\/wp-content\/uploads\/2024\/01\/43560-1.webp",941,681,false],"newsup-featured":["https:\/\/imagazine.it\/wp-content\/uploads\/2024\/01\/43560-1.webp",941,681,false],"newsup-medium":["https:\/\/imagazine.it\/wp-content\/uploads\/2024\/01\/43560-1-720x380.webp",720,380,true],"tptn_thumbnail":["https:\/\/imagazine.it\/wp-content\/uploads\/2024\/01\/43560-1.webp",250,181,false],"sow-carousel-default":["https:\/\/imagazine.it\/wp-content\/uploads\/2024\/01\/43560-1-272x182.webp",272,182,true]},"rttpg_author":{"display_name":"redazione","author_link":"https:\/\/imagazine.it\/home_desk\/author\/redazione\/"},"rttpg_comment":0,"rttpg_category":"<a href=\"https:\/\/imagazine.it\/home_desk\/category\/societa\/\" rel=\"category tag\">SOCIET\u00c0<\/a>","rttpg_excerpt":"Grazie ai corsi dell'Ateneo friulano","_links":{"self":[{"href":"https:\/\/imagazine.it\/home_desk\/wp-json\/wp\/v2\/posts\/40499","targetHints":{"allow":["GET"]}}],"collection":[{"href":"https:\/\/imagazine.it\/home_desk\/wp-json\/wp\/v2\/posts"}],"about":[{"href":"https:\/\/imagazine.it\/home_desk\/wp-json\/wp\/v2\/types\/post"}],"author":[{"embeddable":true,"href":"https:\/\/imagazine.it\/home_desk\/wp-json\/wp\/v2\/users\/28"}],"replies":[{"embeddable":true,"href":"https:\/\/imagazine.it\/home_desk\/wp-json\/wp\/v2\/comments?post=40499"}],"version-history":[{"count":0,"href":"https:\/\/imagazine.it\/home_desk\/wp-json\/wp\/v2\/posts\/40499\/revisions"}],"wp:featuredmedia":[{"embeddable":true,"href":"https:\/\/imagazine.it\/home_desk\/wp-json\/wp\/v2\/media\/40500"}],"wp:attachment":[{"href":"https:\/\/imagazine.it\/home_desk\/wp-json\/wp\/v2\/media?parent=40499"}],"wp:term":[{"taxonomy":"category","embeddable":true,"href":"https:\/\/imagazine.it\/home_desk\/wp-json\/wp\/v2\/categories?post=40499"},{"taxonomy":"post_tag","embeddable":true,"href":"https:\/\/imagazine.it\/home_desk\/wp-json\/wp\/v2\/tags?post=40499"}],"curies":[{"name":"wp","href":"https:\/\/api.w.org\/{rel}","templated":true}]}}