{"id":40495,"date":"2021-10-07T00:00:00","date_gmt":"2021-10-06T23:00:00","guid":{"rendered":"https:\/\/imagazine.it\/?p=40495"},"modified":"2021-10-07T00:00:00","modified_gmt":"2021-10-06T23:00:00","slug":"monfalcone-commemora-il-milite-ignoto","status":"publish","type":"post","link":"https:\/\/imagazine.it\/home_desk\/monfalcone-commemora-il-milite-ignoto\/","title":{"rendered":"Monfalcone commemora il Milite Ignoto"},"content":{"rendered":"<p> \tIl Comune di <strong>Monfalcone<\/strong> \u00e8 partner del Comune di <strong>Aquileia<\/strong> nelle celebrazioni per il centenario della\u00a0scelta del <strong>Milite Ignoto<\/strong>. Per tal motivo Monfalcone sar\u00e0 protagonista di una serie di iniziative dedicate.<\/p>\n<p> \tIl primo evento si snoda tra la Rocca e le trincee del Parco Tematico della Grande Guerra di Monfalcone, \u00a0valorizzando quei segno che il conflitto ha lasciato sul territorio.<\/p>\n<p> \t<strong>Sabato 9 ottobre<\/strong> alle ore 9.30 l\u2019esperto Grande Guerra FVG <strong>Roberto Todero<\/strong> guider\u00e0 una visita guidata tra i sentieri carsici alle spalle di Monfalcone.<\/p>\n<p> \tSabato 9 e domenica 10 presso la Rocca verranno esposti materiali ed equipaggiamenti della Grande Guerra e si\u00a0potranno osservare i campi di battaglia del Basso Isonzo dalle mura della fortezza, arrivando con lo sguardo fino ai cipressi che oggi adornano il colle Sant\u2019Elia, primo cimitero monumentale dedicato agli invitti della Terza Armata.<\/p>\n<p> \tOltre alla valorizzazione della storia locale e del ruolo vissuto dalla citt\u00e0 durante il conflitto, Monfalcone verr\u00e0 legata idealmente a tutte le realt\u00e0 italiane che vedranno il passaggio della <strong>Staffetta Cremisi della Pace<\/strong>, un evento organizzato dall\u2019Associazione Nazionale Bersaglieri del Trentino Alto Adige, del Veneto e del Friuli Venezia Giulia che percorrer\u00e0 idealmente il fronte del conflitto tra 1915 e 1918 unendo Trento e Trieste.<\/p>\n<p> \tLa staffetta arriver\u00e0 a Monfalcone alle ore 16 del <strong>27 ottobre<\/strong>, accolta presso dalle autorit\u00e0 presso il Monumento ai Caduti di via Fratelli Rosselli. Qui verranno deposte una corona e una targa a ricordo del Milite Ignoto. Al termine della cerimonia la delegazione si sposter\u00e0 presso il municipio per consegnare al sindaco il Testimone della Staffetta.<\/p>\n<p> \tPer l\u2019occasione verr\u00e0 dato annuncio ufficiale dell\u2019assegnazione della Cittadinanza Onoraria di Monfalcone al Milite Ignoto. Il giorno successivo, 28 ottobre, alle ore 7 davanti la sede municipale di piazza della Repubblica la staffetta saluter\u00e0 la citt\u00e0 e partir\u00e0 per Aquileia, dove raggiunger\u00f2 la Basilica di Santa Maria Assunta.<\/p>\n","protected":false},"excerpt":{"rendered":"<p>Diverse iniziative in programma<\/p>\n","protected":false},"author":28,"featured_media":40496,"comment_status":"closed","ping_status":"closed","sticky":false,"template":"","format":"standard","meta":{"dwc-title":[],"dwc-content":[],"footnotes":""},"categories":[5],"tags":[],"class_list":["post-40495","post","type-post","status-publish","format-standard","has-post-thumbnail","hentry","category-attualita"],"rttpg_featured_image_url":{"full":["https:\/\/imagazine.it\/wp-content\/uploads\/2024\/01\/43553-1.webp",1000,667,false],"landscape":["https:\/\/imagazine.it\/wp-content\/uploads\/2024\/01\/43553-1.webp",1000,667,false],"portraits":["https:\/\/imagazine.it\/wp-content\/uploads\/2024\/01\/43553-1.webp",1000,667,false],"thumbnail":["https:\/\/imagazine.it\/wp-content\/uploads\/2024\/01\/43553-1-150x150.webp",150,150,true],"medium":["https:\/\/imagazine.it\/wp-content\/uploads\/2024\/01\/43553-1-300x200.webp",300,200,true],"large":["https:\/\/imagazine.it\/wp-content\/uploads\/2024\/01\/43553-1.webp",640,427,false],"thumblist":["https:\/\/imagazine.it\/wp-content\/uploads\/2024\/01\/43553-1.webp",300,200,false],"thumbrelated":["https:\/\/imagazine.it\/wp-content\/uploads\/2024\/01\/43553-1.webp",500,334,false],"meccarouselthumb":["https:\/\/imagazine.it\/wp-content\/uploads\/2024\/01\/43553-1.webp",474,316,false],"gridsquare":["https:\/\/imagazine.it\/wp-content\/uploads\/2024\/01\/43553-1.webp",391,260,false],"tileview":["https:\/\/imagazine.it\/wp-content\/uploads\/2024\/01\/43553-1.webp",300,200,false],"1536x1536":["https:\/\/imagazine.it\/wp-content\/uploads\/2024\/01\/43553-1.webp",1000,667,false],"2048x2048":["https:\/\/imagazine.it\/wp-content\/uploads\/2024\/01\/43553-1.webp",1000,667,false],"newsup-slider-full":["https:\/\/imagazine.it\/wp-content\/uploads\/2024\/01\/43553-1.webp",1000,667,false],"newsup-featured":["https:\/\/imagazine.it\/wp-content\/uploads\/2024\/01\/43553-1.webp",1000,667,false],"newsup-medium":["https:\/\/imagazine.it\/wp-content\/uploads\/2024\/01\/43553-1-720x380.webp",720,380,true],"tptn_thumbnail":["https:\/\/imagazine.it\/wp-content\/uploads\/2024\/01\/43553-1.webp",250,167,false],"sow-carousel-default":["https:\/\/imagazine.it\/wp-content\/uploads\/2024\/01\/43553-1-272x182.webp",272,182,true]},"rttpg_author":{"display_name":"redazione","author_link":"https:\/\/imagazine.it\/home_desk\/author\/redazione\/"},"rttpg_comment":0,"rttpg_category":"<a href=\"https:\/\/imagazine.it\/home_desk\/category\/attualita\/\" rel=\"category tag\">ATTUALIT\u00c0<\/a>","rttpg_excerpt":"Diverse iniziative in programma","_links":{"self":[{"href":"https:\/\/imagazine.it\/home_desk\/wp-json\/wp\/v2\/posts\/40495","targetHints":{"allow":["GET"]}}],"collection":[{"href":"https:\/\/imagazine.it\/home_desk\/wp-json\/wp\/v2\/posts"}],"about":[{"href":"https:\/\/imagazine.it\/home_desk\/wp-json\/wp\/v2\/types\/post"}],"author":[{"embeddable":true,"href":"https:\/\/imagazine.it\/home_desk\/wp-json\/wp\/v2\/users\/28"}],"replies":[{"embeddable":true,"href":"https:\/\/imagazine.it\/home_desk\/wp-json\/wp\/v2\/comments?post=40495"}],"version-history":[{"count":0,"href":"https:\/\/imagazine.it\/home_desk\/wp-json\/wp\/v2\/posts\/40495\/revisions"}],"wp:featuredmedia":[{"embeddable":true,"href":"https:\/\/imagazine.it\/home_desk\/wp-json\/wp\/v2\/media\/40496"}],"wp:attachment":[{"href":"https:\/\/imagazine.it\/home_desk\/wp-json\/wp\/v2\/media?parent=40495"}],"wp:term":[{"taxonomy":"category","embeddable":true,"href":"https:\/\/imagazine.it\/home_desk\/wp-json\/wp\/v2\/categories?post=40495"},{"taxonomy":"post_tag","embeddable":true,"href":"https:\/\/imagazine.it\/home_desk\/wp-json\/wp\/v2\/tags?post=40495"}],"curies":[{"name":"wp","href":"https:\/\/api.w.org\/{rel}","templated":true}]}}