{"id":40493,"date":"2021-10-07T00:00:00","date_gmt":"2021-10-06T23:00:00","guid":{"rendered":"https:\/\/imagazine.it\/?p=40493"},"modified":"2021-10-07T00:00:00","modified_gmt":"2021-10-06T23:00:00","slug":"gorizia-nuova-sede-per-il-punto-giovani","status":"publish","type":"post","link":"https:\/\/imagazine.it\/home_desk\/gorizia-nuova-sede-per-il-punto-giovani\/","title":{"rendered":"Gorizia, nuova sede per il Punto Giovani"},"content":{"rendered":"<p> \tInaugurato il nuovo <strong>Punto giovani del Comune di Gorizia<\/strong>, che sar\u00e0 ospitato nella sede municipale di via Garibaldi.<\/p>\n<p> \t\u201cUna posizione pi\u00f9 centrale che consentir\u00e0 a questo importante servizio di essere ulteriormente valorizzato anche con nuove, importanti attrezzature\u201d, ha commentato l\u2019assessore comunale alle politiche giovanili, <strong>Marilena Bernobich<\/strong>.<\/p>\n<p> \t\u201cDopo 20 anni &#8211; ha aggiunto &#8211; si cambia, mettendo a disposizione dei ragazzi goriziani degli spazi ristrutturati in cui potranno incontrarsi e svolgere le tante attivit\u00e0 che il Punto giovani offre, utilizzando anche gli importanti servizi informativi. Come amministrazione riteniamo assolutamente prioritario fornire alle giovani generazioni adeguati strumenti di crescita e di confronto\u201d.<\/p>\n<p> \tLa nuova sede, oltre allo Sportello Informagiovani\/Eurodesk e alla segreteria degli operatori, potr\u00e0 contare su una sala \u201cLaboratorio\u201d, dedicata soprattutto ai corsi e ai laboratori, attrezzata di lavagna magnetica, tavoli, sedie e stampante (anche 3D in fase di allestimento).<\/p>\n<p> \tCi sar\u00e0 poi uno spazio &#8211; adibito attualmente a \u201cCentro riunioni\u201d &#8211; che sar\u00e0 trasformato in una sala musica attrezzata e all\u2019avanguardia, con un angolo riservato alla registrazione.<\/p>\n<p> \tA questi spazi, a uso esclusivo del Punto Giovani, si aggiunger\u00e0 la fruizione, in determinate occasioni, anche della Sala Dora Bassi che, pur mantenendo la sua funzione originaria di spazio dedicato a iniziative di carattere culturale e sociale, verr\u00e0 anche utilizzata per <em>info day<\/em>, laboratori e attivit\u00e0 riguardante la programmazione delle attivit\u00e0 del servizio Politiche giovanili &#8211; Punto Giovani.<\/p>\n<p> \t\u201cAscoltare le esigenze dei giovani e dar loro una risposta \u00e8 di importanza vitale &#8211; rimarca il sindaco, <strong>Rodolfo Ziberna<\/strong> -, soprattutto in un periodo come quello attuale, pervaso da tensioni e problematiche sociali, dalle conseguenze della pandemia ai rischi ambientali, cui i ragazzi sono particolarmente e giustamente sensibili. Spazi come quello del Punto giovani vanno valorizzati e aggiornati aumentando la loro integrazione nel tessuto sociale cittadino\u201d.<\/p>\n<p> \tII trasferimento della sede porter\u00e0 anche una novit\u00e0: l&#39;apertura sperimentale il sabato mattina dalle 9 alle 13, dal 9 ottobre al 18 dicembre.<\/p>\n<p> \tIn via di definizione un laboratorio di lingua cinese di prossimo avvio. Una sperimentazione che risponde anche a esigenze diverse, come la disponibilit\u00e0 di una stanza per studiare o trovarsi per lavorare insieme ad alcuni progetti.<\/p>\n<p> \tPer quanto riguarda gli orari, il Punto Giovani sar\u00e0 aperto luned\u00ec dalle 15 alle 20, marted\u00ec dalle 15 alle 22, mercoled\u00ec dalle 16 alle 20, gioved\u00ec dalle 16.30 alle 22, venerd\u00ec dalle 17 alle 21 e sabato dalle 9 alle 13. L\u2019Informagiovani \u2013 Eurodesk, invece, sar\u00e0 aperto il luned\u00ec dalle 15 alle 18, il marted\u00ec dalle 9 alle 12, il mercoled\u00ec dalle 9 alle 12 e dalle 15 alle 18, il gioved\u00ec dalle 15 alle 18 e il venerd\u00ec dalle 9 alle 13.<\/p>\n","protected":false},"excerpt":{"rendered":"<p>Inaugurazione in via Garibaldi<\/p>\n","protected":false},"author":28,"featured_media":40494,"comment_status":"closed","ping_status":"closed","sticky":false,"template":"","format":"standard","meta":{"dwc-title":[],"dwc-content":[],"footnotes":""},"categories":[5],"tags":[],"class_list":["post-40493","post","type-post","status-publish","format-standard","has-post-thumbnail","hentry","category-attualita"],"rttpg_featured_image_url":{"full":["https:\/\/imagazine.it\/wp-content\/uploads\/2024\/01\/43552-1.webp",1762,1291,false],"landscape":["https:\/\/imagazine.it\/wp-content\/uploads\/2024\/01\/43552-1.webp",1762,1291,false],"portraits":["https:\/\/imagazine.it\/wp-content\/uploads\/2024\/01\/43552-1.webp",1762,1291,false],"thumbnail":["https:\/\/imagazine.it\/wp-content\/uploads\/2024\/01\/43552-1-150x150.webp",150,150,true],"medium":["https:\/\/imagazine.it\/wp-content\/uploads\/2024\/01\/43552-1-300x220.webp",300,220,true],"large":["https:\/\/imagazine.it\/wp-content\/uploads\/2024\/01\/43552-1-1024x750.webp",640,469,true],"thumblist":["https:\/\/imagazine.it\/wp-content\/uploads\/2024\/01\/43552-1.webp",300,220,false],"thumbrelated":["https:\/\/imagazine.it\/wp-content\/uploads\/2024\/01\/43552-1.webp",500,366,false],"meccarouselthumb":["https:\/\/imagazine.it\/wp-content\/uploads\/2024\/01\/43552-1.webp",442,324,false],"gridsquare":["https:\/\/imagazine.it\/wp-content\/uploads\/2024\/01\/43552-1.webp",355,260,false],"tileview":["https:\/\/imagazine.it\/wp-content\/uploads\/2024\/01\/43552-1.webp",300,220,false],"1536x1536":["https:\/\/imagazine.it\/wp-content\/uploads\/2024\/01\/43552-1-1536x1125.webp",1536,1125,true],"2048x2048":["https:\/\/imagazine.it\/wp-content\/uploads\/2024\/01\/43552-1.webp",1762,1291,false],"newsup-slider-full":["https:\/\/imagazine.it\/wp-content\/uploads\/2024\/01\/43552-1-1280x720.webp",1280,720,true],"newsup-featured":["https:\/\/imagazine.it\/wp-content\/uploads\/2024\/01\/43552-1-1024x750.webp",1024,750,true],"newsup-medium":["https:\/\/imagazine.it\/wp-content\/uploads\/2024\/01\/43552-1-720x380.webp",720,380,true],"tptn_thumbnail":["https:\/\/imagazine.it\/wp-content\/uploads\/2024\/01\/43552-1.webp",250,183,false],"sow-carousel-default":["https:\/\/imagazine.it\/wp-content\/uploads\/2024\/01\/43552-1-272x182.webp",272,182,true]},"rttpg_author":{"display_name":"redazione","author_link":"https:\/\/imagazine.it\/home_desk\/author\/redazione\/"},"rttpg_comment":0,"rttpg_category":"<a href=\"https:\/\/imagazine.it\/home_desk\/category\/attualita\/\" rel=\"category tag\">ATTUALIT\u00c0<\/a>","rttpg_excerpt":"Inaugurazione in via Garibaldi","_links":{"self":[{"href":"https:\/\/imagazine.it\/home_desk\/wp-json\/wp\/v2\/posts\/40493","targetHints":{"allow":["GET"]}}],"collection":[{"href":"https:\/\/imagazine.it\/home_desk\/wp-json\/wp\/v2\/posts"}],"about":[{"href":"https:\/\/imagazine.it\/home_desk\/wp-json\/wp\/v2\/types\/post"}],"author":[{"embeddable":true,"href":"https:\/\/imagazine.it\/home_desk\/wp-json\/wp\/v2\/users\/28"}],"replies":[{"embeddable":true,"href":"https:\/\/imagazine.it\/home_desk\/wp-json\/wp\/v2\/comments?post=40493"}],"version-history":[{"count":0,"href":"https:\/\/imagazine.it\/home_desk\/wp-json\/wp\/v2\/posts\/40493\/revisions"}],"wp:featuredmedia":[{"embeddable":true,"href":"https:\/\/imagazine.it\/home_desk\/wp-json\/wp\/v2\/media\/40494"}],"wp:attachment":[{"href":"https:\/\/imagazine.it\/home_desk\/wp-json\/wp\/v2\/media?parent=40493"}],"wp:term":[{"taxonomy":"category","embeddable":true,"href":"https:\/\/imagazine.it\/home_desk\/wp-json\/wp\/v2\/categories?post=40493"},{"taxonomy":"post_tag","embeddable":true,"href":"https:\/\/imagazine.it\/home_desk\/wp-json\/wp\/v2\/tags?post=40493"}],"curies":[{"name":"wp","href":"https:\/\/api.w.org\/{rel}","templated":true}]}}