{"id":40491,"date":"2021-10-06T00:00:00","date_gmt":"2021-10-05T23:00:00","guid":{"rendered":"https:\/\/imagazine.it\/?p=40491"},"modified":"2021-10-06T00:00:00","modified_gmt":"2021-10-05T23:00:00","slug":"gorizia-virginia-raffaele-e-claudio-bisio-in-arrivo-al-verdi","status":"publish","type":"post","link":"https:\/\/imagazine.it\/home_desk\/gorizia-virginia-raffaele-e-claudio-bisio-in-arrivo-al-verdi\/","title":{"rendered":"Gorizia, Virginia Raffaele e Claudio Bisio in arrivo al Verdi"},"content":{"rendered":"<p> \tLa prosa come ossatura, con repliche degli spettacoli per accogliere sia gli abbonati che gli spettatori che prediligono gli ingressi singoli, la nuova drammaturgia con uno spazio dedicato, un cartellone musicale e le pomeridiane per i bambini e le famiglie: <strong>la stagione 2021-2022<\/strong> del<strong> Teatro Verdi di Gorizia<\/strong>\u00a0si sta\u00a0delineando,\u00a0con la conferma di alcuni spettacoli che erano stati inseriti nel cartellone dello scorso anno.<\/p>\n<p> \tTra coloro che hanno gi\u00e0 dato la loro disponibilit\u00e0 spiccano <strong>Virginia Raffaele<\/strong> e <strong>Claudio Bisio<\/strong>.<\/p>\n<p> \tUna stagione che sar\u00e0 da vivere nel rispetto delle normative di sicurezza imposte dal contenimento del Covid, ma il recente ampliamento della capienza dei teatri\u00a0all\u201980%\u00a0rappresenta una boccata\u00a0d\u2019ossigeno\u00a0oltre che una buona notizia per gli abbonati, che dopo oltre un anno e mezzo potranno riappropriarsi dei propri posti.<\/p>\n<p> \tIl cartellone sar\u00e0 presentato a met\u00e0 ottobre, mentre\u00a0l\u2019inaugurazione\u00a0della stagione \u00e8 prevista a inizio novembre.<\/p>\n<p> \t\u201cQueste riaperture &#8211; afferma il direttore artistico <strong>Walter\u00a0Mramor<\/strong> &#8211; danno fiato a tutto il comparto. Auspicando che si possa presto arrivare al cento per cento di occupazione dei posti, quello che pi\u00f9 conta in questo momento \u00e8 che finalmente i nostri abbonati potranno riavere il loro posto. Stiamo lavorando per garantire una stagione che regaler\u00e0, come sempre, grandi emozioni, il tutto nella massima sicurezza, perch\u00e9 ribadiamolo, il teatro \u00e8 un luogo sicuro e monitorato\u201d.<\/p>\n<p> \tUna stagione che svela gi\u00e0 i primi protagonisti: \u201cCi saranno &#8211; anticipa Mramor &#8211; i consueti percorsi, amati in questi anni dal nostro pubblico. Ho inserito diversi titoli intercettati dalla scorsa stagione, riopzionando per esempio Virginia Raffaele con <em>Samus\u00e0<\/em> e Claudio Bisio con <em>La mia vita raccontata male<\/em>, titoli che erano stati inseriti nel cartellone dello scorso anno ma che di fatto non sono mai stati messi in scena per lo stop del mondo del teatro. Riconfermata anche l\u2019apertura della stagione, a inizio novembre, con il concerto spettacolo <em>Omaggio a Ennio Morricone<\/em> del soprano <strong>Silvia Dolfi<\/strong> insieme a dieci\u00a0elementi dell\u2019<strong>Orchestra<\/strong> <strong>della Toscana<\/strong>. Come sempre ospiteremo al Verdi grandi nomi e compagnie prestigiose: qualcuno torner\u00e0 a Gorizia dopo esserci gi\u00e0 stato, altri invece ci verranno per la prima volta. Ci sar\u00e0 un percorso musicale e uno dedicato alla nuova drammaturgia. Non mancheranno le pomeridiane per i ragazzi e le famiglie, tanto apprezzate dai nostri spettatori\u201d.<\/p>\n<p> \t\u201cTanta \u00e8 la voglia di ripartire in tutti gli ambiti e il nostro Teatro \u00e8 pronto\u201d, rimarca il sindaco di Gorizia,<strong> Rodolfo Ziberna <\/strong>-. Il pubblico goriziano \u00e8 ben abituato ed \u00e8 cresciuto anche numericamente, grazie all\u2019ottimo lavoro che \u00e8 stato svolto dal direttore artistico Mramor negli ultimi anni. Si tratta di una stagione importante per il Verdi e per la nostra citt\u00e0: ancora una volta ci attende un cartellone coinvolgente ed emozionante\u201d.\u00a0<\/p>\n<p> \t\u201cIn questo periodo &#8211; conclude l\u2019assessore comunale alla Cultura,<strong> Fabrizio Oreti<\/strong> &#8211; sono stato contattato da diversi abbonati, desiderosi di conoscere le novit\u00e0 della prossima stagione teatrale. Certamente mi ha fatto molto piacere, in quanto testimonianza di quanto il nostro pubblico \u00e8 affezionato e fidelizzato. Ci tengo quindi a confermare che partiremo a breve perch\u00e9, come amministrazione comunale, abbiamo investito e investiremo convintamente a favore della casa culturale della citt\u00e0 e del territorio. Dal 2017 al 2019, prima del Covid, siamo passati da circa 1.200 a oltre 1.800 abbonati e l\u2019obiettivo, con gradualit\u00e0, \u00e8 quello di ripartire da dove eravamo rimasti. Nell\u2019ottica della Capitale Europea della Cultura con Nova Gorica il Verdi sar\u00e0 una struttura preziosa in cui ospiteremo importanti iniziative internazionali, che avremo il privilegio di vivere assieme all\u2019affezionato pubblico\u201d.<\/p>\n","protected":false},"excerpt":{"rendered":"<p>Anticipazioni della nuova stagione<\/p>\n","protected":false},"author":28,"featured_media":40492,"comment_status":"closed","ping_status":"closed","sticky":false,"template":"","format":"standard","meta":{"dwc-title":[],"dwc-content":[],"footnotes":""},"categories":[37],"tags":[],"class_list":["post-40491","post","type-post","status-publish","format-standard","has-post-thumbnail","hentry","category-cultura-e-spettacolo"],"rttpg_featured_image_url":{"full":["https:\/\/imagazine.it\/wp-content\/uploads\/2024\/01\/43549-1.webp",1000,667,false],"landscape":["https:\/\/imagazine.it\/wp-content\/uploads\/2024\/01\/43549-1.webp",1000,667,false],"portraits":["https:\/\/imagazine.it\/wp-content\/uploads\/2024\/01\/43549-1.webp",1000,667,false],"thumbnail":["https:\/\/imagazine.it\/wp-content\/uploads\/2024\/01\/43549-1-150x150.webp",150,150,true],"medium":["https:\/\/imagazine.it\/wp-content\/uploads\/2024\/01\/43549-1-300x200.webp",300,200,true],"large":["https:\/\/imagazine.it\/wp-content\/uploads\/2024\/01\/43549-1.webp",640,427,false],"thumblist":["https:\/\/imagazine.it\/wp-content\/uploads\/2024\/01\/43549-1.webp",300,200,false],"thumbrelated":["https:\/\/imagazine.it\/wp-content\/uploads\/2024\/01\/43549-1.webp",500,334,false],"meccarouselthumb":["https:\/\/imagazine.it\/wp-content\/uploads\/2024\/01\/43549-1.webp",474,316,false],"gridsquare":["https:\/\/imagazine.it\/wp-content\/uploads\/2024\/01\/43549-1.webp",391,260,false],"tileview":["https:\/\/imagazine.it\/wp-content\/uploads\/2024\/01\/43549-1.webp",300,200,false],"1536x1536":["https:\/\/imagazine.it\/wp-content\/uploads\/2024\/01\/43549-1.webp",1000,667,false],"2048x2048":["https:\/\/imagazine.it\/wp-content\/uploads\/2024\/01\/43549-1.webp",1000,667,false],"newsup-slider-full":["https:\/\/imagazine.it\/wp-content\/uploads\/2024\/01\/43549-1.webp",1000,667,false],"newsup-featured":["https:\/\/imagazine.it\/wp-content\/uploads\/2024\/01\/43549-1.webp",1000,667,false],"newsup-medium":["https:\/\/imagazine.it\/wp-content\/uploads\/2024\/01\/43549-1-720x380.webp",720,380,true],"tptn_thumbnail":["https:\/\/imagazine.it\/wp-content\/uploads\/2024\/01\/43549-1.webp",250,167,false],"sow-carousel-default":["https:\/\/imagazine.it\/wp-content\/uploads\/2024\/01\/43549-1-272x182.webp",272,182,true]},"rttpg_author":{"display_name":"redazione","author_link":"https:\/\/imagazine.it\/home_desk\/author\/redazione\/"},"rttpg_comment":0,"rttpg_category":"<a href=\"https:\/\/imagazine.it\/home_desk\/category\/cultura-e-spettacolo\/\" rel=\"category tag\">CULTURA&amp;SPETTACOLO<\/a>","rttpg_excerpt":"Anticipazioni della nuova stagione","_links":{"self":[{"href":"https:\/\/imagazine.it\/home_desk\/wp-json\/wp\/v2\/posts\/40491","targetHints":{"allow":["GET"]}}],"collection":[{"href":"https:\/\/imagazine.it\/home_desk\/wp-json\/wp\/v2\/posts"}],"about":[{"href":"https:\/\/imagazine.it\/home_desk\/wp-json\/wp\/v2\/types\/post"}],"author":[{"embeddable":true,"href":"https:\/\/imagazine.it\/home_desk\/wp-json\/wp\/v2\/users\/28"}],"replies":[{"embeddable":true,"href":"https:\/\/imagazine.it\/home_desk\/wp-json\/wp\/v2\/comments?post=40491"}],"version-history":[{"count":0,"href":"https:\/\/imagazine.it\/home_desk\/wp-json\/wp\/v2\/posts\/40491\/revisions"}],"wp:featuredmedia":[{"embeddable":true,"href":"https:\/\/imagazine.it\/home_desk\/wp-json\/wp\/v2\/media\/40492"}],"wp:attachment":[{"href":"https:\/\/imagazine.it\/home_desk\/wp-json\/wp\/v2\/media?parent=40491"}],"wp:term":[{"taxonomy":"category","embeddable":true,"href":"https:\/\/imagazine.it\/home_desk\/wp-json\/wp\/v2\/categories?post=40491"},{"taxonomy":"post_tag","embeddable":true,"href":"https:\/\/imagazine.it\/home_desk\/wp-json\/wp\/v2\/tags?post=40491"}],"curies":[{"name":"wp","href":"https:\/\/api.w.org\/{rel}","templated":true}]}}