{"id":40483,"date":"2021-10-06T00:00:00","date_gmt":"2021-10-05T23:00:00","guid":{"rendered":"https:\/\/imagazine.it\/?p=40483"},"modified":"2021-10-06T00:00:00","modified_gmt":"2021-10-05T23:00:00","slug":"gorizia-boom-di-domande-per-il-corso-di-architettura","status":"publish","type":"post","link":"https:\/\/imagazine.it\/home_desk\/gorizia-boom-di-domande-per-il-corso-di-architettura\/","title":{"rendered":"Gorizia, boom di domande per il Corso di Architettura"},"content":{"rendered":"<p> \tProgettare una \u201cricucitura\u201d urbanistica fra due citt\u00e0 separate da un confine. Quello che, per decenni, ha separato <strong>Gorizia<\/strong> e <strong>Nova Gorica<\/strong>. Due citt\u00e0 che rimarranno in due stati diversi ma che gi\u00e0 oggi rappresentano, urbanisticamente, l\u2019una la prosecuzione dell\u2019altra e viceversa.<\/p>\n<p> \tGrazie all\u2019assegnazione del titolo di Capitale europea della cultura 2025, le istituzioni &#8211; in particolare le due amministrazioni comunali &#8211; stanno ragionando sempre pi\u00f9 a una nuova visione urbanistica delle due realt\u00e0.<\/p>\n<p> \tUna \u201csfida\u201d raccolta anche dal <strong>Corso di Architettura dell\u2019Universit\u00e0 di Trieste a Gorizia<\/strong>, che forte anche della collaborazione con l\u2019ateneo \u201cfratello\u201d di Lubiana da due anni ha messo in pista un Laboratorio di progettazione che ha come obiettivo proprio la ricucitura urbanistica delle due citt\u00e0.<\/p>\n<p> \tUn\u2019iniziativa che anche quest\u2019anno \u00e8 stata attivata su proposta degli assessorati all\u2019Universit\u00e0 e all\u2019Urbanistica del Comune di Gorizia e grazie al finanziamento del Consorzio universitario di Gorizia che ha attivato la convenzione con l\u2019Universit\u00e0 di Trieste.<\/p>\n<p> \tSi tratta della terza edizione del laboratorio, che nelle precedenti esperienze ha coinvolto complessivamente oltre trenta studenti, permettendo di sviluppare elaborati gi\u00e0 diventati parte integrante di progetti ai quali le istituzioni del territorio stanno lavorando, come quello relativo alla riqualificazione dell\u2019area della stazione ferroviaria di Gorizia.<\/p>\n<p> \t\u201cIl laboratorio, attivato due anni fa, \u00e8 diventata un\u2019esperienza consolidata per gli studenti di Architettura che vengono a studiare in citt\u00e0 \u2013 spiega l\u2019assessore <strong>Chiara Gatta<\/strong> \u2013. Il corso, in controtendenza con gli omologhi del resto d\u2019Italia, vede crescere il numero di iscritti, quest\u2019anno con un dato davvero sorprendente: \u00e8 merito di un\u2019offerta di altissimo livello, alla quale si affiancano iniziative integrative come quella rappresentata dal Go\/N.Go RRR International Lab\u201d.<\/p>\n<p> \tSecondo l\u2019assessore all\u2019Urbanistica, <strong>Arianna Bellan<\/strong>, \u201cil punto di forza del laboratorio \u00e8 il pieno coinvolgimento degli uffici comunali, che seguono le proposte dei ragazzi, fornendo l\u2019accesso alla documentazione necessaria a far s\u00ec che un piano non sia un progetto campato in aria ma qualcosa di realmente realizzabile\u201d.<\/p>\n<p> \tSoddisfazione \u00e8 stata espressa dal professor <strong>Giovanni Fraziano<\/strong>, responsabile scientifico del laboratorio, che ha confermato il forte aumento delle domande pervenute, 70 per 40 posti disponibili.<\/p>\n<p> \t&#8220;Questo evidenzia l&#39;interesse verso la nostra realt\u00e0- ha sottolineato Fraziano &#8211; che garantisce agli studenti una formazione pi\u00f9 ampia, di livello internazionale. Il territorio in cui stiamo operando rappresenta un laboratorio straordinario in questo senso e offre la possibilit\u00e0 ai futuri architetti di sperimentare soluzioni nuove e creative in ampia libert\u00e0&#8221;.<\/p>\n<p> \tTante che oltre a un aumento sensibile delle domande sono stati diversi gli studenti provenienti da altre realt\u00e0 universitarie italiane ed estere che hanno deciso di proseguire i loro studi a Gorizia.\u00a0<\/p>\n<p> \tIl laboratorio internazionale sar\u00e0 formato, per quanto riguarda il Dipartimento di Ingegneria e Architettura dell\u2019Universit\u00e0 di Trieste, oltre che dal professor Fraziano, dai professori <strong>Adriano Venudo<\/strong>, <strong>Claudio Meninno<\/strong>, <strong>Thomas Bisiani<\/strong>, <strong>Luigi Di Dato<\/strong>. Per il coordinamento dell\u2019Universit\u00e0 di Lubiana, sar\u00e0 presente la professoressa <strong>Spela Hudnik<\/strong> mentre il Comune di Gorizia sar\u00e0 rappresentato dal dirigente del settore tutela dell&#39;ambiente pianificazione urbanistica ed edilizia privata, <strong>Licinio Gardin<\/strong>.<\/p>\n<p> \tInoltre, esperti qualificati delle amministrazioni e portatori di specifiche competenze parteciperanno allo svolgimento dei workshop di verifica e di approfondimento.<\/p>\n<p> \t\u201cPer l\u2019anno accademico 2021\/22 il Laboratorio di progettazione integrata dell\u2019architettura e del costruito manterr\u00e0 carattere internazionale in virt\u00f9 della collaborazione attiva con la facolt\u00e0 di architettura dell\u2019Universit\u00e0 di Lubiana, facendo riferimento a un ampio spettro di relazioni consolidate di area centro europea e balcanica &#8211; si legge nella convenzione tra Comune, Consorzio e Universit\u00e0 -. Il laboratorio, condiviso nei contenuti generali tra le istituzioni indicate, intende approfondire l\u2019esperienza maturata nell\u2019anno accademico 2020\/2021 al fine di dar forma compiuta alle sperimentazioni condotte in relazione all\u2019individuazione di nuove opportunit\u00e0 di ricucitura urbana e alla definizione di elementi di connessione (fisici, ma anche funzionali) tali da richiamare unitamente a una cura dei luoghi, occasioni di stimolo allo sviluppo integrato e sinergico della citt\u00e0 e dell\u2019ambito transfrontaliero\u201d.<\/p>\n<p> \tSi partir\u00e0 dall\u2019analisi del contesto urbano, sulla base dei pi\u00f9 recenti studi e progetti condotti nelle due citt\u00e0 per definire un quadro d\u2019insieme cui riferire le aree\/connessioni da riqualificare o in quanto capaci di generare concrete occasioni di cooperazione ed opportunit\u00e0 per il reciproco sviluppo della \u201cCitt\u00e0 transfrontaliera conurbata\u201d.<\/p>\n<p> \tIn particolare, il lavoro metter\u00e0 sotto la lente l\u2019<strong>area<\/strong> <strong>della piazza Transalpina<\/strong>, sia in relazione al versante italiano che sloveno in una visione unitaria delle parti e degli interventi; lo spazio che ospita Supernova, considerando gli ambiti di trasformazione in stretta relazione con Transalpina e gli aspetti infrastrutturali e paesaggistici; via Gallina in riferimento al progetto qualit\u00e0 dell\u2019abitare; il piazzale Casa rossa e il versante sloveno, con particolare attenzione alle soluzioni gi\u00e0 in via di definizione, da porre in relazione con una prospettiva pi\u00f9 ampia e complessa; la riqualificazione e la valorizzazione degli impianti sportivi cittadini in un\u2019ottica di polifunzionalit\u00e0 (per esempio Centro sportivo Fabretto, PalaBigot) e la ristrutturazione di via Terza Armata quale asse di penetrazione alla citt\u00e0, riqualificandone aspetto e funzionalit\u00e0.<\/p>\n<p> \tIl presidente del Consorzio Universitario di Gorizia, <strong>Paolo Lazzeri<\/strong>, durante la presentazione ha sottolineato l\u2019importanza del sostegno alla Facolt\u00e0 di Architettura con sede a Gorizia per il lavoro di eccellenza sin qui svolto dall\u2019Universit\u00e0 stessa in tema di collegamento tra docenza, studenti ed Enti al fine di connettere il mondo della ricerca universitaria con la riqualificazione e lo sviluppo del Territorio di Gorizia.<\/p>\n<p> \t\u201c\u00c8 anche importante rilevare &#8211; ha aggiunto Lazzeri &#8211; che l\u2019idea progettuale portata avanti dal Laboratorio di Architettura coinvolgendo, oltre al Comune di Gorizia, anche l\u2019Universit\u00e0 di Lubiana e in prospettiva altre facolt\u00e0 dell\u2019area, \u00e8 portatrice di una collaborazione internazionale di matrice culturale mitteleuropea\u201d.<\/p>\n<p> \tIl presidente e il CdA del Consorzio hanno anche inteso sottolineare come l\u2019adesione al Laboratorio e alle attivit\u00e0 gi\u00e0 intraprese dal Comune di Gorizia e dalla Facolt\u00e0 di Architettura di Trieste rafforzino l\u2019attrattivit\u00e0 della sede di Gorizia in relazione al numero di studenti e alla qualit\u00e0 dell\u2019insegnamento: le notizie relative al numero di immatricolazioni in netto aumento nel corrente anno accademico ne sono la conferma.<\/p>\n","protected":false},"excerpt":{"rendered":"<p>Esauriti i posti disponibili<\/p>\n","protected":false},"author":28,"featured_media":40484,"comment_status":"closed","ping_status":"closed","sticky":false,"template":"","format":"standard","meta":{"dwc-title":[],"dwc-content":[],"footnotes":""},"categories":[5],"tags":[],"class_list":["post-40483","post","type-post","status-publish","format-standard","has-post-thumbnail","hentry","category-attualita"],"rttpg_featured_image_url":{"full":["https:\/\/imagazine.it\/wp-content\/uploads\/2024\/01\/43539-1.webp",1000,717,false],"landscape":["https:\/\/imagazine.it\/wp-content\/uploads\/2024\/01\/43539-1.webp",1000,717,false],"portraits":["https:\/\/imagazine.it\/wp-content\/uploads\/2024\/01\/43539-1.webp",1000,717,false],"thumbnail":["https:\/\/imagazine.it\/wp-content\/uploads\/2024\/01\/43539-1-150x150.webp",150,150,true],"medium":["https:\/\/imagazine.it\/wp-content\/uploads\/2024\/01\/43539-1-300x215.webp",300,215,true],"large":["https:\/\/imagazine.it\/wp-content\/uploads\/2024\/01\/43539-1.webp",640,459,false],"thumblist":["https:\/\/imagazine.it\/wp-content\/uploads\/2024\/01\/43539-1.webp",300,215,false],"thumbrelated":["https:\/\/imagazine.it\/wp-content\/uploads\/2024\/01\/43539-1.webp",500,359,false],"meccarouselthumb":["https:\/\/imagazine.it\/wp-content\/uploads\/2024\/01\/43539-1.webp",452,324,false],"gridsquare":["https:\/\/imagazine.it\/wp-content\/uploads\/2024\/01\/43539-1.webp",363,260,false],"tileview":["https:\/\/imagazine.it\/wp-content\/uploads\/2024\/01\/43539-1.webp",300,215,false],"1536x1536":["https:\/\/imagazine.it\/wp-content\/uploads\/2024\/01\/43539-1.webp",1000,717,false],"2048x2048":["https:\/\/imagazine.it\/wp-content\/uploads\/2024\/01\/43539-1.webp",1000,717,false],"newsup-slider-full":["https:\/\/imagazine.it\/wp-content\/uploads\/2024\/01\/43539-1.webp",1000,717,false],"newsup-featured":["https:\/\/imagazine.it\/wp-content\/uploads\/2024\/01\/43539-1.webp",1000,717,false],"newsup-medium":["https:\/\/imagazine.it\/wp-content\/uploads\/2024\/01\/43539-1-720x380.webp",720,380,true],"tptn_thumbnail":["https:\/\/imagazine.it\/wp-content\/uploads\/2024\/01\/43539-1.webp",250,179,false],"sow-carousel-default":["https:\/\/imagazine.it\/wp-content\/uploads\/2024\/01\/43539-1-272x182.webp",272,182,true]},"rttpg_author":{"display_name":"redazione","author_link":"https:\/\/imagazine.it\/home_desk\/author\/redazione\/"},"rttpg_comment":0,"rttpg_category":"<a href=\"https:\/\/imagazine.it\/home_desk\/category\/attualita\/\" rel=\"category tag\">ATTUALIT\u00c0<\/a>","rttpg_excerpt":"Esauriti i posti disponibili","_links":{"self":[{"href":"https:\/\/imagazine.it\/home_desk\/wp-json\/wp\/v2\/posts\/40483","targetHints":{"allow":["GET"]}}],"collection":[{"href":"https:\/\/imagazine.it\/home_desk\/wp-json\/wp\/v2\/posts"}],"about":[{"href":"https:\/\/imagazine.it\/home_desk\/wp-json\/wp\/v2\/types\/post"}],"author":[{"embeddable":true,"href":"https:\/\/imagazine.it\/home_desk\/wp-json\/wp\/v2\/users\/28"}],"replies":[{"embeddable":true,"href":"https:\/\/imagazine.it\/home_desk\/wp-json\/wp\/v2\/comments?post=40483"}],"version-history":[{"count":0,"href":"https:\/\/imagazine.it\/home_desk\/wp-json\/wp\/v2\/posts\/40483\/revisions"}],"wp:featuredmedia":[{"embeddable":true,"href":"https:\/\/imagazine.it\/home_desk\/wp-json\/wp\/v2\/media\/40484"}],"wp:attachment":[{"href":"https:\/\/imagazine.it\/home_desk\/wp-json\/wp\/v2\/media?parent=40483"}],"wp:term":[{"taxonomy":"category","embeddable":true,"href":"https:\/\/imagazine.it\/home_desk\/wp-json\/wp\/v2\/categories?post=40483"},{"taxonomy":"post_tag","embeddable":true,"href":"https:\/\/imagazine.it\/home_desk\/wp-json\/wp\/v2\/tags?post=40483"}],"curies":[{"name":"wp","href":"https:\/\/api.w.org\/{rel}","templated":true}]}}