{"id":40479,"date":"2021-10-04T00:00:00","date_gmt":"2021-10-03T23:00:00","guid":{"rendered":"https:\/\/imagazine.it\/?p=40479"},"modified":"2021-10-04T00:00:00","modified_gmt":"2021-10-03T23:00:00","slug":"cuore-ricordi-ed-emozioni-successo-per-la-mostra-di-katia-bonaventura","status":"publish","type":"post","link":"https:\/\/imagazine.it\/home_desk\/cuore-ricordi-ed-emozioni-successo-per-la-mostra-di-katia-bonaventura\/","title":{"rendered":"Cuore, ricordi ed emozioni: successo per la mostra di Katia Bonaventura"},"content":{"rendered":"<p> \tL\u2019attimo \u00e8 la misura di tempo per l\u2019azione del fotoreporter. Alcuni secondi per vedere, capire e scattare.<\/p>\n<p> \tPer comporre le tessere che rappresentano la vita di persone e luoghi in una narrazione di ampio respiro. Un racconto di segno netto: la cifra espressiva. La personale e unica impronta che firma il lavoro di una brava fotografa.<\/p>\n<p> \t<strong>Katia Bonaventura<\/strong> presenta la sua cronaca di una citt\u00e0 e di un territorio, dal Monfalconese a Grado, spaziando per la provincia isontina nella mostra \u201c<em>Fuori Centro<\/em>\u201d allestita nella Sala Antiche Mura di via Fratelli Rosselli nella citt\u00e0 dei Cantieri.<\/p>\n<p> \tUn regalo alla citt\u00e0 che <em>Il Piccolo<\/em>, la cui sede \u00e8 proprio sopra la galleria, ha voluto fare e farsi nella ricorrenza dei 140 anni di vita del giornale per marcare il rapporto imprescindibile che lega un quotidiano al suo territorio. In un percorso di elegante essenzialit\u00e0 e abbondanza di qualit\u00e0 e di chiarezza espressiva 45 scatti a colori raccontano eventi personali e sociali, dolori e momenti di gioia, lotte e conquiste, dando spazio a cerimonie istituzionali e di religiosit\u00e0 antica e contemporanea.<\/p>\n<p> \tIl mare \u00e8 il grande protagonista dei clic, in forma diretta o indiretta, a segnalare il legame forte di vite e economia. Gli sguardi sono spesso protagonisti, diretti, penetranti e schietti. Una mostra di attimi colti e fermati ma anche di gesti che sono andati incontro alla fotografa in un grido di attenzione, richiesta di documentazione.<\/p>\n<p> \t\u201cLe immagini scelte sono state selezionate fra oltre 400 scatti &#8211; spiega il capo redattore delle sedi di Gorizia e di Monfalcone de <em>Il Piccolo<\/em>, <strong>Pietro Comelli<\/strong> -. \u00c8 stato un lavoro impegnativo avendo come obiettivo il raccontare il territorio, valorizzando l\u2019aspetto estetico e di significato di scatti scartati per mille ragioni: perch\u00e8 non adeguati nel formato, non significativi rispetto alla cronaca, perch\u00e9 macinati nella frenesia di un lavoro che ogni giorno inizia da zero per confezionare un prodotto legato alla ferrea quotidianit\u00e0. Un impegno che abbiamo raccontato nell\u2019inserto del quotidiano realizzato per la mostra e disponibile gratuitamente per i visitatori\u201d.<\/p>\n<p> \tUna mostra connotata da un rigore geometrico di allestimento che ben bilancia la passione della vita che racconta. \u201cCi sono cuore, ricordi ed emozioni nella scelta di questi scatti &#8211; spiega Katia Bonaventura &#8211; accanto a un progetto estetico che tende a valorizzare storie e persone ai margini di eventi di cronaca, come cerimonie, eventi sportivi e religiosi. Un \u201c<em>Fuori Centro<\/em>\u201d riassunto dal titolo, miniera di altre storie da raccontare con la penna o con la macchina fotografia\u201d.<\/p>\n<p> \tLa verit\u00e0 di temi proposti, come tanti fili di una trama, crea il tessuto di un vivere nella contemporaneit\u00e0 colta senza apparente spazio per costruire la fotografia prima di scattare. Ma questo \u00e8 vero solo in parte: un fotografo professionista come Katia Bonaventura ha una sua cifra espressiva, marchio di scatto sottotraccia che rende il suo lavoro riconoscibile.<\/p>\n<p> \t\u201cForse sarebbe stato meglio che altri scegliessero cosa esporre &#8211; conclude &#8211; anche se al secondo sguardo un\u2019immagine svela sempre qualcosa di prima invisibile e in alcuni casi ho ritrovato immagini dimenticare e diverse nel ricordo\u201d.<\/p>\n<p> \tAll\u2019inaugurazione, fra le autorit\u00e0 civili e militari, era presente anche <strong>Roberta Giani<\/strong>, condirettrice de<em> Il Piccolo<\/em>: \u201cIl senso del nostro lavoro &#8211; ha sottolineato &#8211; \u00e8 il forte legame con il territorio e i suoi abitanti\u201d.<\/p>\n<p> \tUna curiosit\u00e0: ci sono immagini destinate a restare nell\u2019immaginario collettivo. \u00c8 il caso di uno scatto esposto sotto il logo della mostra, pubblicato in prima pagina su diverse testate. Raffigura un bambino piccolo davanti a una muraglia d\u2019acqua. Una storia fissata e non chiusa che la fotografa ha colto nel suo divenire.<\/p>\n<p> \tLa mostra rester\u00e0 aperta con ingresso libero, previo green pass, fino al 17 ottobre.<\/p>\n","protected":false},"excerpt":{"rendered":"<p>Visitabile fino al 17 ottobre<\/p>\n","protected":false},"author":23,"featured_media":40480,"comment_status":"closed","ping_status":"closed","sticky":false,"template":"","format":"standard","meta":{"dwc-title":[],"dwc-content":[],"footnotes":""},"categories":[37],"tags":[],"class_list":["post-40479","post","type-post","status-publish","format-standard","has-post-thumbnail","hentry","category-cultura-e-spettacolo"],"rttpg_featured_image_url":{"full":["https:\/\/imagazine.it\/wp-content\/uploads\/2024\/01\/43523-1.webp",1000,582,false],"landscape":["https:\/\/imagazine.it\/wp-content\/uploads\/2024\/01\/43523-1.webp",1000,582,false],"portraits":["https:\/\/imagazine.it\/wp-content\/uploads\/2024\/01\/43523-1.webp",1000,582,false],"thumbnail":["https:\/\/imagazine.it\/wp-content\/uploads\/2024\/01\/43523-1-150x150.webp",150,150,true],"medium":["https:\/\/imagazine.it\/wp-content\/uploads\/2024\/01\/43523-1-300x175.webp",300,175,true],"large":["https:\/\/imagazine.it\/wp-content\/uploads\/2024\/01\/43523-1.webp",640,372,false],"thumblist":["https:\/\/imagazine.it\/wp-content\/uploads\/2024\/01\/43523-1.webp",300,175,false],"thumbrelated":["https:\/\/imagazine.it\/wp-content\/uploads\/2024\/01\/43523-1.webp",500,291,false],"meccarouselthumb":["https:\/\/imagazine.it\/wp-content\/uploads\/2024\/01\/43523-1.webp",474,276,false],"gridsquare":["https:\/\/imagazine.it\/wp-content\/uploads\/2024\/01\/43523-1.webp",391,228,false],"tileview":["https:\/\/imagazine.it\/wp-content\/uploads\/2024\/01\/43523-1.webp",300,175,false],"1536x1536":["https:\/\/imagazine.it\/wp-content\/uploads\/2024\/01\/43523-1.webp",1000,582,false],"2048x2048":["https:\/\/imagazine.it\/wp-content\/uploads\/2024\/01\/43523-1.webp",1000,582,false],"newsup-slider-full":["https:\/\/imagazine.it\/wp-content\/uploads\/2024\/01\/43523-1.webp",1000,582,false],"newsup-featured":["https:\/\/imagazine.it\/wp-content\/uploads\/2024\/01\/43523-1.webp",1000,582,false],"newsup-medium":["https:\/\/imagazine.it\/wp-content\/uploads\/2024\/01\/43523-1-720x380.webp",720,380,true],"tptn_thumbnail":["https:\/\/imagazine.it\/wp-content\/uploads\/2024\/01\/43523-1.webp",250,146,false],"sow-carousel-default":["https:\/\/imagazine.it\/wp-content\/uploads\/2024\/01\/43523-1-272x182.webp",272,182,true]},"rttpg_author":{"display_name":"Margherita Reguitti","author_link":"https:\/\/imagazine.it\/home_desk\/author\/reguitti\/"},"rttpg_comment":0,"rttpg_category":"<a href=\"https:\/\/imagazine.it\/home_desk\/category\/cultura-e-spettacolo\/\" rel=\"category tag\">CULTURA&amp;SPETTACOLO<\/a>","rttpg_excerpt":"Visitabile fino al 17 ottobre","_links":{"self":[{"href":"https:\/\/imagazine.it\/home_desk\/wp-json\/wp\/v2\/posts\/40479","targetHints":{"allow":["GET"]}}],"collection":[{"href":"https:\/\/imagazine.it\/home_desk\/wp-json\/wp\/v2\/posts"}],"about":[{"href":"https:\/\/imagazine.it\/home_desk\/wp-json\/wp\/v2\/types\/post"}],"author":[{"embeddable":true,"href":"https:\/\/imagazine.it\/home_desk\/wp-json\/wp\/v2\/users\/23"}],"replies":[{"embeddable":true,"href":"https:\/\/imagazine.it\/home_desk\/wp-json\/wp\/v2\/comments?post=40479"}],"version-history":[{"count":0,"href":"https:\/\/imagazine.it\/home_desk\/wp-json\/wp\/v2\/posts\/40479\/revisions"}],"wp:featuredmedia":[{"embeddable":true,"href":"https:\/\/imagazine.it\/home_desk\/wp-json\/wp\/v2\/media\/40480"}],"wp:attachment":[{"href":"https:\/\/imagazine.it\/home_desk\/wp-json\/wp\/v2\/media?parent=40479"}],"wp:term":[{"taxonomy":"category","embeddable":true,"href":"https:\/\/imagazine.it\/home_desk\/wp-json\/wp\/v2\/categories?post=40479"},{"taxonomy":"post_tag","embeddable":true,"href":"https:\/\/imagazine.it\/home_desk\/wp-json\/wp\/v2\/tags?post=40479"}],"curies":[{"name":"wp","href":"https:\/\/api.w.org\/{rel}","templated":true}]}}