{"id":40477,"date":"2021-10-06T00:00:00","date_gmt":"2021-10-05T23:00:00","guid":{"rendered":"https:\/\/imagazine.it\/?p=40477"},"modified":"2021-10-06T00:00:00","modified_gmt":"2021-10-05T23:00:00","slug":"gli-artisti-della-pietra-si-ritrovano-in-friuli","status":"publish","type":"post","link":"https:\/\/imagazine.it\/home_desk\/gli-artisti-della-pietra-si-ritrovano-in-friuli\/","title":{"rendered":"Gli artisti della pietra si ritrovano in Friuli"},"content":{"rendered":"<p> \tL\u2019arte dello scolpire la pietra \u00e8 tornata a trasformare il <strong>Parco Scultura di Vergnacco di Reana del Rojale<\/strong> in un laboratorio <em>en plein air<\/em>, un\u2019occasione di incontro fra artisti internazionali e la popolazione della cittadina friulana e un richiamo per molti da fuori attratti dal poter vivere un evento artistico.<\/p>\n<p> \tQuesta edizione, cos\u00ec difficile da realizzare nel dopo Covid ma non per questo meno partecipata, \u00e8 la 24esima del Simposio organizzato dal Circolo culturale Il Faro con il sostegno e il supporto di tanti enti pubblici e privati, in primis il Comune di Reana.<\/p>\n<p> \tSul prato verde il turbinio della polvere bianca e il rumore di frese e di martelli sono stati colonna la sonora e la magia di ombre per gli otto artisti che hanno lavorato per estrarre, togliere, plasmare le loro opere dai blocchi di pietra Fior di pesco carnico di Forni Avoltri, Rosso radica di Verzegnis, Grigio carnico di Paluzza e Pietra piasentina di Torreano, Lavori si diversi e si preziosi per forza creativa, capacit\u00e0 artigianali e tanta, tanta fatica.<\/p>\n<p> \tArte dura la scultura, <u><a href=\"http:\/\/www.imagazine.it\/notizie-trieste-gorizia-udine-friuli\/5707\" target=\"_blank\" rel=\"noopener\"><span style=\"color:#0000cd;\">un tempo praticata solo da uomini, ma oggi non \u00e8 pi\u00f9 cos\u00ec<\/span><\/a><\/u>. Su otto partecipanti sono tre le artiste presenti; <strong>Gabriela Salinas<\/strong> \u2013 Messico con l\u2019opera \u201cFiume (Wakp\u00e0)\u201d, <strong>Aurora Avvantaggiato<\/strong> \u2013 Puglia \u201cCon-senso\u201d e <strong>Ma<\/strong><strong>\u0161a Paunovi<\/strong><strong>\u0107<\/strong> \u2013 Serbia con \u201cNelle fauci delle emozioni\u201d. Cinque i colleghi maschi: <strong>Antonio Felice La Mont<\/strong> \u2013 FVG con \u201cEvoluzione\u201d, <strong>Francesco Cadeddu<\/strong> \u2013 Sardegna con \u201cMadre terra\u201d, <strong>James Gannon<\/strong> \u2013 Irlanda autore di \u201cGiovane donna con la coda di cavallo\u201d, <strong>Reinaldo Escalona<\/strong> \u2013 Venezuela con \u201cIl fiore dell\u2019amina\u201d e <strong>Alfredo Pecile<\/strong> \u2013 Argentina con \u201cL\u2019ostinazione degli antenati\u201d.<\/p>\n<p> \tOpere diverse per stile e linguaggio, che spaziano dal figurativo all\u2019astratto, dalla composizione essenziale con rimandi o suggerimenti naturalistici a variazioni geometriche, dall\u2019iperealismo al racconto. Lavori nei quali la forma dialoga e valorizza le venature delle pietre della regione: un ideale abbraccio fra il luogo che ospita e fornisce la materia prima e le origini spesso lontane geograficamente degli artisti che hanno aderito al simposio. Un progetto fatto di uomini e donne, amicizia e accoglienza che in questo quasi quarto di secolo ha realizzato il museo diffuso e accessibile a tutti di questa parte del Friuli.<\/p>\n","protected":false},"excerpt":{"rendered":"<p>A Vergnacco di Reana del Rojale<\/p>\n","protected":false},"author":23,"featured_media":40478,"comment_status":"closed","ping_status":"closed","sticky":false,"template":"","format":"standard","meta":{"dwc-title":[],"dwc-content":[],"footnotes":""},"categories":[37],"tags":[],"class_list":["post-40477","post","type-post","status-publish","format-standard","has-post-thumbnail","hentry","category-cultura-e-spettacolo"],"rttpg_featured_image_url":{"full":["https:\/\/imagazine.it\/wp-content\/uploads\/2024\/01\/43520-1.webp",750,475,false],"landscape":["https:\/\/imagazine.it\/wp-content\/uploads\/2024\/01\/43520-1.webp",750,475,false],"portraits":["https:\/\/imagazine.it\/wp-content\/uploads\/2024\/01\/43520-1.webp",750,475,false],"thumbnail":["https:\/\/imagazine.it\/wp-content\/uploads\/2024\/01\/43520-1-150x150.webp",150,150,true],"medium":["https:\/\/imagazine.it\/wp-content\/uploads\/2024\/01\/43520-1-300x190.webp",300,190,true],"large":["https:\/\/imagazine.it\/wp-content\/uploads\/2024\/01\/43520-1.webp",640,405,false],"thumblist":["https:\/\/imagazine.it\/wp-content\/uploads\/2024\/01\/43520-1.webp",300,190,false],"thumbrelated":["https:\/\/imagazine.it\/wp-content\/uploads\/2024\/01\/43520-1.webp",500,317,false],"meccarouselthumb":["https:\/\/imagazine.it\/wp-content\/uploads\/2024\/01\/43520-1.webp",474,300,false],"gridsquare":["https:\/\/imagazine.it\/wp-content\/uploads\/2024\/01\/43520-1.webp",391,248,false],"tileview":["https:\/\/imagazine.it\/wp-content\/uploads\/2024\/01\/43520-1.webp",300,190,false],"1536x1536":["https:\/\/imagazine.it\/wp-content\/uploads\/2024\/01\/43520-1.webp",750,475,false],"2048x2048":["https:\/\/imagazine.it\/wp-content\/uploads\/2024\/01\/43520-1.webp",750,475,false],"newsup-slider-full":["https:\/\/imagazine.it\/wp-content\/uploads\/2024\/01\/43520-1.webp",750,475,false],"newsup-featured":["https:\/\/imagazine.it\/wp-content\/uploads\/2024\/01\/43520-1.webp",750,475,false],"newsup-medium":["https:\/\/imagazine.it\/wp-content\/uploads\/2024\/01\/43520-1-720x380.webp",720,380,true],"tptn_thumbnail":["https:\/\/imagazine.it\/wp-content\/uploads\/2024\/01\/43520-1.webp",250,158,false],"sow-carousel-default":["https:\/\/imagazine.it\/wp-content\/uploads\/2024\/01\/43520-1-272x182.webp",272,182,true]},"rttpg_author":{"display_name":"Margherita Reguitti","author_link":"https:\/\/imagazine.it\/home_desk\/author\/reguitti\/"},"rttpg_comment":0,"rttpg_category":"<a href=\"https:\/\/imagazine.it\/home_desk\/category\/cultura-e-spettacolo\/\" rel=\"category tag\">CULTURA&amp;SPETTACOLO<\/a>","rttpg_excerpt":"A Vergnacco di Reana del Rojale","_links":{"self":[{"href":"https:\/\/imagazine.it\/home_desk\/wp-json\/wp\/v2\/posts\/40477","targetHints":{"allow":["GET"]}}],"collection":[{"href":"https:\/\/imagazine.it\/home_desk\/wp-json\/wp\/v2\/posts"}],"about":[{"href":"https:\/\/imagazine.it\/home_desk\/wp-json\/wp\/v2\/types\/post"}],"author":[{"embeddable":true,"href":"https:\/\/imagazine.it\/home_desk\/wp-json\/wp\/v2\/users\/23"}],"replies":[{"embeddable":true,"href":"https:\/\/imagazine.it\/home_desk\/wp-json\/wp\/v2\/comments?post=40477"}],"version-history":[{"count":0,"href":"https:\/\/imagazine.it\/home_desk\/wp-json\/wp\/v2\/posts\/40477\/revisions"}],"wp:featuredmedia":[{"embeddable":true,"href":"https:\/\/imagazine.it\/home_desk\/wp-json\/wp\/v2\/media\/40478"}],"wp:attachment":[{"href":"https:\/\/imagazine.it\/home_desk\/wp-json\/wp\/v2\/media?parent=40477"}],"wp:term":[{"taxonomy":"category","embeddable":true,"href":"https:\/\/imagazine.it\/home_desk\/wp-json\/wp\/v2\/categories?post=40477"},{"taxonomy":"post_tag","embeddable":true,"href":"https:\/\/imagazine.it\/home_desk\/wp-json\/wp\/v2\/tags?post=40477"}],"curies":[{"name":"wp","href":"https:\/\/api.w.org\/{rel}","templated":true}]}}