{"id":40469,"date":"2021-09-27T00:00:00","date_gmt":"2021-09-26T23:00:00","guid":{"rendered":"https:\/\/imagazine.it\/?p=40469"},"modified":"2021-09-27T00:00:00","modified_gmt":"2021-09-26T23:00:00","slug":"joannis-celebra-lorgano-ottocentesco","status":"publish","type":"post","link":"https:\/\/imagazine.it\/home_desk\/joannis-celebra-lorgano-ottocentesco\/","title":{"rendered":"Joannis celebra l&#8217;organo ottocentesco"},"content":{"rendered":"<p> \tDomenica durante la messa delle ore 10 nella chiesa dedicata a Sant&#39;Agnese a <strong>Joannis<\/strong> c&#39;\u00e8 stata, nell&#39;intonazione del canto d&#39;ingresso, una grande emozione per l&#39;organista <strong>Michele Cescutti<\/strong>: infatti trent&#39;anni prima (la data precisa sarebbe il 29 settembre che cade di mercoled\u00ec) per la prima volta prendeva la responsabilit\u00e0 dell&#39;organo ottocentesco a una tastiera qui montato nel 1901, restaurato da Giorgio Bencz e Figli nel 1942 e del coro parrocchiale.<\/p>\n<p> \tSenza fare calcoli precisi il maestro Michele ha suonato e diretto per oltre 2.000 funzioni religiose, instancabile e sempre presente la sua passione per la musica, che inizi\u00f2 gi\u00e0 da piccolissimo, a sei anni, nella \u201csquadra dei chierichetti\u201d. Sent\u00ec suonare dal maestro Luigi Deluisa quello che sarebbe diventato il \u201csuo\u201d organo tanti anni dopo; si entusiasm\u00f2 cos\u00ec tanto che inizi\u00f2 a pigiare i tasti della sua pianola Bontempi, ancora funzionante, fino a riuscire a suonare qualche motivetto.<\/p>\n<p> \tQualche anno dopo decise, insieme alla sorella, di iscriversi a un corso di musica dal maestro Dorino Godeas a San Vito al Torre. Inizi\u00f2 a conoscere il mondo della musica e quell\u2019entusiasmo lo port\u00f2 fino ad arrivare a montare sullo scranno prestigioso di un organo molto antico.<\/p>\n<p> \tIn questi trent\u2019anni Michele Cescutti ha continuato la sua meritoria attivit\u00e0 musicale che, oltre a impegnarlo all&#39;organo, lo vede sempre presente anche nelle prove e nella direzione del coro parrocchiale.<\/p>\n<p> \tGrazie alla sua scrupolosit\u00e0 \u00e8 riuscito a mantenere ancora vive molte antiche partiture che altrimenti sarebbero andate perdute, come ad esempio gli &#8220;Improperia&#8221; del Venerd\u00ec Santo, il &#8220;Missus\u201d della novena di Natale e i &#8220;Vespri&#8221;, per non citarne che alcune.<\/p>\n<p> \tIl Coro parrocchiale non ha solo partecipato alle liturgie religiose ma si \u00e8 cimentato in altri scenari come Udine, Grado, Gradisca. Sono stati proprio i coristi a ringraziarlo del lavoro e della passione che ci mette nel portare avanti questo impegno, che comunque gli regala grosse soddisfazioni professionali.<\/p>\n","protected":false},"excerpt":{"rendered":"<p>Grazie all&#8217;organista Michele Cescutti<\/p>\n","protected":false},"author":22,"featured_media":40470,"comment_status":"closed","ping_status":"closed","sticky":false,"template":"","format":"standard","meta":{"dwc-title":[],"dwc-content":[],"footnotes":""},"categories":[5],"tags":[],"class_list":["post-40469","post","type-post","status-publish","format-standard","has-post-thumbnail","hentry","category-attualita"],"rttpg_featured_image_url":{"full":["https:\/\/imagazine.it\/wp-content\/uploads\/2024\/01\/43482-1.webp",1000,750,false],"landscape":["https:\/\/imagazine.it\/wp-content\/uploads\/2024\/01\/43482-1.webp",1000,750,false],"portraits":["https:\/\/imagazine.it\/wp-content\/uploads\/2024\/01\/43482-1.webp",1000,750,false],"thumbnail":["https:\/\/imagazine.it\/wp-content\/uploads\/2024\/01\/43482-1-150x150.webp",150,150,true],"medium":["https:\/\/imagazine.it\/wp-content\/uploads\/2024\/01\/43482-1-300x225.webp",300,225,true],"large":["https:\/\/imagazine.it\/wp-content\/uploads\/2024\/01\/43482-1.webp",640,480,false],"thumblist":["https:\/\/imagazine.it\/wp-content\/uploads\/2024\/01\/43482-1.webp",300,225,false],"thumbrelated":["https:\/\/imagazine.it\/wp-content\/uploads\/2024\/01\/43482-1.webp",500,375,false],"meccarouselthumb":["https:\/\/imagazine.it\/wp-content\/uploads\/2024\/01\/43482-1.webp",432,324,false],"gridsquare":["https:\/\/imagazine.it\/wp-content\/uploads\/2024\/01\/43482-1.webp",347,260,false],"tileview":["https:\/\/imagazine.it\/wp-content\/uploads\/2024\/01\/43482-1.webp",300,225,false],"1536x1536":["https:\/\/imagazine.it\/wp-content\/uploads\/2024\/01\/43482-1.webp",1000,750,false],"2048x2048":["https:\/\/imagazine.it\/wp-content\/uploads\/2024\/01\/43482-1.webp",1000,750,false],"newsup-slider-full":["https:\/\/imagazine.it\/wp-content\/uploads\/2024\/01\/43482-1-1000x720.webp",1000,720,true],"newsup-featured":["https:\/\/imagazine.it\/wp-content\/uploads\/2024\/01\/43482-1.webp",1000,750,false],"newsup-medium":["https:\/\/imagazine.it\/wp-content\/uploads\/2024\/01\/43482-1-720x380.webp",720,380,true],"tptn_thumbnail":["https:\/\/imagazine.it\/wp-content\/uploads\/2024\/01\/43482-1.webp",250,188,false],"sow-carousel-default":["https:\/\/imagazine.it\/wp-content\/uploads\/2024\/01\/43482-1-272x182.webp",272,182,true]},"rttpg_author":{"display_name":"Livio Nonis","author_link":"https:\/\/imagazine.it\/home_desk\/author\/nonis\/"},"rttpg_comment":0,"rttpg_category":"<a href=\"https:\/\/imagazine.it\/home_desk\/category\/attualita\/\" rel=\"category tag\">ATTUALIT\u00c0<\/a>","rttpg_excerpt":"Grazie all'organista Michele Cescutti","_links":{"self":[{"href":"https:\/\/imagazine.it\/home_desk\/wp-json\/wp\/v2\/posts\/40469","targetHints":{"allow":["GET"]}}],"collection":[{"href":"https:\/\/imagazine.it\/home_desk\/wp-json\/wp\/v2\/posts"}],"about":[{"href":"https:\/\/imagazine.it\/home_desk\/wp-json\/wp\/v2\/types\/post"}],"author":[{"embeddable":true,"href":"https:\/\/imagazine.it\/home_desk\/wp-json\/wp\/v2\/users\/22"}],"replies":[{"embeddable":true,"href":"https:\/\/imagazine.it\/home_desk\/wp-json\/wp\/v2\/comments?post=40469"}],"version-history":[{"count":0,"href":"https:\/\/imagazine.it\/home_desk\/wp-json\/wp\/v2\/posts\/40469\/revisions"}],"wp:featuredmedia":[{"embeddable":true,"href":"https:\/\/imagazine.it\/home_desk\/wp-json\/wp\/v2\/media\/40470"}],"wp:attachment":[{"href":"https:\/\/imagazine.it\/home_desk\/wp-json\/wp\/v2\/media?parent=40469"}],"wp:term":[{"taxonomy":"category","embeddable":true,"href":"https:\/\/imagazine.it\/home_desk\/wp-json\/wp\/v2\/categories?post=40469"},{"taxonomy":"post_tag","embeddable":true,"href":"https:\/\/imagazine.it\/home_desk\/wp-json\/wp\/v2\/tags?post=40469"}],"curies":[{"name":"wp","href":"https:\/\/api.w.org\/{rel}","templated":true}]}}