{"id":40463,"date":"2021-10-05T00:00:00","date_gmt":"2021-10-04T23:00:00","guid":{"rendered":"https:\/\/imagazine.it\/?p=40463"},"modified":"2021-10-05T00:00:00","modified_gmt":"2021-10-04T23:00:00","slug":"il-convitto-di-cividale-protagonista-allexpo-di-dubai","status":"publish","type":"post","link":"https:\/\/imagazine.it\/home_desk\/il-convitto-di-cividale-protagonista-allexpo-di-dubai\/","title":{"rendered":"Il Convitto di Cividale protagonista all&#8217;Expo di Dubai"},"content":{"rendered":"<p> \tGi\u00e0 selezionato dal Ministero dell\u2019Istruzione come Scuola Polo Nazionale per Digital Exchange Program (DEP), mirato a coinvolgere studenti eccellenti in percorsi di formazione all\u2019estero,\u00a0oggi il <strong>Convitto Paolo Diacono di Cividale \u00e8 presente a EXPO Dubai 2020 per prendere parte al progetto School Mode COP26<\/strong>,\u00a0che si inserisce nelle iniziative del DEP.<\/p>\n<p> \t<strong>SCHOOL MODE COP26<\/strong>\u00a0vede il coinvolgimento cooperativo di 60 ragazzi provenienti da oltre 20 nazioni sulle tematiche climatiche e il futuro delle citt\u00e0. L\u2019evento \u00e8 in via di svolgimento in questi giorni presso Padiglione Italia.<\/p>\n<p> \tA rappresentare il Tricolore, con gli studenti eccellenti del Convitto <strong>Chiara Iussa <\/strong>(4ALC) e <strong>Fabio Clavora<\/strong> (4BLL), sono stati selezionati studenti provenienti da ISISS Don Milani di Tradate (Varese), Liceo Pertini di Campobasso, Liceo Benedetti Tommaseo di Venezia e Liceo Palumbo di Brindisi.<\/p>\n<p> \tIl\u00a0<strong>format<\/strong>\u00a0\u00e8 quello di un laboratorio <em>Challenge-Based Learning<\/em> che mira a far emergere posizioni comuni su tematiche e sfide complesse di interesse sociale e ambientale, a partire da istanze territoriali. Lo SCHOOL MODE COP26 \u00e8 il primo passo di un percorso il cui obiettivo \u00e8 quello di portare i giovani a discutere dei fenomeni legati al cambiamento climatico che producono impatti sulle citt\u00e0 e in particolare sulle popolazioni urbane, riecheggiando la manifestazione appena conclusa a Milano Youth4Climate. L\u2019attivit\u00e0 si svolge in lingua inglese, per la prima volta con l\u2019occasione per gli studenti italiani di entrare in contatto con varie rappresentanze diplomatiche del mondo arabo, oltre che di molti altri Paesi presenti a EXPO.<\/p>\n<p> \tIn quanto Scuola Polo, al Paolo Diacono \u00e8 stata affidata dal Ministero dell\u2019Istruzione l\u2019organizzazione della mobilit\u00e0 delle scuole italiane per 4 dei laboratori pi\u00f9 significativi ospitati in Padiglione Italia nel corso di EXPO 2020 Dubai, di cui School Mode COP26 \u00e8 il primo.<\/p>\n<p> \tIl prossimo, in programma dall\u20198 al 10 novembre, intitolato\u00a0<strong>Wise<\/strong>\u00a0(Workshop for Innovative Schools and Education), consiste in un laboratorio di realt\u00e0 virtuale per immaginare e co-progettare nuovi spazi scolastici, sostenibili dal punto di vista ambientale e funzionali alle attivit\u00e0 didattiche del futuro. Seguir\u00e0\u00a0<strong>YounG20<\/strong>\u00a0dal 17 al 19 novembre, simulazione dei lavori del G20 che prevede il coinvolgimento di venti delegazioni scolastiche internazionali in rappresentanza dei 20 Paesi del G20, nell\u2019anno della presidenza italiana. Infine, il 23 e 24 marzo si svolger\u00e0\u00a0<strong>WaterHack<\/strong>, hackathon a partecipazione internazionale con il contributo di mentori, esperti e policy makers da tutto il mondo che lavoreranno insieme agli studenti con l\u2019obiettivo di creare modelli, soluzioni e prototipi digitali sul tema della gestione delle risorse idriche.<\/p>\n<p> \tAd accompagnare gli studenti in EXPO \u00e8 presente anche il <strong>rettore del Convitto, Alberta Pettoello<\/strong>, a sottolineare l\u2019impegno della Scuola Polo nella realizzazione di eventi formativi di eccellenza per gli studenti italiani, e nel segno di una riapertura progressiva al confronto educativo in ambito internazionale.\u00a0<\/p>\n<p> \t<em>\u201cAlziamo ulteriormente l\u2019asticella della formazione &#8211;\u00a0<\/em>ha osservato &#8211;\u00a0<em>offrendo ai nostri studenti un\u2019opportunit\u00e0 preziosa di crescita formativa e personale. \u00c8 un onore per noi essere stati selezionati dal Ministero dell\u2019Istruzione e poter partecipare ad un progetto di questa portata a EXPO Dubai 2020, in cui i giovani possono misurarsi e confrontarsi con coetanei di altri Paesi e impegnarsi per trovare idee e soluzioni innovative attorno ad una tematica tanto attuale ed urgente come quella del cambiamento climatico\u201d.<\/em><\/p>\n","protected":false},"excerpt":{"rendered":"<p>Selezionato dal Ministero dell\u2019Istruzione<\/p>\n","protected":false},"author":28,"featured_media":40464,"comment_status":"closed","ping_status":"closed","sticky":false,"template":"","format":"standard","meta":{"dwc-title":[],"dwc-content":[],"footnotes":""},"categories":[5],"tags":[],"class_list":["post-40463","post","type-post","status-publish","format-standard","has-post-thumbnail","hentry","category-attualita"],"rttpg_featured_image_url":{"full":["https:\/\/imagazine.it\/wp-content\/uploads\/2024\/01\/43477-1.webp",1000,750,false],"landscape":["https:\/\/imagazine.it\/wp-content\/uploads\/2024\/01\/43477-1.webp",1000,750,false],"portraits":["https:\/\/imagazine.it\/wp-content\/uploads\/2024\/01\/43477-1.webp",1000,750,false],"thumbnail":["https:\/\/imagazine.it\/wp-content\/uploads\/2024\/01\/43477-1-150x150.webp",150,150,true],"medium":["https:\/\/imagazine.it\/wp-content\/uploads\/2024\/01\/43477-1-300x225.webp",300,225,true],"large":["https:\/\/imagazine.it\/wp-content\/uploads\/2024\/01\/43477-1.webp",640,480,false],"thumblist":["https:\/\/imagazine.it\/wp-content\/uploads\/2024\/01\/43477-1.webp",300,225,false],"thumbrelated":["https:\/\/imagazine.it\/wp-content\/uploads\/2024\/01\/43477-1.webp",500,375,false],"meccarouselthumb":["https:\/\/imagazine.it\/wp-content\/uploads\/2024\/01\/43477-1.webp",432,324,false],"gridsquare":["https:\/\/imagazine.it\/wp-content\/uploads\/2024\/01\/43477-1.webp",347,260,false],"tileview":["https:\/\/imagazine.it\/wp-content\/uploads\/2024\/01\/43477-1.webp",300,225,false],"1536x1536":["https:\/\/imagazine.it\/wp-content\/uploads\/2024\/01\/43477-1.webp",1000,750,false],"2048x2048":["https:\/\/imagazine.it\/wp-content\/uploads\/2024\/01\/43477-1.webp",1000,750,false],"newsup-slider-full":["https:\/\/imagazine.it\/wp-content\/uploads\/2024\/01\/43477-1-1000x720.webp",1000,720,true],"newsup-featured":["https:\/\/imagazine.it\/wp-content\/uploads\/2024\/01\/43477-1.webp",1000,750,false],"newsup-medium":["https:\/\/imagazine.it\/wp-content\/uploads\/2024\/01\/43477-1-720x380.webp",720,380,true],"tptn_thumbnail":["https:\/\/imagazine.it\/wp-content\/uploads\/2024\/01\/43477-1.webp",250,188,false],"sow-carousel-default":["https:\/\/imagazine.it\/wp-content\/uploads\/2024\/01\/43477-1-272x182.webp",272,182,true]},"rttpg_author":{"display_name":"redazione","author_link":"https:\/\/imagazine.it\/home_desk\/author\/redazione\/"},"rttpg_comment":0,"rttpg_category":"<a href=\"https:\/\/imagazine.it\/home_desk\/category\/attualita\/\" rel=\"category tag\">ATTUALIT\u00c0<\/a>","rttpg_excerpt":"Selezionato dal Ministero dell\u2019Istruzione","_links":{"self":[{"href":"https:\/\/imagazine.it\/home_desk\/wp-json\/wp\/v2\/posts\/40463","targetHints":{"allow":["GET"]}}],"collection":[{"href":"https:\/\/imagazine.it\/home_desk\/wp-json\/wp\/v2\/posts"}],"about":[{"href":"https:\/\/imagazine.it\/home_desk\/wp-json\/wp\/v2\/types\/post"}],"author":[{"embeddable":true,"href":"https:\/\/imagazine.it\/home_desk\/wp-json\/wp\/v2\/users\/28"}],"replies":[{"embeddable":true,"href":"https:\/\/imagazine.it\/home_desk\/wp-json\/wp\/v2\/comments?post=40463"}],"version-history":[{"count":0,"href":"https:\/\/imagazine.it\/home_desk\/wp-json\/wp\/v2\/posts\/40463\/revisions"}],"wp:featuredmedia":[{"embeddable":true,"href":"https:\/\/imagazine.it\/home_desk\/wp-json\/wp\/v2\/media\/40464"}],"wp:attachment":[{"href":"https:\/\/imagazine.it\/home_desk\/wp-json\/wp\/v2\/media?parent=40463"}],"wp:term":[{"taxonomy":"category","embeddable":true,"href":"https:\/\/imagazine.it\/home_desk\/wp-json\/wp\/v2\/categories?post=40463"},{"taxonomy":"post_tag","embeddable":true,"href":"https:\/\/imagazine.it\/home_desk\/wp-json\/wp\/v2\/tags?post=40463"}],"curies":[{"name":"wp","href":"https:\/\/api.w.org\/{rel}","templated":true}]}}