{"id":40459,"date":"2021-09-30T00:00:00","date_gmt":"2021-09-29T23:00:00","guid":{"rendered":"https:\/\/imagazine.it\/?p=40459"},"modified":"2021-09-30T00:00:00","modified_gmt":"2021-09-29T23:00:00","slug":"gorizia-festeggia-il-4-stormo","status":"publish","type":"post","link":"https:\/\/imagazine.it\/home_desk\/gorizia-festeggia-il-4-stormo\/","title":{"rendered":"Gorizia festeggia il 4\u00b0 Stormo"},"content":{"rendered":"<p> \tIl <strong>4\u00b0 Stormo dell\u2019aeroporto di Gorizia<\/strong> ha festeggiato il 90\u00b0 della propria costituzione, avvenuta il 1\u00b0 ottobre 1931.<\/p>\n<p> \tLo Stormo in questione, oltre a essere attualmente uno dei Reparti di punta dell\u2019Aeronautica, \u00e8 quello con maggiori decorazioni sia individuali che di unit\u00e0.<\/p>\n<p> \tAlla cerimonia, svoltasi nell\u2019area antistante la caserma della Guardia di Finanza in via Trieste a Gorizia, sono intervenuti il Comandante del 4\u00b0 Stormo di Grosseto Col. <strong>Eros Zaniboni<\/strong> e il Comandante del 2\u00b0 Stormo di Rivolto Col. <strong>Marco Bertoli<\/strong>. Organizzata dalla Associazione Arma Aeronautica di Gorizia del Presidente Col. <strong>Claudio Macrini<\/strong>, erano presenti l\u2019assessore comunale di Gorizia <strong>Silvana Romano<\/strong>, il sindaco di Savogna d\u2019Isonzo <strong>Luca Pisk<\/strong>, il capo di gabinetto della Prefettura <strong>Carlo Franz Pretto<\/strong>, il vice questore vicario <strong>Gianluca Greco<\/strong>, il Comandante Provinciale della GdF Col <strong>Antonio Magro<\/strong>, il Capitano <strong>Raffaele Maurizi<\/strong> del 13\u00b0 Reggimento Carabinieri FVG, il Comandante del Gruppo della Guardia di Finanza <strong>Giuseppe Liberti<\/strong>, i Labari e i Vessilli delle Associazioni Combattentistiche e d\u2019Arma tra cui l\u2019ANFI con il suo presidente <strong>Mario Signoretti<\/strong>, insieme alle Sezioni e Nuclei dell\u2019A.A.A. presenti nel Friuli Venezia Giulia e all\u2019Associazione 4\u00b0 Stormo di Gorizia con il presidente <strong>Renato Cocianni<\/strong>.<\/p>\n<p> \tDopo un breve ricordo della storia di questo reparto tenuto dal Presidente dell\u2019A.A.A. Macrini, la cerimonia \u00e8 iniziata con l\u2019Alzabandiera alla presenza di un picchetto in armi della Base di Rivolto preceduta da una breve spiegazione sul drappo utilizzato: la bandiera italiana issata sul pennone ha sorvolato Gorizia il 1\u00b0 giugno 2021, dopo un passaggio su Campoformido nel corso di una similare cerimonia per la costituzione del 4\u00b0 Stormo.<\/p>\n<p> \t\u00c8 stata portata in volo su un velivolo Eurofighter di tale Reparto, firmata dal Comandante Zaniboni, dai due piloti gregari e dagli specialisti che hanno collaborato alla missione.<\/p>\n<p> \tSuccessivamente si \u00e8 tenuta la cerimonia degli Onori ai Caduti con la deposizione di una Corona d\u2019alloro al Lapidario che ricorda i Caduti del 1\u00b0 e del 4\u00b0 Stormo che fu comandato da Amedeo duca d\u2019Aosta.<\/p>\n<p> \tIl 4\u00b0 Stormo \u00e8 sempre stato uno dei pi\u00f9 prestigiosi Reparti di Volo dell\u2019Aeronautica Militare, e la sua Bandiera \u00e8 decorata con Medaglia d\u2019oro e d\u2019Argento al Valor Militare.<\/p>\n<p> \tLa Medaglia d\u2019Oro \u00e8 stata concessa dopo cinque anni di attivit\u00e0 bellica svolta senza sosta con alto senso del dovere, conseguendo 42.330 ore di volo raggiunte in condizioni sempre pi\u00f9 difficili ma ottenute solo con il generoso sacrificio dei propri eroici caduti additando alle future generazioni le vie dell\u2019onore militare e della suprema dedizione alla Patria.<\/p>\n<p> \tLa Cerimonia \u00e8 stata il frutto della collaborazione tra l\u2019Associazione Arma Aeronautica Sezione di Gorizia, Guardia di Finanza, Associazione Nazionale Finanzieri d\u2019Italia, Associazione Nazionale Alpini ed Associazione 4\u00b0 Stormo di Gorizia. Dopo le allocuzioni ufficiali, la cerimonia si \u00e8 conclusa con la lettura della \u201cPreghiera dell\u2019Aviatore\u201d, da parte del pilota pi\u00f9 giovane presente alla cerimonia, seguendo la tradizione.<\/p>\n","protected":false},"excerpt":{"rendered":"<p>A 90 dalla fondazione<\/p>\n","protected":false},"author":22,"featured_media":40460,"comment_status":"closed","ping_status":"closed","sticky":false,"template":"","format":"standard","meta":{"dwc-title":[],"dwc-content":[],"footnotes":""},"categories":[5],"tags":[],"class_list":["post-40459","post","type-post","status-publish","format-standard","has-post-thumbnail","hentry","category-attualita"],"rttpg_featured_image_url":{"full":["https:\/\/imagazine.it\/wp-content\/uploads\/2024\/01\/43462-1.webp",1000,563,false],"landscape":["https:\/\/imagazine.it\/wp-content\/uploads\/2024\/01\/43462-1.webp",1000,563,false],"portraits":["https:\/\/imagazine.it\/wp-content\/uploads\/2024\/01\/43462-1.webp",1000,563,false],"thumbnail":["https:\/\/imagazine.it\/wp-content\/uploads\/2024\/01\/43462-1-150x150.webp",150,150,true],"medium":["https:\/\/imagazine.it\/wp-content\/uploads\/2024\/01\/43462-1-300x169.webp",300,169,true],"large":["https:\/\/imagazine.it\/wp-content\/uploads\/2024\/01\/43462-1.webp",640,360,false],"thumblist":["https:\/\/imagazine.it\/wp-content\/uploads\/2024\/01\/43462-1.webp",300,169,false],"thumbrelated":["https:\/\/imagazine.it\/wp-content\/uploads\/2024\/01\/43462-1.webp",500,282,false],"meccarouselthumb":["https:\/\/imagazine.it\/wp-content\/uploads\/2024\/01\/43462-1.webp",474,267,false],"gridsquare":["https:\/\/imagazine.it\/wp-content\/uploads\/2024\/01\/43462-1.webp",391,220,false],"tileview":["https:\/\/imagazine.it\/wp-content\/uploads\/2024\/01\/43462-1.webp",300,169,false],"1536x1536":["https:\/\/imagazine.it\/wp-content\/uploads\/2024\/01\/43462-1.webp",1000,563,false],"2048x2048":["https:\/\/imagazine.it\/wp-content\/uploads\/2024\/01\/43462-1.webp",1000,563,false],"newsup-slider-full":["https:\/\/imagazine.it\/wp-content\/uploads\/2024\/01\/43462-1.webp",1000,563,false],"newsup-featured":["https:\/\/imagazine.it\/wp-content\/uploads\/2024\/01\/43462-1.webp",1000,563,false],"newsup-medium":["https:\/\/imagazine.it\/wp-content\/uploads\/2024\/01\/43462-1-720x380.webp",720,380,true],"tptn_thumbnail":["https:\/\/imagazine.it\/wp-content\/uploads\/2024\/01\/43462-1.webp",250,141,false],"sow-carousel-default":["https:\/\/imagazine.it\/wp-content\/uploads\/2024\/01\/43462-1-272x182.webp",272,182,true]},"rttpg_author":{"display_name":"Livio Nonis","author_link":"https:\/\/imagazine.it\/home_desk\/author\/nonis\/"},"rttpg_comment":0,"rttpg_category":"<a href=\"https:\/\/imagazine.it\/home_desk\/category\/attualita\/\" rel=\"category tag\">ATTUALIT\u00c0<\/a>","rttpg_excerpt":"A 90 dalla fondazione","_links":{"self":[{"href":"https:\/\/imagazine.it\/home_desk\/wp-json\/wp\/v2\/posts\/40459","targetHints":{"allow":["GET"]}}],"collection":[{"href":"https:\/\/imagazine.it\/home_desk\/wp-json\/wp\/v2\/posts"}],"about":[{"href":"https:\/\/imagazine.it\/home_desk\/wp-json\/wp\/v2\/types\/post"}],"author":[{"embeddable":true,"href":"https:\/\/imagazine.it\/home_desk\/wp-json\/wp\/v2\/users\/22"}],"replies":[{"embeddable":true,"href":"https:\/\/imagazine.it\/home_desk\/wp-json\/wp\/v2\/comments?post=40459"}],"version-history":[{"count":0,"href":"https:\/\/imagazine.it\/home_desk\/wp-json\/wp\/v2\/posts\/40459\/revisions"}],"wp:featuredmedia":[{"embeddable":true,"href":"https:\/\/imagazine.it\/home_desk\/wp-json\/wp\/v2\/media\/40460"}],"wp:attachment":[{"href":"https:\/\/imagazine.it\/home_desk\/wp-json\/wp\/v2\/media?parent=40459"}],"wp:term":[{"taxonomy":"category","embeddable":true,"href":"https:\/\/imagazine.it\/home_desk\/wp-json\/wp\/v2\/categories?post=40459"},{"taxonomy":"post_tag","embeddable":true,"href":"https:\/\/imagazine.it\/home_desk\/wp-json\/wp\/v2\/tags?post=40459"}],"curies":[{"name":"wp","href":"https:\/\/api.w.org\/{rel}","templated":true}]}}