{"id":40441,"date":"2021-10-01T00:00:00","date_gmt":"2021-09-30T23:00:00","guid":{"rendered":"https:\/\/imagazine.it\/?p=40441"},"modified":"2021-10-01T00:00:00","modified_gmt":"2021-09-30T23:00:00","slug":"educazione-istruzione-e-formazione-260-mila-euro-per-lisontino","status":"publish","type":"post","link":"https:\/\/imagazine.it\/home_desk\/educazione-istruzione-e-formazione-260-mila-euro-per-lisontino\/","title":{"rendered":"Educazione, istruzione e formazione: 260 mila euro per l&#8217;Isontino"},"content":{"rendered":"<p> \tLa <strong>Fondazione Cassa di Risparmio di Gorizia <\/strong>mette in campo <strong>tre nuovi Bandi<\/strong> all\u2019interno del progetto <strong>\u201cEducazione, Istruzione e Formazione\u201d<\/strong>, per un investimento totale di <strong>260 mila euro<\/strong>, volti al sostegno e al consolidamento delle competenze didattiche, all\u2019apprendimento delle lingue straniere, al recupero dei deficit di apprendimento e allo sviluppo delle proprie inclinazioni individuali, anche in prospettiva di un futuro ingresso nel mondo del lavoro.<\/p>\n<p> \tSi tratta di due Bandi riservati alle <strong>Istituzioni scolastiche<\/strong> \u2013 \u201c<strong>Spazio scuola<\/strong>\u201d e \u201c<strong>Comunico con il mondo<\/strong>\u201d \u2013 e uno dedicato a Enti e Associazioni che svolgono progetti e attivit\u00e0 formativi ed educativi extrascolastici per bambini e ragazzi dal titolo \u201c<strong>Costruiamo il mio futuro<\/strong>\u201d.<\/p>\n<p> \tLe risorse a disposizione del Bando \u201cSpazio Scuola\u201d, per un investimento totale di 90 mila euro, sono legati alla realizzazione di progetti integrativi dell\u2019offerta didattica e rivolti a <strong>bambini, ragazzi e giovani<\/strong> delle scuole del territorio per offrire nuove occasioni di apprendimento e sviluppo di capacit\u00e0, competenze, inclinazioni individuali. I progetti devono essere inseriti nel Piano Triennale dell\u2019Offerta Formativa di ogni singolo Istituto.<\/p>\n<p> \tAnche le risorse a disposizione del Bando \u201c<strong>Comunico con il mondo<\/strong>\u201d \u2013 sempre per un ammontare di 90 mila euro \u2013 sono destinate <strong>esclusivamente agli Istituti scolastici<\/strong>: il bando vuole sostenere la realizzazione di progetti rivolti allo studio delle lingue straniere, fornendo strumenti e occasioni per accrescere le proprie competenze linguistiche. Si vogliono sostenere progetti legati alle lingue comunitarie, cos\u00ec come dedicati alle lingue emergenti<strong>, <\/strong>come il russo o il cinese, la promozione di <strong>laboratori di conversazione<\/strong> con personale docente madrelingua, la realizzazione di percorsi mirati al conseguimento delle <strong>certificazioni linguistiche<\/strong>.<\/p>\n<p> \t\u201c<strong>Costruiamo il mio futuro<\/strong>\u201d \u00e8, invece, il Bando per progetti realizzati da Enti e Associazioni extrascolastiche rivolti a bambini, ragazzi e giovani della fascia di <strong>et\u00e0 6 \u2013 19 anni<\/strong>. La finalit\u00e0 del Bando \u2013 con una dotazione complessiva di <strong>80 mila euro<\/strong> \u2013 \u00e8 quella di offrire nuove occasioni di apprendimento, di socialit\u00e0, di sviluppo di capacit\u00e0, competenze e inclinazioni individuali. Giudicati importanti gli obiettivi di sviluppare competenze e abilit\u00e0 trasversali e soft skills concretamente spendibili nella vita di tutti i giorni, anche in prospettiva di un futuro ingresso nel mondo del lavoro. Ma anche favorire l\u2019accesso alle offerte formative<strong> ai minori in condizione di fragilit\u00e0 o appartenenti a famiglie svantaggiate <\/strong>dal punto di vista sociale, economico o culturale.<\/p>\n<p> \t\u00abLa Fondazione continua a ritenere prioritario supportare i giovani, fornendo loro strumenti utili ad affrontare in modo concreto le sfide che li attendono, tanto sul fronte degli studi che del mondo del lavoro\u00bb sottolinea il <strong>presidente della Fondazione Alberto Bergamin<\/strong>. \u00ab\u00c8 fondamentale per noi mettere in campo azioni che suppliscano a situazioni di fragilit\u00e0, prevengano e affrontino l\u2019aggravarsi di disuguaglianze sociali ed educative, insieme al sostegno di progetti che sappiano individuare ed esaltare le attitudini del singolo cos\u00ec come favorire la socialit\u00e0 e l\u2019apprendimento di una comune coscienza civica\u00bb.<\/p>\n<p> \tTutti i Bandi hanno scadenza il prossimo 27 ottobre, con consegna delle domande entro le ore 12.00. Le richieste di contributo devono essere presentate esclusivamente attraverso il sito della Fondazione <u><a href=\"http:\/\/www.fondazionecarigo.it\" target=\"_blank\" rel=\"noopener\"><span style=\"color:#0000ff;\">www.fondazionecarigo.it<\/span><\/a><\/u><\/p>\n","protected":false},"excerpt":{"rendered":"<p>Tre nuovi bandi della fondazione Carigo<\/p>\n","protected":false},"author":28,"featured_media":40442,"comment_status":"closed","ping_status":"closed","sticky":false,"template":"","format":"standard","meta":{"dwc-title":[],"dwc-content":[],"footnotes":""},"categories":[5],"tags":[],"class_list":["post-40441","post","type-post","status-publish","format-standard","has-post-thumbnail","hentry","category-attualita"],"rttpg_featured_image_url":{"full":["https:\/\/imagazine.it\/wp-content\/uploads\/2024\/01\/43439-1.webp",1280,960,false],"landscape":["https:\/\/imagazine.it\/wp-content\/uploads\/2024\/01\/43439-1.webp",1280,960,false],"portraits":["https:\/\/imagazine.it\/wp-content\/uploads\/2024\/01\/43439-1.webp",1280,960,false],"thumbnail":["https:\/\/imagazine.it\/wp-content\/uploads\/2024\/01\/43439-1-150x150.webp",150,150,true],"medium":["https:\/\/imagazine.it\/wp-content\/uploads\/2024\/01\/43439-1-300x225.webp",300,225,true],"large":["https:\/\/imagazine.it\/wp-content\/uploads\/2024\/01\/43439-1-1024x768.webp",640,480,true],"thumblist":["https:\/\/imagazine.it\/wp-content\/uploads\/2024\/01\/43439-1.webp",300,225,false],"thumbrelated":["https:\/\/imagazine.it\/wp-content\/uploads\/2024\/01\/43439-1.webp",500,375,false],"meccarouselthumb":["https:\/\/imagazine.it\/wp-content\/uploads\/2024\/01\/43439-1.webp",432,324,false],"gridsquare":["https:\/\/imagazine.it\/wp-content\/uploads\/2024\/01\/43439-1.webp",347,260,false],"tileview":["https:\/\/imagazine.it\/wp-content\/uploads\/2024\/01\/43439-1.webp",300,225,false],"1536x1536":["https:\/\/imagazine.it\/wp-content\/uploads\/2024\/01\/43439-1.webp",1280,960,false],"2048x2048":["https:\/\/imagazine.it\/wp-content\/uploads\/2024\/01\/43439-1.webp",1280,960,false],"newsup-slider-full":["https:\/\/imagazine.it\/wp-content\/uploads\/2024\/01\/43439-1-1280x720.webp",1280,720,true],"newsup-featured":["https:\/\/imagazine.it\/wp-content\/uploads\/2024\/01\/43439-1-1024x768.webp",1024,768,true],"newsup-medium":["https:\/\/imagazine.it\/wp-content\/uploads\/2024\/01\/43439-1-720x380.webp",720,380,true],"tptn_thumbnail":["https:\/\/imagazine.it\/wp-content\/uploads\/2024\/01\/43439-1.webp",250,188,false],"sow-carousel-default":["https:\/\/imagazine.it\/wp-content\/uploads\/2024\/01\/43439-1-272x182.webp",272,182,true]},"rttpg_author":{"display_name":"redazione","author_link":"https:\/\/imagazine.it\/home_desk\/author\/redazione\/"},"rttpg_comment":0,"rttpg_category":"<a href=\"https:\/\/imagazine.it\/home_desk\/category\/attualita\/\" rel=\"category tag\">ATTUALIT\u00c0<\/a>","rttpg_excerpt":"Tre nuovi bandi della fondazione Carigo","_links":{"self":[{"href":"https:\/\/imagazine.it\/home_desk\/wp-json\/wp\/v2\/posts\/40441","targetHints":{"allow":["GET"]}}],"collection":[{"href":"https:\/\/imagazine.it\/home_desk\/wp-json\/wp\/v2\/posts"}],"about":[{"href":"https:\/\/imagazine.it\/home_desk\/wp-json\/wp\/v2\/types\/post"}],"author":[{"embeddable":true,"href":"https:\/\/imagazine.it\/home_desk\/wp-json\/wp\/v2\/users\/28"}],"replies":[{"embeddable":true,"href":"https:\/\/imagazine.it\/home_desk\/wp-json\/wp\/v2\/comments?post=40441"}],"version-history":[{"count":0,"href":"https:\/\/imagazine.it\/home_desk\/wp-json\/wp\/v2\/posts\/40441\/revisions"}],"wp:featuredmedia":[{"embeddable":true,"href":"https:\/\/imagazine.it\/home_desk\/wp-json\/wp\/v2\/media\/40442"}],"wp:attachment":[{"href":"https:\/\/imagazine.it\/home_desk\/wp-json\/wp\/v2\/media?parent=40441"}],"wp:term":[{"taxonomy":"category","embeddable":true,"href":"https:\/\/imagazine.it\/home_desk\/wp-json\/wp\/v2\/categories?post=40441"},{"taxonomy":"post_tag","embeddable":true,"href":"https:\/\/imagazine.it\/home_desk\/wp-json\/wp\/v2\/tags?post=40441"}],"curies":[{"name":"wp","href":"https:\/\/api.w.org\/{rel}","templated":true}]}}