{"id":40429,"date":"2021-10-01T00:00:00","date_gmt":"2021-09-30T23:00:00","guid":{"rendered":"https:\/\/imagazine.it\/?p=40429"},"modified":"2021-10-01T00:00:00","modified_gmt":"2021-09-30T23:00:00","slug":"da-pordenone-la-raccolta-casa-per-casa-di-abiti-usati","status":"publish","type":"post","link":"https:\/\/imagazine.it\/home_desk\/da-pordenone-la-raccolta-casa-per-casa-di-abiti-usati\/","title":{"rendered":"Da Pordenone la raccolta casa per casa di abiti usati"},"content":{"rendered":"<p> \tCompleta gratuit\u00e0 estesa a tutti gli abitanti dell&#39;intera <strong>provincia di Pordenone<\/strong> per il servizio <em>Habitus<\/em>, dedicato al <strong>ritiro a domicilio di indumenti usati<\/strong> gestito dalla cooperativa sociale Karp\u00f2s di Porcia, specializzata nella gestione dei rifiuti.<\/p>\n<p> \tUna novit\u00e0 di questo fine 2021, perch\u00e8 prima il servizio era garantito gratuitamente solo ad anziani che non riuscivano a spostarsi oppure laddove c&#39;erano grandi quantitativi di indumenti da ritirare ma solo per i cittadini residenti nei Comuni di Pordenone, Cordenons, Roveredo in Piano e S. Quirino. Il servizio di ritiro degli indumenti (\u00e8 possibile conferire abiti, maglierie, biancheria per la casa, cappelli, borse, scarpe, cinture, bigiotteria) pu\u00f2 essere prenotato al numero verde <strong>800 593 233<\/strong>. Con i vestiti raccolti si finanziano progetti sociali e si evita la loro dispersione come rifiuti, avviandoli al riutilizzo. \u00a0<\/p>\n<p> \t\u201cQuest&#39;anno abbiamo raccolto 310 sacchi per oltre 4 mila chilogrammi di indumenti usati \u2013 ha spiegato la presidente di Karp\u00f2s, <strong>Paola Marano<\/strong> \u2013. Tutti i vestiti raccolti da Karp\u00f2s\u00a0attraverso il progetto <em>Habitus<\/em> vengono ceduti agli acquirenti e destinati ai centri di smistamento dove avviene la selezione e l&#39;igienizzazione. Dopo questa fase, i vestiti in buono stato verranno rivenduti e quelli non pi\u00f9 utilizzabili verranno avviati al riciclo per la produzione di filati o la produzione di stracci\u201d.<\/p>\n<p> \tOltre a questo servizio, la cooperativa Karp\u00f2s da diversi anni accoglie i vestiti dismessi che vengono conferiti direttamente dai cittadini nelle campane gialle con il logo Caritas presenti in tutto il territorio della Diocesi di Concordia-Pordenone e parte della Diocesi di Vittorio Veneto e che sono di propriet\u00e0 della stessa cooperativa. Si tratta di un totale di circa 200 cassonetti, riconoscibili dal colore giallo e il logo della Caritas.\u00a0<\/p>\n<p> \t\u201cCon la raccolta di abiti usati &#8211; specifica Marano &#8211; vengono sovvenzionate le attivit\u00e0 di inserimento lavorativo di persone in situazione di disagio e svantaggio sociale nella stessa cooperativa sociale e si aiuta la Caritas in alcuni progetti di solidariet\u00e0. In pi\u00f9 gli abiti usati che poi vengono recuperati, aiutano a inquinare di meno\u201d.<\/p>\n<p> \tOgni anno tonnellate di abiti e prodotti tessili finiscono nelle discariche con costi ambientali ed economici considerevoli. Con il progetto Habitus, la cooperativa Karp\u00f2s si pone l&#39;obiettivo di ridurre ulteriormente i chilogrammi di rifiuti tessili destinati alle discariche e di rendere pi\u00f9 sostenibile il territorio dell&#39;intera provincia pordenonese.<\/p>\n<p> \t\u201cDonare gli indumenti \u2013 ha concluso Marano \u2013 \u00e8 un atto di profonda responsabilit\u00e0 sia ambientale che sociale\u201d. Nel corso degli anni sono stati diversi i progetti di solidariet\u00e0 sostenuti dalla Caritas grazie alla raccolta di indumenti usati portata avanti da Karp\u00f2s. Tra gli altri progetti, \u00e8 stata finanziata l&#39;attivit\u00e0 del Centro di Ascolto diocesano di Concordia-Pordenone, l&#39;asilo notturno \u201cLa Locanda\u201d per l&#39;accoglienza di senzatetto, senza lavoro, senza famiglia che si trova in Largo San Giovanni a Pordenone e le attivit\u00e0 di accoglienza di famiglie in situazioni di difficolt\u00e0.<\/p>\n","protected":false},"excerpt":{"rendered":"<p>Grazie alla cooperativa sociale Karp\u00f2s<\/p>\n","protected":false},"author":28,"featured_media":40430,"comment_status":"closed","ping_status":"closed","sticky":false,"template":"","format":"standard","meta":{"dwc-title":[],"dwc-content":[],"footnotes":""},"categories":[6],"tags":[],"class_list":["post-40429","post","type-post","status-publish","format-standard","has-post-thumbnail","hentry","category-societa"],"rttpg_featured_image_url":{"full":["https:\/\/imagazine.it\/wp-content\/uploads\/2024\/01\/43411-1.webp",1000,774,false],"landscape":["https:\/\/imagazine.it\/wp-content\/uploads\/2024\/01\/43411-1.webp",1000,774,false],"portraits":["https:\/\/imagazine.it\/wp-content\/uploads\/2024\/01\/43411-1.webp",1000,774,false],"thumbnail":["https:\/\/imagazine.it\/wp-content\/uploads\/2024\/01\/43411-1-150x150.webp",150,150,true],"medium":["https:\/\/imagazine.it\/wp-content\/uploads\/2024\/01\/43411-1-300x232.webp",300,232,true],"large":["https:\/\/imagazine.it\/wp-content\/uploads\/2024\/01\/43411-1.webp",640,495,false],"thumblist":["https:\/\/imagazine.it\/wp-content\/uploads\/2024\/01\/43411-1.webp",300,232,false],"thumbrelated":["https:\/\/imagazine.it\/wp-content\/uploads\/2024\/01\/43411-1.webp",500,387,false],"meccarouselthumb":["https:\/\/imagazine.it\/wp-content\/uploads\/2024\/01\/43411-1.webp",419,324,false],"gridsquare":["https:\/\/imagazine.it\/wp-content\/uploads\/2024\/01\/43411-1.webp",336,260,false],"tileview":["https:\/\/imagazine.it\/wp-content\/uploads\/2024\/01\/43411-1.webp",300,232,false],"1536x1536":["https:\/\/imagazine.it\/wp-content\/uploads\/2024\/01\/43411-1.webp",1000,774,false],"2048x2048":["https:\/\/imagazine.it\/wp-content\/uploads\/2024\/01\/43411-1.webp",1000,774,false],"newsup-slider-full":["https:\/\/imagazine.it\/wp-content\/uploads\/2024\/01\/43411-1-1000x720.webp",1000,720,true],"newsup-featured":["https:\/\/imagazine.it\/wp-content\/uploads\/2024\/01\/43411-1.webp",1000,774,false],"newsup-medium":["https:\/\/imagazine.it\/wp-content\/uploads\/2024\/01\/43411-1-720x380.webp",720,380,true],"tptn_thumbnail":["https:\/\/imagazine.it\/wp-content\/uploads\/2024\/01\/43411-1.webp",250,194,false],"sow-carousel-default":["https:\/\/imagazine.it\/wp-content\/uploads\/2024\/01\/43411-1-272x182.webp",272,182,true]},"rttpg_author":{"display_name":"redazione","author_link":"https:\/\/imagazine.it\/home_desk\/author\/redazione\/"},"rttpg_comment":0,"rttpg_category":"<a href=\"https:\/\/imagazine.it\/home_desk\/category\/societa\/\" rel=\"category tag\">SOCIET\u00c0<\/a>","rttpg_excerpt":"Grazie alla cooperativa sociale Karp\u00f2s","_links":{"self":[{"href":"https:\/\/imagazine.it\/home_desk\/wp-json\/wp\/v2\/posts\/40429","targetHints":{"allow":["GET"]}}],"collection":[{"href":"https:\/\/imagazine.it\/home_desk\/wp-json\/wp\/v2\/posts"}],"about":[{"href":"https:\/\/imagazine.it\/home_desk\/wp-json\/wp\/v2\/types\/post"}],"author":[{"embeddable":true,"href":"https:\/\/imagazine.it\/home_desk\/wp-json\/wp\/v2\/users\/28"}],"replies":[{"embeddable":true,"href":"https:\/\/imagazine.it\/home_desk\/wp-json\/wp\/v2\/comments?post=40429"}],"version-history":[{"count":0,"href":"https:\/\/imagazine.it\/home_desk\/wp-json\/wp\/v2\/posts\/40429\/revisions"}],"wp:featuredmedia":[{"embeddable":true,"href":"https:\/\/imagazine.it\/home_desk\/wp-json\/wp\/v2\/media\/40430"}],"wp:attachment":[{"href":"https:\/\/imagazine.it\/home_desk\/wp-json\/wp\/v2\/media?parent=40429"}],"wp:term":[{"taxonomy":"category","embeddable":true,"href":"https:\/\/imagazine.it\/home_desk\/wp-json\/wp\/v2\/categories?post=40429"},{"taxonomy":"post_tag","embeddable":true,"href":"https:\/\/imagazine.it\/home_desk\/wp-json\/wp\/v2\/tags?post=40429"}],"curies":[{"name":"wp","href":"https:\/\/api.w.org\/{rel}","templated":true}]}}