{"id":40389,"date":"2021-09-24T00:00:00","date_gmt":"2021-09-23T23:00:00","guid":{"rendered":"https:\/\/imagazine.it\/?p=40389"},"modified":"2021-09-24T00:00:00","modified_gmt":"2021-09-23T23:00:00","slug":"cervignano-consegnati-i-nuovi-mezzi-dellauser","status":"publish","type":"post","link":"https:\/\/imagazine.it\/home_desk\/cervignano-consegnati-i-nuovi-mezzi-dellauser\/","title":{"rendered":"Cervignano, consegnati i nuovi mezzi dell&#8217;AUSER"},"content":{"rendered":"<p> \tL&#39;AUSER Insieme Bassa Friulana APS ha acquistato due automezzi per le attivit\u00e0 associative, che a breve saranno messi a disposizione dell\u2019associazione, grazie al contributo di tutti i soci e al sostegno della Cassa Rurale del Friuli Venezia Giulia.<\/p>\n<p> \tLa cerimonia di consegna dei due \u201cfiat Dobl\u00f2\u201d si \u00e8 svolta in piazza Indipendenza a Cervignano del Friuli, alla presenza di soci e volontari, che sono il cuore dell&#39;associazione.<\/p>\n<p> \tIl presidente <strong>Paolo Dean<\/strong> ha espresso l&#39;auspicio che con questa nuova dotazione di automezzi si possa ripartire nel dare risposte alle persone pi\u00f9 fragili delle comunit\u00e0. Nell&#39;intervento del presidente della Cassa Rurale Fvg, <strong>Tiziano Portelli<\/strong>, il riconoscimento del grande lavoro e seriet\u00e0 dell\u2019Auser e la conferma della vicinanza della Banca a sostegno dell&#39;associazione.<\/p>\n<p> \tIl neo presidente di Auser Fvg, <strong>Ezio Medeot<\/strong>, alla sua prima uscita sul territorio della bassa friulana, nell&#39;esprimere la soddisfazione per questa ulteriore iniziativa a servizio delle comunit\u00e0 locali, ha sottolineato come Auser possa essere a fianco degli Enti locali in questo difficile periodo pandemico, per implementare i servizi erogati dalla pubblica amministrazione.<\/p>\n<p> \tAl simbolico taglio del nastro, a rappresentare i giovani, sono state le forbici di Ilaria, un volontario Auser &#8220;pony&#8221;, nuova linfa e futuro dell&#39;associazione.<\/p>\n<p> \tIl sindaco di Cervignano, <strong>Gianluigi Savino<\/strong>, ha colto anche l\u2019occasione per annunciare l\u2019imminente conclusione dei lavori di ristrutturazione di un immobile che verr\u00e0 messo a disposizione di Auser Regionale, a significare lo stretto rapporto tra gli Enti locali e l\u2019associazione, che diventer\u00e0 punto di riferimento per il mondo del volontariato locale da anni presente sul territorio.<\/p>\n<p> \tAUSER Insieme Bassa Friulana APS \u00e8 attivo infatti da trent\u2019anni sul territorio, ha la propria sede a Cervignano e opera in convenzione con i Comuni di Aquileia, Terzo di Aquileia, Cervignano, Ruda, Campolongo Tapogliano e Palmanova, per attivit\u00e0 di trasporti protetti e pi\u00f9 in generale per attivit\u00e0 di socializzazione a favore dei suoi 1.173 soci e con l\u2019attivit\u00e0 svolta dai suoi 177 volontari attivi.<\/p>\n<p> \tInoltre \u00e8 capofila a coordinamento delle altre affiliate della bassa friulana (\u201cFiumicello Villa Vicentina\u201d, \u201cAnnia\u201d, \u201cCastions di Strada\u201d, \u201cTurgnano\u201d, Stella e Tagliamento\u201d) con una presenza territoriale da Latisana a Fiumicello Villa Vicentina di circa 3.000 soci.<\/p>\n","protected":false},"excerpt":{"rendered":"<p>Guarda le foto<\/p>\n","protected":false},"author":22,"featured_media":40390,"comment_status":"closed","ping_status":"closed","sticky":false,"template":"","format":"standard","meta":{"dwc-title":[],"dwc-content":[],"footnotes":""},"categories":[5],"tags":[],"class_list":["post-40389","post","type-post","status-publish","format-standard","has-post-thumbnail","hentry","category-attualita"],"rttpg_featured_image_url":{"full":["https:\/\/imagazine.it\/wp-content\/uploads\/2024\/01\/43341-1.webp",1600,762,false],"landscape":["https:\/\/imagazine.it\/wp-content\/uploads\/2024\/01\/43341-1.webp",1600,762,false],"portraits":["https:\/\/imagazine.it\/wp-content\/uploads\/2024\/01\/43341-1.webp",1600,762,false],"thumbnail":["https:\/\/imagazine.it\/wp-content\/uploads\/2024\/01\/43341-1-150x150.webp",150,150,true],"medium":["https:\/\/imagazine.it\/wp-content\/uploads\/2024\/01\/43341-1-300x143.webp",300,143,true],"large":["https:\/\/imagazine.it\/wp-content\/uploads\/2024\/01\/43341-1-1024x488.webp",640,305,true],"thumblist":["https:\/\/imagazine.it\/wp-content\/uploads\/2024\/01\/43341-1.webp",300,143,false],"thumbrelated":["https:\/\/imagazine.it\/wp-content\/uploads\/2024\/01\/43341-1.webp",500,238,false],"meccarouselthumb":["https:\/\/imagazine.it\/wp-content\/uploads\/2024\/01\/43341-1.webp",474,226,false],"gridsquare":["https:\/\/imagazine.it\/wp-content\/uploads\/2024\/01\/43341-1.webp",391,186,false],"tileview":["https:\/\/imagazine.it\/wp-content\/uploads\/2024\/01\/43341-1.webp",300,143,false],"1536x1536":["https:\/\/imagazine.it\/wp-content\/uploads\/2024\/01\/43341-1-1536x732.webp",1536,732,true],"2048x2048":["https:\/\/imagazine.it\/wp-content\/uploads\/2024\/01\/43341-1.webp",1600,762,false],"newsup-slider-full":["https:\/\/imagazine.it\/wp-content\/uploads\/2024\/01\/43341-1-1280x720.webp",1280,720,true],"newsup-featured":["https:\/\/imagazine.it\/wp-content\/uploads\/2024\/01\/43341-1-1024x488.webp",1024,488,true],"newsup-medium":["https:\/\/imagazine.it\/wp-content\/uploads\/2024\/01\/43341-1-720x380.webp",720,380,true],"tptn_thumbnail":["https:\/\/imagazine.it\/wp-content\/uploads\/2024\/01\/43341-1.webp",250,119,false],"sow-carousel-default":["https:\/\/imagazine.it\/wp-content\/uploads\/2024\/01\/43341-1-272x182.webp",272,182,true]},"rttpg_author":{"display_name":"Livio Nonis","author_link":"https:\/\/imagazine.it\/home_desk\/author\/nonis\/"},"rttpg_comment":0,"rttpg_category":"<a href=\"https:\/\/imagazine.it\/home_desk\/category\/attualita\/\" rel=\"category tag\">ATTUALIT\u00c0<\/a>","rttpg_excerpt":"Guarda le foto","_links":{"self":[{"href":"https:\/\/imagazine.it\/home_desk\/wp-json\/wp\/v2\/posts\/40389","targetHints":{"allow":["GET"]}}],"collection":[{"href":"https:\/\/imagazine.it\/home_desk\/wp-json\/wp\/v2\/posts"}],"about":[{"href":"https:\/\/imagazine.it\/home_desk\/wp-json\/wp\/v2\/types\/post"}],"author":[{"embeddable":true,"href":"https:\/\/imagazine.it\/home_desk\/wp-json\/wp\/v2\/users\/22"}],"replies":[{"embeddable":true,"href":"https:\/\/imagazine.it\/home_desk\/wp-json\/wp\/v2\/comments?post=40389"}],"version-history":[{"count":0,"href":"https:\/\/imagazine.it\/home_desk\/wp-json\/wp\/v2\/posts\/40389\/revisions"}],"wp:featuredmedia":[{"embeddable":true,"href":"https:\/\/imagazine.it\/home_desk\/wp-json\/wp\/v2\/media\/40390"}],"wp:attachment":[{"href":"https:\/\/imagazine.it\/home_desk\/wp-json\/wp\/v2\/media?parent=40389"}],"wp:term":[{"taxonomy":"category","embeddable":true,"href":"https:\/\/imagazine.it\/home_desk\/wp-json\/wp\/v2\/categories?post=40389"},{"taxonomy":"post_tag","embeddable":true,"href":"https:\/\/imagazine.it\/home_desk\/wp-json\/wp\/v2\/tags?post=40389"}],"curies":[{"name":"wp","href":"https:\/\/api.w.org\/{rel}","templated":true}]}}