{"id":40375,"date":"2021-09-24T00:00:00","date_gmt":"2021-09-23T23:00:00","guid":{"rendered":"https:\/\/imagazine.it\/?p=40375"},"modified":"2021-09-24T00:00:00","modified_gmt":"2021-09-23T23:00:00","slug":"tornano-a-pordenone-i-protagonisti-dellindustria-del-mobile","status":"publish","type":"post","link":"https:\/\/imagazine.it\/home_desk\/tornano-a-pordenone-i-protagonisti-dellindustria-del-mobile\/","title":{"rendered":"Tornano a Pordenone i protagonisti dell\u2019industria del mobile"},"content":{"rendered":"<p> \tSospesa lo scorso anno per la situazione pandemica, apre marted\u00ec 12 ottobre in fiera a Pordenone la 12^ edizione di SICAM, il Salone Internazionale dei Componenti, Accessori e Semilavorati per l\u2019industria del mobile che per quattro giorni vedr\u00e0 presenti i pi\u00f9 qualificati professionisti del settore.<\/p>\n<p> \tCon oltre 541 espositori da 28 Paesi esteri e dall\u2019Italia che porteranno in esposizione i prodotti di tecnologia e design al pi\u00f9 alto livello mondiale, quella che sta per aprirsi \u00e8 la prima fiera a tenersi in presenza a livello internazionale nel settore della componentistica e accessoristica dopo quasi due anni di sospensione.<\/p>\n<p> \t\u201cSono aziende che, pur con le difficolt\u00e0 di questi periodi, non si sono mai fermate nella loro ricerca di innovazione di prodotto e di processo \u2013 ha sottolineato <strong>Carlo Giobbi<\/strong>, fondatore e storico patron di SICAM \u2013 e che a Pordenone finalmente riescono a presentare le loro novit\u00e0 a un pubblico di professionisti presente di persona: tutti hanno bisogno, e pure tanta voglia, di ritornare in presenza a incontrarsi\u201d.<\/p>\n<p> \tTra i nuovi nomi che si ritrovano quest\u2019anno in fiera va segnalato anche il ritorno di importanti realt\u00e0 del mondo delle superfici, cos\u00ec come la crescente presenza di imprese dei comparti della ceramica, della rubinetteria e dei materiali lapidei.<\/p>\n<p> \tRimane molto elevato anche quest\u2019anno il tasso di internazionalit\u00e0 della manifestazione. A SICAM 2021 il 72% delle aziende presenti sono italiane e il 28% estere: Veneto e Friuli, con 128 aziende, sono il territorio maggiormente rappresentato, seguiti immediatamente dalla Lombardia (che da sola ne conta 120) e poi da Marche, Emilia-Romagna e Piemonte. Per l\u2019estero, 53 sono le aziende tedesche (storicamente la Germania \u00e8 il Paese straniero sempre pi\u00f9 presente a SICAM), mentre 22 provengono dalla Spagna e 16 dalla Turchia; seguono poi Austria, Grecia e Polonia.<\/p>\n<p> \tSono attesi in visita professionisti e buyers di tutto il mondo: nell\u2019ultima edizione tenutasi in ottobre 2019 ne arrivarono, in rappresentanza di oltre ottomila aziende, da ben 104 differenti Paesi dei cinque continenti. Le previsioni per questa dodicesima edizione rimangono comunque prudenti: le limitazioni agli spostamenti e le ridotte possibilit\u00e0 di collegamenti aerei internazionali sono fattori ancora molto significativi, che fanno ragionevolmente pensare a un possibile ridimensionamento nei numeri. Si attendono comunque partecipazioni che, per la loro qualit\u00e0, riconfermeranno SICAM nel suo posizionamento d\u2019eccellenza in ambito internazionale quale punto d\u2019incontro ai massimi livelli della produzione di componentistica ed accessoristica.<\/p>\n<p> \tSar\u00e0 una fiera nel segno della sicurezza e delle tutele: grande attenzione \u00e8 data infatti al rispetto dei protocolli sanitari per offrire la massima tranquillit\u00e0 a tutti i partecipanti. \u201cIl nostro team organizzativo \u2013 ha confermato Carlo Giobbi &#8211; ha curato con grande attenzione tutti i dettagli per garantire a tutti le condizioni pi\u00f9 sicure in fiera\u201d: dalla operativit\u00e0 delle caffetterie nei vari padiglioni alla disposizione dei tavolini al ristorante e nei buffet, tutto \u00e8 infatti previsto per assicurare la necessaria tranquillit\u00e0 e sicurezza. Sar\u00e0 attivo in fiera anche un presidio della Croce Rossa e saranno disponibili due punti per eseguire tamponi, sia antigenici che molecolari; chiunque entrer\u00e0 in fiera, ovviamente col green pass, verr\u00e0 poi sottoposto all\u2019ingresso al controllo della temperatura.<\/p>\n<p> \tAnche quest\u2019anno il Quartiere Fieristico di Pordenone viene integrato con una struttura temporanea supplementare, il padiglione 10, costruita ed allestita appositamente per la manifestazione. L\u2019atmosfera sobria ed elegante dei padiglioni, da sempre firma stilistica di SICAM, \u00e8 riconfermata dunque in tutto il Quartiere nella sua efficacia ed eleganza: non \u00e8 solamente un aspetto estetico, quanto piuttosto un tratto distintivo del Salone, un efficace elemento che contribuisce a rendere piacevole la permanenza tra gli stand e a facilitare l\u2019incontro tra i professionisti presenti.<\/p>\n<p> \tLa complessa macchina organizzativa di SICAM \u00e8 pronta, dunque, a questa nuova edizione della ripartenza, e la affronta con un rinnovato rapporto di collaborazione con la citt\u00e0 e il territorio: parcheggi e viabilit\u00e0 ormai non rappresentano pi\u00f9 un problema, e anche le strutture ricettive della citt\u00e0 e del circondario possono finalmente riprendere a segnare il tradizionale \u201ctutto esaurito\u201d dei periodi pre-pandemia. \u201cOgni anno che passa \u2013 ha rilevato ancora Giobbi \u2013 si rinnova positivamente questo ormai storico rapporto, di noi con la citt\u00e0: e i risultati sono sotto gli occhi di tutti. Emblematica a questo proposito la collaborazione che abbiamo confermato con ATAP: anche quest\u2019anno, durante le giornate di fiera i trasporti pubblici in citt\u00e0 saranno gratuiti per tutti i visitatori e gli espositori di SICAM. Si consolida un efficace gioco di squadra, che speriamo far\u00e0 sentire l\u2019accoglienza sempre pi\u00f9 attiva di Pordenone a tutti i protagonisti di SICAM\u201d.<\/p>\n","protected":false},"excerpt":{"rendered":"<p>Presentata la 12^ edizione di SICAM<\/p>\n","protected":false},"author":28,"featured_media":40376,"comment_status":"closed","ping_status":"closed","sticky":false,"template":"","format":"standard","meta":{"dwc-title":[],"dwc-content":[],"footnotes":""},"categories":[6],"tags":[],"class_list":["post-40375","post","type-post","status-publish","format-standard","has-post-thumbnail","hentry","category-societa"],"rttpg_featured_image_url":{"full":["https:\/\/imagazine.it\/wp-content\/uploads\/2024\/01\/43289-1.webp",1000,791,false],"landscape":["https:\/\/imagazine.it\/wp-content\/uploads\/2024\/01\/43289-1.webp",1000,791,false],"portraits":["https:\/\/imagazine.it\/wp-content\/uploads\/2024\/01\/43289-1.webp",1000,791,false],"thumbnail":["https:\/\/imagazine.it\/wp-content\/uploads\/2024\/01\/43289-1-150x150.webp",150,150,true],"medium":["https:\/\/imagazine.it\/wp-content\/uploads\/2024\/01\/43289-1-300x237.webp",300,237,true],"large":["https:\/\/imagazine.it\/wp-content\/uploads\/2024\/01\/43289-1.webp",640,506,false],"thumblist":["https:\/\/imagazine.it\/wp-content\/uploads\/2024\/01\/43289-1.webp",300,237,false],"thumbrelated":["https:\/\/imagazine.it\/wp-content\/uploads\/2024\/01\/43289-1.webp",500,396,false],"meccarouselthumb":["https:\/\/imagazine.it\/wp-content\/uploads\/2024\/01\/43289-1.webp",410,324,false],"gridsquare":["https:\/\/imagazine.it\/wp-content\/uploads\/2024\/01\/43289-1.webp",329,260,false],"tileview":["https:\/\/imagazine.it\/wp-content\/uploads\/2024\/01\/43289-1.webp",300,237,false],"1536x1536":["https:\/\/imagazine.it\/wp-content\/uploads\/2024\/01\/43289-1.webp",1000,791,false],"2048x2048":["https:\/\/imagazine.it\/wp-content\/uploads\/2024\/01\/43289-1.webp",1000,791,false],"newsup-slider-full":["https:\/\/imagazine.it\/wp-content\/uploads\/2024\/01\/43289-1-1000x720.webp",1000,720,true],"newsup-featured":["https:\/\/imagazine.it\/wp-content\/uploads\/2024\/01\/43289-1.webp",1000,791,false],"newsup-medium":["https:\/\/imagazine.it\/wp-content\/uploads\/2024\/01\/43289-1-720x380.webp",720,380,true],"tptn_thumbnail":["https:\/\/imagazine.it\/wp-content\/uploads\/2024\/01\/43289-1.webp",250,198,false],"sow-carousel-default":["https:\/\/imagazine.it\/wp-content\/uploads\/2024\/01\/43289-1-272x182.webp",272,182,true]},"rttpg_author":{"display_name":"redazione","author_link":"https:\/\/imagazine.it\/home_desk\/author\/redazione\/"},"rttpg_comment":0,"rttpg_category":"<a href=\"https:\/\/imagazine.it\/home_desk\/category\/societa\/\" rel=\"category tag\">SOCIET\u00c0<\/a>","rttpg_excerpt":"Presentata la 12^ edizione di SICAM","_links":{"self":[{"href":"https:\/\/imagazine.it\/home_desk\/wp-json\/wp\/v2\/posts\/40375","targetHints":{"allow":["GET"]}}],"collection":[{"href":"https:\/\/imagazine.it\/home_desk\/wp-json\/wp\/v2\/posts"}],"about":[{"href":"https:\/\/imagazine.it\/home_desk\/wp-json\/wp\/v2\/types\/post"}],"author":[{"embeddable":true,"href":"https:\/\/imagazine.it\/home_desk\/wp-json\/wp\/v2\/users\/28"}],"replies":[{"embeddable":true,"href":"https:\/\/imagazine.it\/home_desk\/wp-json\/wp\/v2\/comments?post=40375"}],"version-history":[{"count":0,"href":"https:\/\/imagazine.it\/home_desk\/wp-json\/wp\/v2\/posts\/40375\/revisions"}],"wp:featuredmedia":[{"embeddable":true,"href":"https:\/\/imagazine.it\/home_desk\/wp-json\/wp\/v2\/media\/40376"}],"wp:attachment":[{"href":"https:\/\/imagazine.it\/home_desk\/wp-json\/wp\/v2\/media?parent=40375"}],"wp:term":[{"taxonomy":"category","embeddable":true,"href":"https:\/\/imagazine.it\/home_desk\/wp-json\/wp\/v2\/categories?post=40375"},{"taxonomy":"post_tag","embeddable":true,"href":"https:\/\/imagazine.it\/home_desk\/wp-json\/wp\/v2\/tags?post=40375"}],"curies":[{"name":"wp","href":"https:\/\/api.w.org\/{rel}","templated":true}]}}