{"id":40369,"date":"2021-09-23T00:00:00","date_gmt":"2021-09-22T23:00:00","guid":{"rendered":"https:\/\/imagazine.it\/?p=40369"},"modified":"2021-09-23T00:00:00","modified_gmt":"2021-09-22T23:00:00","slug":"la-scherma-sbarca-a-turriaco","status":"publish","type":"post","link":"https:\/\/imagazine.it\/home_desk\/la-scherma-sbarca-a-turriaco\/","title":{"rendered":"La scherma sbarca a Turriaco"},"content":{"rendered":"<p> \tLa scherma sbarca a <strong>Turriaco<\/strong>.<\/p>\n<p> \tLa prossima settimana esordisce infatti negli spazi della scuola primaria l\u2019attivit\u00e0 organizzata e gestita dall&#39;associazione <strong>ASD Fiori dei Liberi Accademia schermistica<\/strong>, che ha sede a Cividale e gestisce gi\u00e0 corsi di scherma presso l&#39;UGG di Gorizia.<\/p>\n<p> \t\u201cIntenzionati a sviluppare la propria attivit\u00e0 anche in queste zone &#8211; spiega l\u2019assessore alla Attivit\u00e0 produttive del Comune di Turriaco, <strong>Nicola Pieri<\/strong> &#8211; ci hanno contattato e siamo riusciti a mettere a disposizione gli spazi della scuola primaria (scuola bassa, corridoi esterni alle aule) ovviamente in orari extrascolastici\u201d.<\/p>\n<p> \tMarted\u00ec 28 ci sar\u00e0 il primo Open day, chi vuole si pu\u00f2 avvicinare, le prime lezioni sono gratuite.<\/p>\n<p> \tIl referente sar\u00e0 il maestro <strong>Paolo Diana<\/strong>.<\/p>\n<p> \tIl consiglio d&#39;Istituto ha deliberato positivamente sull&#39;uso della scuola per questa attivit\u00e0, sentito anche il parere del Responsabile del Servizio Prevenzione e Protezione, che chiede le normali operazioni di sanificazione e distanziamento vigenti in periodo Covid.<\/p>\n<p> \t\u201cCi sono due aspetti positivi &#8211; commenta Pieri -: uno \u00e8 che continuiamo a differenziare l&#39;offerta, proponendo attivit\u00e0 nuove e che non sono presenti nel territorio, senza inutili doppioni. Purtroppo la palestra ha ormai tutti gli orari migliori per le attivit\u00e0 dei ragazzi gi\u00e0 occupati, e non \u00e8 stato possibile ospitare l\u00ec i corsi, ma abbiamo trovato, con la buona volont\u00e0 di tutti (ASD, Istituto scolastico, Comune) una buona soluzione. Il secondo aspetto \u00e8 che il maestro Diana \u00e8 disabile e il suo approccio si sposa molto bene con l&#39;idea &#8220;lo sport per tutti&#8221; che abbiamo in mente e che cerchiamo di portare avanti: quindi una cittadella sportiva (e non solo, visto che coinvolgiamo anche la scuola) che dia la possibilit\u00e0 a tutti di praticare sport\u201d.<\/p>\n","protected":false},"excerpt":{"rendered":"<p>Grazie all&#8217;associazione Fiore dei Liberi<\/p>\n","protected":false},"author":22,"featured_media":40370,"comment_status":"closed","ping_status":"closed","sticky":false,"template":"","format":"standard","meta":{"dwc-title":[],"dwc-content":[],"footnotes":""},"categories":[38],"tags":[],"class_list":["post-40369","post","type-post","status-publish","format-standard","has-post-thumbnail","hentry","category-sport"],"rttpg_featured_image_url":{"full":["https:\/\/imagazine.it\/wp-content\/uploads\/2024\/01\/43283-1.webp",1280,853,false],"landscape":["https:\/\/imagazine.it\/wp-content\/uploads\/2024\/01\/43283-1.webp",1280,853,false],"portraits":["https:\/\/imagazine.it\/wp-content\/uploads\/2024\/01\/43283-1.webp",1280,853,false],"thumbnail":["https:\/\/imagazine.it\/wp-content\/uploads\/2024\/01\/43283-1-150x150.webp",150,150,true],"medium":["https:\/\/imagazine.it\/wp-content\/uploads\/2024\/01\/43283-1-300x200.webp",300,200,true],"large":["https:\/\/imagazine.it\/wp-content\/uploads\/2024\/01\/43283-1-1024x682.webp",640,426,true],"thumblist":["https:\/\/imagazine.it\/wp-content\/uploads\/2024\/01\/43283-1.webp",300,200,false],"thumbrelated":["https:\/\/imagazine.it\/wp-content\/uploads\/2024\/01\/43283-1.webp",500,333,false],"meccarouselthumb":["https:\/\/imagazine.it\/wp-content\/uploads\/2024\/01\/43283-1.webp",474,316,false],"gridsquare":["https:\/\/imagazine.it\/wp-content\/uploads\/2024\/01\/43283-1.webp",391,260,false],"tileview":["https:\/\/imagazine.it\/wp-content\/uploads\/2024\/01\/43283-1.webp",300,200,false],"1536x1536":["https:\/\/imagazine.it\/wp-content\/uploads\/2024\/01\/43283-1.webp",1280,853,false],"2048x2048":["https:\/\/imagazine.it\/wp-content\/uploads\/2024\/01\/43283-1.webp",1280,853,false],"newsup-slider-full":["https:\/\/imagazine.it\/wp-content\/uploads\/2024\/01\/43283-1-1280x720.webp",1280,720,true],"newsup-featured":["https:\/\/imagazine.it\/wp-content\/uploads\/2024\/01\/43283-1-1024x682.webp",1024,682,true],"newsup-medium":["https:\/\/imagazine.it\/wp-content\/uploads\/2024\/01\/43283-1-720x380.webp",720,380,true],"tptn_thumbnail":["https:\/\/imagazine.it\/wp-content\/uploads\/2024\/01\/43283-1.webp",250,167,false],"sow-carousel-default":["https:\/\/imagazine.it\/wp-content\/uploads\/2024\/01\/43283-1-272x182.webp",272,182,true]},"rttpg_author":{"display_name":"Livio Nonis","author_link":"https:\/\/imagazine.it\/home_desk\/author\/nonis\/"},"rttpg_comment":0,"rttpg_category":"<a href=\"https:\/\/imagazine.it\/home_desk\/category\/sport\/\" rel=\"category tag\">SPORT<\/a>","rttpg_excerpt":"Grazie all'associazione Fiore dei Liberi","_links":{"self":[{"href":"https:\/\/imagazine.it\/home_desk\/wp-json\/wp\/v2\/posts\/40369","targetHints":{"allow":["GET"]}}],"collection":[{"href":"https:\/\/imagazine.it\/home_desk\/wp-json\/wp\/v2\/posts"}],"about":[{"href":"https:\/\/imagazine.it\/home_desk\/wp-json\/wp\/v2\/types\/post"}],"author":[{"embeddable":true,"href":"https:\/\/imagazine.it\/home_desk\/wp-json\/wp\/v2\/users\/22"}],"replies":[{"embeddable":true,"href":"https:\/\/imagazine.it\/home_desk\/wp-json\/wp\/v2\/comments?post=40369"}],"version-history":[{"count":0,"href":"https:\/\/imagazine.it\/home_desk\/wp-json\/wp\/v2\/posts\/40369\/revisions"}],"wp:featuredmedia":[{"embeddable":true,"href":"https:\/\/imagazine.it\/home_desk\/wp-json\/wp\/v2\/media\/40370"}],"wp:attachment":[{"href":"https:\/\/imagazine.it\/home_desk\/wp-json\/wp\/v2\/media?parent=40369"}],"wp:term":[{"taxonomy":"category","embeddable":true,"href":"https:\/\/imagazine.it\/home_desk\/wp-json\/wp\/v2\/categories?post=40369"},{"taxonomy":"post_tag","embeddable":true,"href":"https:\/\/imagazine.it\/home_desk\/wp-json\/wp\/v2\/tags?post=40369"}],"curies":[{"name":"wp","href":"https:\/\/api.w.org\/{rel}","templated":true}]}}