{"id":40367,"date":"2021-09-24T00:00:00","date_gmt":"2021-09-23T23:00:00","guid":{"rendered":"https:\/\/imagazine.it\/?p=40367"},"modified":"2021-09-24T00:00:00","modified_gmt":"2021-09-23T23:00:00","slug":"allabbazia-di-rosazzo-un-ottobre-tra-i-libri","status":"publish","type":"post","link":"https:\/\/imagazine.it\/home_desk\/allabbazia-di-rosazzo-un-ottobre-tra-i-libri\/","title":{"rendered":"All&#8217;Abbazia di Rosazzo un ottobre tra i libri"},"content":{"rendered":"<p> \tProsegue in ottobre con tre tappe il viaggio fisico e metaforico della rassegna \u201cI Colloqui dell\u2019Abbazia. Il viaggio della carta geografica di Livio Felluga\u201d, curata da <strong>Margherita Reguitti<\/strong>, conduttrice degli incontri, e da <strong>Elda Felluga<\/strong>, nella suggestiva cornice dell\u2019<strong>Abbazia<\/strong> <strong>di Rosazzo<\/strong>.<\/p>\n<p> \tIl primo appuntamento <strong>venerd\u00ec 8 ottobre<\/strong> sar\u00e0 con <strong>Mauro Pascolini<\/strong>, professore ordinario di Geografia all\u2019Universit\u00e0 di Udine, autore assieme a <strong>Franco Dreossi<\/strong>, funzionario del Corpo forestale regionale, di \u201c<em>Malghe e alpeggi della montagna friulana<\/em>\u201d, Editrice Co.EL.<\/p>\n<p> \tIl volume, fedele al suo dna di guida escursionistica uscita per la prima volta 25 anni fa, si propone, grazie ai nuovi contenuti e approfondimenti, come strumento per appassionati e neofiti di conoscenza della dimensione culturale e paesaggistica dell\u2019alpeggio. Unisce tradizione e contemporaneit\u00e0 vivificata dalla riscoperta della montagna di prossimit\u00e0 avvenuta soprattutto a seguito della pandemia. Una mappa sviluppata in percorsi tematici e geografici delle realt\u00e0 esistenti sul territorio che, grazie all\u2019ammodernamento delle strutture e della viabilit\u00e0, offrono, accanto ai tradizionali prodotti della lavorazione del latte, anche ospitalit\u00e0 e ristorazione. Servizi gestiti sempre di pi\u00f9 da giovani uomini e donne che scelgono il ritorno a un ritmo lento di vita.<\/p>\n<p> \tSi proseguir\u00e0 con l&#39;appuntamento del 14 ottobre con la rappresentazione \u201cPiccolo Colpo Sicuro \u2013 Annie Oakley superstar. Storia di una piccola grande donna\u201d. La narrazione di <strong>Valerio Marchi<\/strong>, autore dei testi, sar\u00e0 valorizzata dalle musiche eseguite da <strong>Alessio Velliscig<\/strong> e dalle letture di <strong>Michela Marchi<\/strong>. L\u2019incontro verter\u00e0 sulla storia di una straordinaria figura femminile del periodo storico a cavallo tra Otto e Novecento \u2013 anni delicati e decisivi per la causa dell\u2019emancipazione femminile.<\/p>\n<p> \tIl terzo appuntamento di sar\u00e0 gioved\u00ec 28 ottobre con <strong>Paola Cosolo Marangon<\/strong> autrice di \u201cStoria di Rosa\u201d edito da Forum. Un romanzo che approfondisce e intreccia legami, amori e incontri nel viaggio della vita. Una storia di due donne, madre e figlia, ma anche di forti e complessi legami famigliari. Una narrazione che si apre e si chiude sull\u2019evento pi\u00f9 doloroso per entrambe, a indicare la circolarit\u00e0 dell\u2019esistenza sullo sfondo del Friuli e dell\u2019Italia del dopoguerra. La nascita e la morte che si danno il passo, descritte con estremo pudore e dignit\u00e0 in una trama di esperienze che segna il cammino di ciascun protagonista. La speranza di riscatto dalla finitezza della condizione umana che l\u2019autrice affida alla sua protagonista: \u00abin fondo la morte esiste solo per chi ci crede\u00bb.<\/p>\n<p> \tLa rassegna, il cui genoma \u00e8 il viaggio fisico, culturale e intellettuale, declinato attraverso la scrittura di narratori con esperienze di linguaggi diversi, nasce e cresce grazie alla sinergia fra la Fondazione Abbazia di Rosazzo e l&#39; azienda Livio Felluga che dal 1956 ha come etichetta l&#39;inconfondibile \u201ccarta geografica\u201d a significare il forte legame fra il vino e il suo territorio di vocazione.<\/p>\n<p> \tGli incontri, che si svolgeranno nel rispetto delle disposizioni di sicurezza anti Covid 19, inizieranno alle 18. Obbligatori greenpass e prenotazione all\u2019indirizzo\u00a0<a href=\"mailto:fondazione@abbaziadirosazzo.it\" target=\"_blank\" rel=\"noopener\">fondazione@<wbr \/>abbaziadirosazzo.it<\/a>, fino a esaurimento dei posti disponibili.<\/p>\n<p> \tLa rassegna \u00e8 realizzata grazie alla Fondazione Abbazia di Rosazzo, Livio Felluga, Vigne Museum associazione culturale e il Comune di Manzano.<\/p>\n<p> \tInformazioni sui siti: <u><a href=\"https:\/\/es.sonicurlprotection-ams.com\/click?PV=2&#038;MSGID=202109201839040047853&#038;URLID=4&#038;ESV=10.0.10.6443&#038;IV=EE3E83B000A53D893C0BE77DB6AE635A&#038;TT=1632163146223&#038;ESN=i9buNE8xdIOfQQpqeeqK%2FXqQlMXMCO5wq47c3198fNE%3D&#038;KV=1536961729280&#038;B64_ENCODED_URL=aHR0cDovL3d3dy5hYmJhemlhZGlyb3NhenpvLml0Lw&#038;HK=85C90CDEBEC65888C4317D7AF3E9ACB53745F95615068810EA8E3EDD38475F6C\" target=\"_blank\" rel=\"noopener\"><span style=\"color:#0000ff;\">www.abbaziadirosazzo.it<\/span><\/a><\/u>\u00a0e <u><a data-saferedirecturl=\"https:\/\/www.google.com\/url?q=https:\/\/es.sonicurlprotection-ams.com\/click?PV%3D2%26MSGID%3D202109201839040047853%26URLID%3D2%26ESV%3D10.0.10.6443%26IV%3D34C49178CE70B8A752E23E3E7A90E983%26TT%3D1632163146223%26ESN%3Df7FNlE1yh%252BVYn1BJFuH9V9P2IQcGecoF6W1uHarVz44%253D%26KV%3D1536961729280%26B64_ENCODED_URL%3DaHR0cDovL3d3dy5saXZpb2ZlbGx1Z2EuaXQv%26HK%3DC10CEAF2016EA72AAFFB64B8133C4C48D658ADD8D4D2914159F6729C63D49EC0&#038;source=gmail&#038;ust=1632554133367000&#038;usg=AFQjCNF8VRo7_n-YhGZuPLNtxmvSh2hbcg\" href=\"https:\/\/es.sonicurlprotection-ams.com\/click?PV=2&#038;MSGID=202109201839040047853&#038;URLID=2&#038;ESV=10.0.10.6443&#038;IV=34C49178CE70B8A752E23E3E7A90E983&#038;TT=1632163146223&#038;ESN=f7FNlE1yh%2BVYn1BJFuH9V9P2IQcGecoF6W1uHarVz44%3D&#038;KV=1536961729280&#038;B64_ENCODED_URL=aHR0cDovL3d3dy5saXZpb2ZlbGx1Z2EuaXQv&#038;HK=C10CEAF2016EA72AAFFB64B8133C4C48D658ADD8D4D2914159F6729C63D49EC0\" target=\"_blank\" rel=\"noopener\"><span style=\"color:#0000ff;\">www.liviofelluga.it<\/span><\/a><\/u>\u00a0e pagine social.<\/p>\n","protected":false},"excerpt":{"rendered":"<p>&#8220;Il viaggio della carta geografica di Livio Felluga&#8221;<\/p>\n","protected":false},"author":28,"featured_media":40368,"comment_status":"closed","ping_status":"closed","sticky":false,"template":"","format":"standard","meta":{"dwc-title":[],"dwc-content":[],"footnotes":""},"categories":[37],"tags":[],"class_list":["post-40367","post","type-post","status-publish","format-standard","has-post-thumbnail","hentry","category-cultura-e-spettacolo"],"rttpg_featured_image_url":{"full":["https:\/\/imagazine.it\/wp-content\/uploads\/2024\/01\/43281-1.webp",857,640,false],"landscape":["https:\/\/imagazine.it\/wp-content\/uploads\/2024\/01\/43281-1.webp",857,640,false],"portraits":["https:\/\/imagazine.it\/wp-content\/uploads\/2024\/01\/43281-1.webp",857,640,false],"thumbnail":["https:\/\/imagazine.it\/wp-content\/uploads\/2024\/01\/43281-1-150x150.webp",150,150,true],"medium":["https:\/\/imagazine.it\/wp-content\/uploads\/2024\/01\/43281-1-300x224.webp",300,224,true],"large":["https:\/\/imagazine.it\/wp-content\/uploads\/2024\/01\/43281-1.webp",640,478,false],"thumblist":["https:\/\/imagazine.it\/wp-content\/uploads\/2024\/01\/43281-1.webp",300,224,false],"thumbrelated":["https:\/\/imagazine.it\/wp-content\/uploads\/2024\/01\/43281-1.webp",500,373,false],"meccarouselthumb":["https:\/\/imagazine.it\/wp-content\/uploads\/2024\/01\/43281-1.webp",434,324,false],"gridsquare":["https:\/\/imagazine.it\/wp-content\/uploads\/2024\/01\/43281-1.webp",348,260,false],"tileview":["https:\/\/imagazine.it\/wp-content\/uploads\/2024\/01\/43281-1.webp",300,224,false],"1536x1536":["https:\/\/imagazine.it\/wp-content\/uploads\/2024\/01\/43281-1.webp",857,640,false],"2048x2048":["https:\/\/imagazine.it\/wp-content\/uploads\/2024\/01\/43281-1.webp",857,640,false],"newsup-slider-full":["https:\/\/imagazine.it\/wp-content\/uploads\/2024\/01\/43281-1.webp",857,640,false],"newsup-featured":["https:\/\/imagazine.it\/wp-content\/uploads\/2024\/01\/43281-1.webp",857,640,false],"newsup-medium":["https:\/\/imagazine.it\/wp-content\/uploads\/2024\/01\/43281-1-720x380.webp",720,380,true],"tptn_thumbnail":["https:\/\/imagazine.it\/wp-content\/uploads\/2024\/01\/43281-1.webp",250,187,false],"sow-carousel-default":["https:\/\/imagazine.it\/wp-content\/uploads\/2024\/01\/43281-1-272x182.webp",272,182,true]},"rttpg_author":{"display_name":"redazione","author_link":"https:\/\/imagazine.it\/home_desk\/author\/redazione\/"},"rttpg_comment":0,"rttpg_category":"<a href=\"https:\/\/imagazine.it\/home_desk\/category\/cultura-e-spettacolo\/\" rel=\"category tag\">CULTURA&amp;SPETTACOLO<\/a>","rttpg_excerpt":"\"Il viaggio della carta geografica di Livio Felluga\"","_links":{"self":[{"href":"https:\/\/imagazine.it\/home_desk\/wp-json\/wp\/v2\/posts\/40367","targetHints":{"allow":["GET"]}}],"collection":[{"href":"https:\/\/imagazine.it\/home_desk\/wp-json\/wp\/v2\/posts"}],"about":[{"href":"https:\/\/imagazine.it\/home_desk\/wp-json\/wp\/v2\/types\/post"}],"author":[{"embeddable":true,"href":"https:\/\/imagazine.it\/home_desk\/wp-json\/wp\/v2\/users\/28"}],"replies":[{"embeddable":true,"href":"https:\/\/imagazine.it\/home_desk\/wp-json\/wp\/v2\/comments?post=40367"}],"version-history":[{"count":0,"href":"https:\/\/imagazine.it\/home_desk\/wp-json\/wp\/v2\/posts\/40367\/revisions"}],"wp:featuredmedia":[{"embeddable":true,"href":"https:\/\/imagazine.it\/home_desk\/wp-json\/wp\/v2\/media\/40368"}],"wp:attachment":[{"href":"https:\/\/imagazine.it\/home_desk\/wp-json\/wp\/v2\/media?parent=40367"}],"wp:term":[{"taxonomy":"category","embeddable":true,"href":"https:\/\/imagazine.it\/home_desk\/wp-json\/wp\/v2\/categories?post=40367"},{"taxonomy":"post_tag","embeddable":true,"href":"https:\/\/imagazine.it\/home_desk\/wp-json\/wp\/v2\/tags?post=40367"}],"curies":[{"name":"wp","href":"https:\/\/api.w.org\/{rel}","templated":true}]}}