{"id":40356,"date":"2021-09-23T00:00:00","date_gmt":"2021-09-22T23:00:00","guid":{"rendered":"https:\/\/imagazine.it\/?p=40356"},"modified":"2021-09-23T00:00:00","modified_gmt":"2021-09-22T23:00:00","slug":"auser-bassa-friulana-due-nuovi-mezzi-a-servizio-degli-anziani","status":"publish","type":"post","link":"https:\/\/imagazine.it\/home_desk\/auser-bassa-friulana-due-nuovi-mezzi-a-servizio-degli-anziani\/","title":{"rendered":"Auser Bassa Friulana, due nuovi mezzi a servizio degli anziani"},"content":{"rendered":"<p> \tL\u2019<strong>AUSER<\/strong> <strong>Insieme Bassa Friulana APS<\/strong> ha acquistato due automezzi per le attivit\u00e0 associative, che \u00e8 stato possibile mettere a disposizione dell\u2019associazione grazie al contributo di tutti i soci e al sostegno della Cassa Rurale del Friuli Venezia Giulia.<\/p>\n<p> \tAd annunciarlo \u00e8 il presidente del sodalizio, <strong>Paolo Dean<\/strong>.<\/p>\n<p> \t\u201cDopo questo lungo periodo di pausa &#8211; commenta Dean &#8211; siamo al lavoro per riprendere le nostre attivit\u00e0. Non ci nascondiamo come sia difficile, con una normativa in continua evoluzione, pensare che tutto possa tornare come prima, almeno nei prossimi mesi. Anche con i Comuni stiamo cercando di trovare le giuste indicazioni per permetterci di riprendere le attivit\u00e0 nei nostri recapiti e le attivit\u00e0 che finora avevamo realizzato in convenzione\u201d.<\/p>\n<p> \tAUSER Insieme Bassa Friulana APS \u00e8 attivo da trent\u2019anni sul territorio, ha la propria sede a <strong>Cervignano del Friuli<\/strong> e opera in convenzione con i Comuni di <strong>Aquileia<\/strong>, <strong>Terzo di Aquileia<\/strong>, Cervignano del Friuli, <strong>Ruda<\/strong>, <strong>Campolongo Tapogliano<\/strong> e <strong>Palmanova<\/strong>, per attivit\u00e0 di trasporti protetti e pi\u00f9 in generale per attivit\u00e0 di socializzazione a favore dei suoi 1.173 soci, grazie al servizio svolto dai suoi 177 volontari attivi.<\/p>\n<p> \tInoltre \u00e8 capofila a coordinamento delle altre affiliate della bassa friulana (\u201cFiumicello Villa Vicentina\u201d, \u201cAnnia\u201d, \u201cCastions di Strada\u201d, \u201cTurgnano\u201d, \u201cStella e Tagliamento\u201d) con una presenza territoriale da Latisana a Fiumicello Villa Vicentina e circa 3.000 soci.<\/p>\n<p> \tLa presentazione dei nuovi mezzi avverr\u00e0 a Cervignano in piazza Indipendenza, area antistante la sede municipale, <strong>venerd\u00ec 24 settembre alle ore 17.30<\/strong>, alla presenza degli amministratori locali, dei vertici della Banca e di Auser regionale.<\/p>\n","protected":false},"excerpt":{"rendered":"<p>Venerd\u00ec la consegna ufficiale<\/p>\n","protected":false},"author":22,"featured_media":40357,"comment_status":"closed","ping_status":"closed","sticky":false,"template":"","format":"standard","meta":{"dwc-title":[],"dwc-content":[],"footnotes":""},"categories":[5],"tags":[],"class_list":["post-40356","post","type-post","status-publish","format-standard","has-post-thumbnail","hentry","category-attualita"],"rttpg_featured_image_url":{"full":["https:\/\/imagazine.it\/wp-content\/uploads\/2024\/01\/43260-1.webp",1391,976,false],"landscape":["https:\/\/imagazine.it\/wp-content\/uploads\/2024\/01\/43260-1.webp",1391,976,false],"portraits":["https:\/\/imagazine.it\/wp-content\/uploads\/2024\/01\/43260-1.webp",1391,976,false],"thumbnail":["https:\/\/imagazine.it\/wp-content\/uploads\/2024\/01\/43260-1-150x150.webp",150,150,true],"medium":["https:\/\/imagazine.it\/wp-content\/uploads\/2024\/01\/43260-1-300x210.webp",300,210,true],"large":["https:\/\/imagazine.it\/wp-content\/uploads\/2024\/01\/43260-1-1024x718.webp",640,449,true],"thumblist":["https:\/\/imagazine.it\/wp-content\/uploads\/2024\/01\/43260-1.webp",300,210,false],"thumbrelated":["https:\/\/imagazine.it\/wp-content\/uploads\/2024\/01\/43260-1.webp",500,351,false],"meccarouselthumb":["https:\/\/imagazine.it\/wp-content\/uploads\/2024\/01\/43260-1.webp",462,324,false],"gridsquare":["https:\/\/imagazine.it\/wp-content\/uploads\/2024\/01\/43260-1.webp",371,260,false],"tileview":["https:\/\/imagazine.it\/wp-content\/uploads\/2024\/01\/43260-1.webp",300,210,false],"1536x1536":["https:\/\/imagazine.it\/wp-content\/uploads\/2024\/01\/43260-1.webp",1391,976,false],"2048x2048":["https:\/\/imagazine.it\/wp-content\/uploads\/2024\/01\/43260-1.webp",1391,976,false],"newsup-slider-full":["https:\/\/imagazine.it\/wp-content\/uploads\/2024\/01\/43260-1-1280x720.webp",1280,720,true],"newsup-featured":["https:\/\/imagazine.it\/wp-content\/uploads\/2024\/01\/43260-1-1024x718.webp",1024,718,true],"newsup-medium":["https:\/\/imagazine.it\/wp-content\/uploads\/2024\/01\/43260-1-720x380.webp",720,380,true],"tptn_thumbnail":["https:\/\/imagazine.it\/wp-content\/uploads\/2024\/01\/43260-1.webp",250,175,false],"sow-carousel-default":["https:\/\/imagazine.it\/wp-content\/uploads\/2024\/01\/43260-1-272x182.webp",272,182,true]},"rttpg_author":{"display_name":"Livio Nonis","author_link":"https:\/\/imagazine.it\/home_desk\/author\/nonis\/"},"rttpg_comment":0,"rttpg_category":"<a href=\"https:\/\/imagazine.it\/home_desk\/category\/attualita\/\" rel=\"category tag\">ATTUALIT\u00c0<\/a>","rttpg_excerpt":"Venerd\u00ec la consegna ufficiale","_links":{"self":[{"href":"https:\/\/imagazine.it\/home_desk\/wp-json\/wp\/v2\/posts\/40356","targetHints":{"allow":["GET"]}}],"collection":[{"href":"https:\/\/imagazine.it\/home_desk\/wp-json\/wp\/v2\/posts"}],"about":[{"href":"https:\/\/imagazine.it\/home_desk\/wp-json\/wp\/v2\/types\/post"}],"author":[{"embeddable":true,"href":"https:\/\/imagazine.it\/home_desk\/wp-json\/wp\/v2\/users\/22"}],"replies":[{"embeddable":true,"href":"https:\/\/imagazine.it\/home_desk\/wp-json\/wp\/v2\/comments?post=40356"}],"version-history":[{"count":0,"href":"https:\/\/imagazine.it\/home_desk\/wp-json\/wp\/v2\/posts\/40356\/revisions"}],"wp:featuredmedia":[{"embeddable":true,"href":"https:\/\/imagazine.it\/home_desk\/wp-json\/wp\/v2\/media\/40357"}],"wp:attachment":[{"href":"https:\/\/imagazine.it\/home_desk\/wp-json\/wp\/v2\/media?parent=40356"}],"wp:term":[{"taxonomy":"category","embeddable":true,"href":"https:\/\/imagazine.it\/home_desk\/wp-json\/wp\/v2\/categories?post=40356"},{"taxonomy":"post_tag","embeddable":true,"href":"https:\/\/imagazine.it\/home_desk\/wp-json\/wp\/v2\/tags?post=40356"}],"curies":[{"name":"wp","href":"https:\/\/api.w.org\/{rel}","templated":true}]}}