{"id":40350,"date":"2021-09-22T00:00:00","date_gmt":"2021-09-21T23:00:00","guid":{"rendered":"https:\/\/imagazine.it\/?p=40350"},"modified":"2021-09-22T00:00:00","modified_gmt":"2021-09-21T23:00:00","slug":"gusti-off-pronta-larea-per-i-camper","status":"publish","type":"post","link":"https:\/\/imagazine.it\/home_desk\/gusti-off-pronta-larea-per-i-camper\/","title":{"rendered":"Gusti off, pronta l&#8217;area per i camper"},"content":{"rendered":"<p> \tA <strong><em>Gusti off<\/em><\/strong> a <strong>Gorizia<\/strong> ci sar\u00e0 anche un&#39;area attrezzata per i camper. Come gi\u00e0 per <em>Gusti di frontiera<\/em> a ospitare i camperisti sar\u00e0 lo spazio di viale Oriani con la gestione ormai consolidata del club &#8220;Antica Contea di Gorizia&#8221;.<\/p>\n<p> \t&#8220;L&#39;area sar\u00e0 aperta a tutti &#8211; ha assicurato il presidente della societ\u00e0, <strong>Riccardo Di Nardo<\/strong>, nel corso di un incontro con l&#39;assessore comunale <strong>Francesco Del Sordi<\/strong> -, stiamo gi\u00e0 ricevendo richieste di informazioni da diverse parti d&#39;Italia e sicuramente ci sar\u00e0 una buona partecipazione all&#39;evento da parte degli amici camperisti. Ci sar\u00e0 senz&#39;altro un punto informativo riguardante l&#39;evento e ci saranno anche adeguati controlli di custodia. Il servizio sar\u00e0 attivato da gioved\u00ec pomeriggio a domenica sera quando si concluder\u00e0 la manifestazione. Saranno presenti anche i radioamatori dei carabinieri&#8221;.<\/p>\n<p> \tL&#39;assessore Del Sordi ha espresso l&#39;apprezzamento da parte dell&#39;amministrazione comunale all&#39;attivit\u00e0 del club &#8220;Antica Contea&#8221; ricordando i 21 anni di attivit\u00e0.<\/p>\n<p> \t&#8220;Lo scorso anno non abbiamo potuto celebrare questa ricorrenza a causa del Covid-19 &#8211; ha spiegato &#8211; ma quest&#39;anno, anche se non ne siamo del tutto usciti, possiamo almeno esprimere un ringraziamento attraverso la consegna di una targa, da parte del Comune, che ricordi l&#39;impegno della societ\u00e0 in questi decenni\u201d.<\/p>\n<p> \tLa targa \u00e8 stata quindi consegnata al presidente Di Nardo ma, nei prossimi giorni, l&#39;assessore Del Sordi incontrer\u00e0 anche gli altri componenti del club, a partire dal vicepresidente, <strong>Vittorio Ciani<\/strong>, e dal segretario, <strong>Giampaolo Macor<\/strong>.<\/p>\n","protected":false},"excerpt":{"rendered":"<p>In viale Oriani<\/p>\n","protected":false},"author":28,"featured_media":40351,"comment_status":"closed","ping_status":"closed","sticky":false,"template":"","format":"standard","meta":{"dwc-title":[],"dwc-content":[],"footnotes":""},"categories":[5],"tags":[],"class_list":["post-40350","post","type-post","status-publish","format-standard","has-post-thumbnail","hentry","category-attualita"],"rttpg_featured_image_url":{"full":["https:\/\/imagazine.it\/wp-content\/uploads\/2024\/01\/43243-1.webp",1600,1200,false],"landscape":["https:\/\/imagazine.it\/wp-content\/uploads\/2024\/01\/43243-1.webp",1600,1200,false],"portraits":["https:\/\/imagazine.it\/wp-content\/uploads\/2024\/01\/43243-1.webp",1600,1200,false],"thumbnail":["https:\/\/imagazine.it\/wp-content\/uploads\/2024\/01\/43243-1-150x150.webp",150,150,true],"medium":["https:\/\/imagazine.it\/wp-content\/uploads\/2024\/01\/43243-1-300x225.webp",300,225,true],"large":["https:\/\/imagazine.it\/wp-content\/uploads\/2024\/01\/43243-1-1024x768.webp",640,480,true],"thumblist":["https:\/\/imagazine.it\/wp-content\/uploads\/2024\/01\/43243-1.webp",300,225,false],"thumbrelated":["https:\/\/imagazine.it\/wp-content\/uploads\/2024\/01\/43243-1.webp",500,375,false],"meccarouselthumb":["https:\/\/imagazine.it\/wp-content\/uploads\/2024\/01\/43243-1.webp",432,324,false],"gridsquare":["https:\/\/imagazine.it\/wp-content\/uploads\/2024\/01\/43243-1.webp",347,260,false],"tileview":["https:\/\/imagazine.it\/wp-content\/uploads\/2024\/01\/43243-1.webp",300,225,false],"1536x1536":["https:\/\/imagazine.it\/wp-content\/uploads\/2024\/01\/43243-1-1536x1152.webp",1536,1152,true],"2048x2048":["https:\/\/imagazine.it\/wp-content\/uploads\/2024\/01\/43243-1.webp",1600,1200,false],"newsup-slider-full":["https:\/\/imagazine.it\/wp-content\/uploads\/2024\/01\/43243-1-1280x720.webp",1280,720,true],"newsup-featured":["https:\/\/imagazine.it\/wp-content\/uploads\/2024\/01\/43243-1-1024x768.webp",1024,768,true],"newsup-medium":["https:\/\/imagazine.it\/wp-content\/uploads\/2024\/01\/43243-1-720x380.webp",720,380,true],"tptn_thumbnail":["https:\/\/imagazine.it\/wp-content\/uploads\/2024\/01\/43243-1.webp",250,188,false],"sow-carousel-default":["https:\/\/imagazine.it\/wp-content\/uploads\/2024\/01\/43243-1-272x182.webp",272,182,true]},"rttpg_author":{"display_name":"redazione","author_link":"https:\/\/imagazine.it\/home_desk\/author\/redazione\/"},"rttpg_comment":0,"rttpg_category":"<a href=\"https:\/\/imagazine.it\/home_desk\/category\/attualita\/\" rel=\"category tag\">ATTUALIT\u00c0<\/a>","rttpg_excerpt":"In viale Oriani","_links":{"self":[{"href":"https:\/\/imagazine.it\/home_desk\/wp-json\/wp\/v2\/posts\/40350","targetHints":{"allow":["GET"]}}],"collection":[{"href":"https:\/\/imagazine.it\/home_desk\/wp-json\/wp\/v2\/posts"}],"about":[{"href":"https:\/\/imagazine.it\/home_desk\/wp-json\/wp\/v2\/types\/post"}],"author":[{"embeddable":true,"href":"https:\/\/imagazine.it\/home_desk\/wp-json\/wp\/v2\/users\/28"}],"replies":[{"embeddable":true,"href":"https:\/\/imagazine.it\/home_desk\/wp-json\/wp\/v2\/comments?post=40350"}],"version-history":[{"count":0,"href":"https:\/\/imagazine.it\/home_desk\/wp-json\/wp\/v2\/posts\/40350\/revisions"}],"wp:featuredmedia":[{"embeddable":true,"href":"https:\/\/imagazine.it\/home_desk\/wp-json\/wp\/v2\/media\/40351"}],"wp:attachment":[{"href":"https:\/\/imagazine.it\/home_desk\/wp-json\/wp\/v2\/media?parent=40350"}],"wp:term":[{"taxonomy":"category","embeddable":true,"href":"https:\/\/imagazine.it\/home_desk\/wp-json\/wp\/v2\/categories?post=40350"},{"taxonomy":"post_tag","embeddable":true,"href":"https:\/\/imagazine.it\/home_desk\/wp-json\/wp\/v2\/tags?post=40350"}],"curies":[{"name":"wp","href":"https:\/\/api.w.org\/{rel}","templated":true}]}}