{"id":40342,"date":"2021-09-21T00:00:00","date_gmt":"2021-09-20T23:00:00","guid":{"rendered":"https:\/\/imagazine.it\/?p=40342"},"modified":"2021-09-21T00:00:00","modified_gmt":"2021-09-20T23:00:00","slug":"ronchi-una-panchina-in-memoria-di-cristina-visintini","status":"publish","type":"post","link":"https:\/\/imagazine.it\/home_desk\/ronchi-una-panchina-in-memoria-di-cristina-visintini\/","title":{"rendered":"Ronchi, una panchina in memoria di Cristina Visintini"},"content":{"rendered":"<p> \tIl 23 ottobre prossimo la <strong>Societ\u00e0 filarmonica Giuseppe Verdi<\/strong> e l&#39;<strong>Associazione<\/strong> <strong>culturale Leali delle Notizie<\/strong> organizzeranno a <strong>Ronchi dei Legionari<\/strong> una giornata dedicata alla libert\u00e0 di stampa e di espressione, nel ricordo, in quest&#39;occasione, di <strong>Cristina Visintini<\/strong>, scomparsa il 9 agosto scorso.<\/p>\n<p> \tUna giornata per riaffermare la necessit\u00e0 di una sempre maggior tutela del mondo dell&#39;informazione e dei suoi protagonisti, ma anche per decretare il giusto omaggio a Cristina, motore infaticabile delle due associazioni.<\/p>\n<p> \tLa giornata, ancora in preparazione, si dovrebbe sviluppare attraverso pi\u00f9 momenti. Alle 11 ci sar\u00e0 l&#39;inaugurazione di una panchina dedicata a Cristina Visintini, alla quale sar\u00e0 abbinato un piccolo totem con la sua biografia, posizionata lungo il passaggio pedonale che da via Roma porta a piazza della Concordia. Qui si terr\u00e0 un piccolo concerto della banda della Societ\u00e0 filarmonica Giuseppe Verdi.<\/p>\n<p> \tDalle 16, nella sala sottostante la Chiesa di Maria Madre, si svilupper\u00e0 un convegno e la presentazione di alcuni libri sul tema della libert\u00e0 di stampa e di espressione. La giornata si concluder\u00e0, alle 20.30, nella Chiesa di Maria Madre, con un concerto delle sezioni della Societ\u00e0 filarmonica Giuseppe Verdi.<\/p>\n<p> \tNata il 13 giugno del 1965, Cristina Visintini si era laureata, a Udine, in Conservazione dei Beni Culturali. La sua passione per l&#39;arte era notoria, anche se l&#39;amore della sua vita era il giornalismo.<\/p>\n","protected":false},"excerpt":{"rendered":"<p>Inaugurazione il prossimo 23 ottobre<\/p>\n","protected":false},"author":22,"featured_media":40343,"comment_status":"closed","ping_status":"closed","sticky":false,"template":"","format":"standard","meta":{"dwc-title":[],"dwc-content":[],"footnotes":""},"categories":[5],"tags":[],"class_list":["post-40342","post","type-post","status-publish","format-standard","has-post-thumbnail","hentry","category-attualita"],"rttpg_featured_image_url":{"full":["https:\/\/imagazine.it\/wp-content\/uploads\/2024\/01\/43237-1.webp",2016,1512,false],"landscape":["https:\/\/imagazine.it\/wp-content\/uploads\/2024\/01\/43237-1.webp",2016,1512,false],"portraits":["https:\/\/imagazine.it\/wp-content\/uploads\/2024\/01\/43237-1.webp",2016,1512,false],"thumbnail":["https:\/\/imagazine.it\/wp-content\/uploads\/2024\/01\/43237-1-150x150.webp",150,150,true],"medium":["https:\/\/imagazine.it\/wp-content\/uploads\/2024\/01\/43237-1-300x225.webp",300,225,true],"large":["https:\/\/imagazine.it\/wp-content\/uploads\/2024\/01\/43237-1-1024x768.webp",640,480,true],"thumblist":["https:\/\/imagazine.it\/wp-content\/uploads\/2024\/01\/43237-1.webp",300,225,false],"thumbrelated":["https:\/\/imagazine.it\/wp-content\/uploads\/2024\/01\/43237-1.webp",500,375,false],"meccarouselthumb":["https:\/\/imagazine.it\/wp-content\/uploads\/2024\/01\/43237-1.webp",432,324,false],"gridsquare":["https:\/\/imagazine.it\/wp-content\/uploads\/2024\/01\/43237-1.webp",347,260,false],"tileview":["https:\/\/imagazine.it\/wp-content\/uploads\/2024\/01\/43237-1.webp",300,225,false],"1536x1536":["https:\/\/imagazine.it\/wp-content\/uploads\/2024\/01\/43237-1-1536x1152.webp",1536,1152,true],"2048x2048":["https:\/\/imagazine.it\/wp-content\/uploads\/2024\/01\/43237-1.webp",2016,1512,false],"newsup-slider-full":["https:\/\/imagazine.it\/wp-content\/uploads\/2024\/01\/43237-1-1280x720.webp",1280,720,true],"newsup-featured":["https:\/\/imagazine.it\/wp-content\/uploads\/2024\/01\/43237-1-1024x768.webp",1024,768,true],"newsup-medium":["https:\/\/imagazine.it\/wp-content\/uploads\/2024\/01\/43237-1-720x380.webp",720,380,true],"tptn_thumbnail":["https:\/\/imagazine.it\/wp-content\/uploads\/2024\/01\/43237-1.webp",250,188,false],"sow-carousel-default":["https:\/\/imagazine.it\/wp-content\/uploads\/2024\/01\/43237-1-272x182.webp",272,182,true]},"rttpg_author":{"display_name":"Livio Nonis","author_link":"https:\/\/imagazine.it\/home_desk\/author\/nonis\/"},"rttpg_comment":0,"rttpg_category":"<a href=\"https:\/\/imagazine.it\/home_desk\/category\/attualita\/\" rel=\"category tag\">ATTUALIT\u00c0<\/a>","rttpg_excerpt":"Inaugurazione il prossimo 23 ottobre","_links":{"self":[{"href":"https:\/\/imagazine.it\/home_desk\/wp-json\/wp\/v2\/posts\/40342","targetHints":{"allow":["GET"]}}],"collection":[{"href":"https:\/\/imagazine.it\/home_desk\/wp-json\/wp\/v2\/posts"}],"about":[{"href":"https:\/\/imagazine.it\/home_desk\/wp-json\/wp\/v2\/types\/post"}],"author":[{"embeddable":true,"href":"https:\/\/imagazine.it\/home_desk\/wp-json\/wp\/v2\/users\/22"}],"replies":[{"embeddable":true,"href":"https:\/\/imagazine.it\/home_desk\/wp-json\/wp\/v2\/comments?post=40342"}],"version-history":[{"count":0,"href":"https:\/\/imagazine.it\/home_desk\/wp-json\/wp\/v2\/posts\/40342\/revisions"}],"wp:featuredmedia":[{"embeddable":true,"href":"https:\/\/imagazine.it\/home_desk\/wp-json\/wp\/v2\/media\/40343"}],"wp:attachment":[{"href":"https:\/\/imagazine.it\/home_desk\/wp-json\/wp\/v2\/media?parent=40342"}],"wp:term":[{"taxonomy":"category","embeddable":true,"href":"https:\/\/imagazine.it\/home_desk\/wp-json\/wp\/v2\/categories?post=40342"},{"taxonomy":"post_tag","embeddable":true,"href":"https:\/\/imagazine.it\/home_desk\/wp-json\/wp\/v2\/tags?post=40342"}],"curies":[{"name":"wp","href":"https:\/\/api.w.org\/{rel}","templated":true}]}}