{"id":40340,"date":"2021-09-21T00:00:00","date_gmt":"2021-09-20T23:00:00","guid":{"rendered":"https:\/\/imagazine.it\/?p=40340"},"modified":"2021-09-21T00:00:00","modified_gmt":"2021-09-20T23:00:00","slug":"gusti-off-maxi-isola-pedonale-in-centro-a-gorizia","status":"publish","type":"post","link":"https:\/\/imagazine.it\/home_desk\/gusti-off-maxi-isola-pedonale-in-centro-a-gorizia\/","title":{"rendered":"Gusti off, maxi isola pedonale in centro a Gorizia"},"content":{"rendered":"<p> \tIl conto alla rovescia per l\u2019inizio di <strong>Gusti off<\/strong> a <strong>Gorizia<\/strong> sta arrivando al termine.<\/p>\n<p> \tGioved\u00ec pomeriggio scatter\u00e0 la festa nelle due aree individuate quest\u2019anno per fare in modo che la manifestazione si possa svolgere in piena sicurezza e nel rispetto delle limitazioni anti-contagio. Da una parte <strong>piazza Cesare Battisti<\/strong> con gli stand di Borgo Austria e i <strong>Giardini pubblici<\/strong> con gli espositori di Borgo Francia, dall\u2019altra <strong>piazza Vittoria<\/strong> con gli stand istituzionali e Borgo Slovenia mentre nella vicina <strong>via Roma <\/strong>prenderanno posto gli stand \u201cdi casa\u201d con le specialit\u00e0 del Friuli Venezia Giulia. Qualche sconfinamento ci sar\u00e0 anche <strong>via Crispi<\/strong> con gli stand delle associazioni del territorio.\u00a0<\/p>\n<p> \tDa mercoled\u00ec sera fino a domenica sera, dunque, il centro di Gorizia sar\u00e0 chiuso al traffico. Si immagini una grande area da piazza Vittoria, precisamente l\u2019incrocio con via Mameli, fino a corso Italia, all\u2019altezza dell\u2019incrocio con via XXIV Maggio, da via Rismondo a via Roma, passando per via Crispi e via Oberdan, via Petrarca e via Dante.\u00a0<\/p>\n<p> \tSi tratta di una chiusura che, tuttavia, quest\u2019anno \u00e8 pi\u00f9 lieve del solito. Al di l\u00e0 del nucleo della festa e delle obbligatorie vie di fuga, infatti, l\u2019amministrazione comunale ha deciso di lasciare immutata la viabilit\u00e0 nelle immediate vicinanze del centro e di lasciare aperte diverse aree di sosta. Per l\u2019occasione, inoltre, va ricordato che sar\u00e0 possibile parcheggiare gratuitamente in tutta la citt\u00e0, questo anche per venire incontro ai residenti che da domani sera, ma alcuni gi\u00e0 dai giorni scorsi, non possono parcheggiare sotto casa.\u00a0<\/p>\n<p> \tResteranno, ad esempio, aperte al traffico e alla sosta via Cadorna (lato Valletta) e via Boccaccio, dove saranno a disposizione anche i parcheggi di piazzale Donatori Sangue, ex mercato all\u2019ingrosso e via Santa Chiara.\u00a0<\/p>\n<p> \tModifiche importanti riguardano corso Italia, dove l\u2019ultimo tratto, tra via Cascino a via Diaz, sar\u00e0 pedonalizzato fino a domenica, mentre nel tratto precedente, tra via XXIV Maggio e via Cascino, sar\u00e0 invertito il senso unico di marcia.\u00a0<\/p>\n<p> \tAlle limitazioni fanno eccezione i residenti che, se titolari di garage o posto auto, potranno accedere a tutta l\u2019area fino alle 16 di gioved\u00ec, e dalle 3 alle 11 di venerd\u00ec, sabato e domenica. Disagi pi\u00f9 limitati nelle zone distanti dalla festa, con le uniche eccezioni in via Brass e via Pellico, dove la necessit\u00e0 di istituire due fermate provvisorie del bus ha costretto alla sospensione di alcuni stalli.\u00a0<\/p>\n<p> \tL\u2019amministrazione ha individuato tre aree di sosta riservate a persone con disabilit\u00e0, che potranno accedere e parcheggiare negli stalli segnalati in via De Gasperi, largo XXVII Marzo (lato INPS) e via Diaz (lato scuola).<\/p>\n","protected":false},"excerpt":{"rendered":"<p>Dal 22 al 26 settembre<\/p>\n","protected":false},"author":28,"featured_media":40341,"comment_status":"closed","ping_status":"closed","sticky":false,"template":"","format":"standard","meta":{"dwc-title":[],"dwc-content":[],"footnotes":""},"categories":[5],"tags":[],"class_list":["post-40340","post","type-post","status-publish","format-standard","has-post-thumbnail","hentry","category-attualita"],"rttpg_featured_image_url":{"full":["https:\/\/imagazine.it\/wp-content\/uploads\/2024\/01\/43235-1.webp",1000,667,false],"landscape":["https:\/\/imagazine.it\/wp-content\/uploads\/2024\/01\/43235-1.webp",1000,667,false],"portraits":["https:\/\/imagazine.it\/wp-content\/uploads\/2024\/01\/43235-1.webp",1000,667,false],"thumbnail":["https:\/\/imagazine.it\/wp-content\/uploads\/2024\/01\/43235-1-150x150.webp",150,150,true],"medium":["https:\/\/imagazine.it\/wp-content\/uploads\/2024\/01\/43235-1-300x200.webp",300,200,true],"large":["https:\/\/imagazine.it\/wp-content\/uploads\/2024\/01\/43235-1.webp",640,427,false],"thumblist":["https:\/\/imagazine.it\/wp-content\/uploads\/2024\/01\/43235-1.webp",300,200,false],"thumbrelated":["https:\/\/imagazine.it\/wp-content\/uploads\/2024\/01\/43235-1.webp",500,334,false],"meccarouselthumb":["https:\/\/imagazine.it\/wp-content\/uploads\/2024\/01\/43235-1.webp",474,316,false],"gridsquare":["https:\/\/imagazine.it\/wp-content\/uploads\/2024\/01\/43235-1.webp",391,260,false],"tileview":["https:\/\/imagazine.it\/wp-content\/uploads\/2024\/01\/43235-1.webp",300,200,false],"1536x1536":["https:\/\/imagazine.it\/wp-content\/uploads\/2024\/01\/43235-1.webp",1000,667,false],"2048x2048":["https:\/\/imagazine.it\/wp-content\/uploads\/2024\/01\/43235-1.webp",1000,667,false],"newsup-slider-full":["https:\/\/imagazine.it\/wp-content\/uploads\/2024\/01\/43235-1.webp",1000,667,false],"newsup-featured":["https:\/\/imagazine.it\/wp-content\/uploads\/2024\/01\/43235-1.webp",1000,667,false],"newsup-medium":["https:\/\/imagazine.it\/wp-content\/uploads\/2024\/01\/43235-1-720x380.webp",720,380,true],"tptn_thumbnail":["https:\/\/imagazine.it\/wp-content\/uploads\/2024\/01\/43235-1.webp",250,167,false],"sow-carousel-default":["https:\/\/imagazine.it\/wp-content\/uploads\/2024\/01\/43235-1-272x182.webp",272,182,true]},"rttpg_author":{"display_name":"redazione","author_link":"https:\/\/imagazine.it\/home_desk\/author\/redazione\/"},"rttpg_comment":0,"rttpg_category":"<a href=\"https:\/\/imagazine.it\/home_desk\/category\/attualita\/\" rel=\"category tag\">ATTUALIT\u00c0<\/a>","rttpg_excerpt":"Dal 22 al 26 settembre","_links":{"self":[{"href":"https:\/\/imagazine.it\/home_desk\/wp-json\/wp\/v2\/posts\/40340","targetHints":{"allow":["GET"]}}],"collection":[{"href":"https:\/\/imagazine.it\/home_desk\/wp-json\/wp\/v2\/posts"}],"about":[{"href":"https:\/\/imagazine.it\/home_desk\/wp-json\/wp\/v2\/types\/post"}],"author":[{"embeddable":true,"href":"https:\/\/imagazine.it\/home_desk\/wp-json\/wp\/v2\/users\/28"}],"replies":[{"embeddable":true,"href":"https:\/\/imagazine.it\/home_desk\/wp-json\/wp\/v2\/comments?post=40340"}],"version-history":[{"count":0,"href":"https:\/\/imagazine.it\/home_desk\/wp-json\/wp\/v2\/posts\/40340\/revisions"}],"wp:featuredmedia":[{"embeddable":true,"href":"https:\/\/imagazine.it\/home_desk\/wp-json\/wp\/v2\/media\/40341"}],"wp:attachment":[{"href":"https:\/\/imagazine.it\/home_desk\/wp-json\/wp\/v2\/media?parent=40340"}],"wp:term":[{"taxonomy":"category","embeddable":true,"href":"https:\/\/imagazine.it\/home_desk\/wp-json\/wp\/v2\/categories?post=40340"},{"taxonomy":"post_tag","embeddable":true,"href":"https:\/\/imagazine.it\/home_desk\/wp-json\/wp\/v2\/tags?post=40340"}],"curies":[{"name":"wp","href":"https:\/\/api.w.org\/{rel}","templated":true}]}}