{"id":40336,"date":"2021-09-21T00:00:00","date_gmt":"2021-09-20T23:00:00","guid":{"rendered":"https:\/\/imagazine.it\/?p=40336"},"modified":"2021-09-21T00:00:00","modified_gmt":"2021-09-20T23:00:00","slug":"cosplay-a-gorizia-colori-e-divertimento","status":"publish","type":"post","link":"https:\/\/imagazine.it\/home_desk\/cosplay-a-gorizia-colori-e-divertimento\/","title":{"rendered":"Cosplay a Gorizia, colori e divertimento"},"content":{"rendered":"<p> \tSuccesso per la seconda edizione di &#8220;<strong><em>Let\u2019s Go! Cosplay&#038;Fun<\/em><\/strong>&#8221; organizzato a Gorizia dal Punto Giovani del Comune di Gorizia.<\/p>\n<p> \tDa subito si \u00e8 respirata aria di festa, il parco nel centro di Gorizia \u00e8 stato teatro di shooting fotografici incorniciati da graffiti realizzati durante l\u2019evento.<\/p>\n<p> \tLe bolle di sapone giganti davano la sensazione di essere in una favola tra i personaggi rappresentati dai cosplayer.<\/p>\n<p> \tI cosplayer sono persone che si travestono da personaggi di anime, cartoni animati, film, videogiochi e non solo: ci sono diverse varianti come lo steampunk, il fantasy e gli original.<\/p>\n<p> \tAlle 18 \u00e8 iniziata la gara cosplay condotta da <strong>Louis Guglielmero<\/strong> nei panni di Jack Sparrow. In giuria le assessore <strong>Marilena Bernobich<\/strong> e <strong>Chiara Ester Gatta<\/strong>, i cosplayer <strong>Lorenzo Caterina<\/strong> e <strong>Alessia Zilli<\/strong> (vincitrice dell&#39;edizione 2020) e la stilista <strong>Eleonora Valentino<\/strong>.<\/p>\n<p> \tMiglior cosplayer assoluto \u00e8 stato eletto Andrea con Vash; premio miglior personaggio maschile: Daniel con Tanjiro; miglior personaggio femminile: Vanessa con Rem; miglior coppia: Matteo ed Erik con Mandalorian e Boba Fett; premiato come miglior accessorio: Guglielmo con Joel; una menzione al piccolo Ivan con Loki.<\/p>\n<p> \tUn folto pubblico ha seguito tutte le esibizioni e la premiazione.<\/p>\n<p> \tIl gruppo Cosplay Senza Et\u00e0, presente all\u2019evento, d\u00e0 ora appuntamento alla prima settimana di ottobre per la diretta sulla pagina Facebook Cosplay Senza et\u00e0 dove annunceranno i vincitori della gara fotografica che si \u00e8 svolta durante l\u2019evento di Villa Elodia lo scorso agosto, a cui hanno partecipato numerosi fotografi di qualit\u00e0 e altrettanti cosplayer, anche da fuori regione. La data e l&#39;orario della diretta verr\u00e0 annunciata sui social a fine settembre.<\/p>\n","protected":false},"excerpt":{"rendered":"<p>Successo per l&#8217;evento ai Giardini pubblici<\/p>\n","protected":false},"author":22,"featured_media":40337,"comment_status":"closed","ping_status":"closed","sticky":false,"template":"","format":"standard","meta":{"dwc-title":[],"dwc-content":[],"footnotes":""},"categories":[37],"tags":[],"class_list":["post-40336","post","type-post","status-publish","format-standard","has-post-thumbnail","hentry","category-cultura-e-spettacolo"],"rttpg_featured_image_url":{"full":["https:\/\/imagazine.it\/wp-content\/uploads\/2024\/01\/43225-1.webp",1000,658,false],"landscape":["https:\/\/imagazine.it\/wp-content\/uploads\/2024\/01\/43225-1.webp",1000,658,false],"portraits":["https:\/\/imagazine.it\/wp-content\/uploads\/2024\/01\/43225-1.webp",1000,658,false],"thumbnail":["https:\/\/imagazine.it\/wp-content\/uploads\/2024\/01\/43225-1-150x150.webp",150,150,true],"medium":["https:\/\/imagazine.it\/wp-content\/uploads\/2024\/01\/43225-1-300x197.webp",300,197,true],"large":["https:\/\/imagazine.it\/wp-content\/uploads\/2024\/01\/43225-1.webp",640,421,false],"thumblist":["https:\/\/imagazine.it\/wp-content\/uploads\/2024\/01\/43225-1.webp",300,197,false],"thumbrelated":["https:\/\/imagazine.it\/wp-content\/uploads\/2024\/01\/43225-1.webp",500,329,false],"meccarouselthumb":["https:\/\/imagazine.it\/wp-content\/uploads\/2024\/01\/43225-1.webp",474,312,false],"gridsquare":["https:\/\/imagazine.it\/wp-content\/uploads\/2024\/01\/43225-1.webp",391,257,false],"tileview":["https:\/\/imagazine.it\/wp-content\/uploads\/2024\/01\/43225-1.webp",300,197,false],"1536x1536":["https:\/\/imagazine.it\/wp-content\/uploads\/2024\/01\/43225-1.webp",1000,658,false],"2048x2048":["https:\/\/imagazine.it\/wp-content\/uploads\/2024\/01\/43225-1.webp",1000,658,false],"newsup-slider-full":["https:\/\/imagazine.it\/wp-content\/uploads\/2024\/01\/43225-1.webp",1000,658,false],"newsup-featured":["https:\/\/imagazine.it\/wp-content\/uploads\/2024\/01\/43225-1.webp",1000,658,false],"newsup-medium":["https:\/\/imagazine.it\/wp-content\/uploads\/2024\/01\/43225-1-720x380.webp",720,380,true],"tptn_thumbnail":["https:\/\/imagazine.it\/wp-content\/uploads\/2024\/01\/43225-1.webp",250,165,false],"sow-carousel-default":["https:\/\/imagazine.it\/wp-content\/uploads\/2024\/01\/43225-1-272x182.webp",272,182,true]},"rttpg_author":{"display_name":"Livio Nonis","author_link":"https:\/\/imagazine.it\/home_desk\/author\/nonis\/"},"rttpg_comment":0,"rttpg_category":"<a href=\"https:\/\/imagazine.it\/home_desk\/category\/cultura-e-spettacolo\/\" rel=\"category tag\">CULTURA&amp;SPETTACOLO<\/a>","rttpg_excerpt":"Successo per l'evento ai Giardini pubblici","_links":{"self":[{"href":"https:\/\/imagazine.it\/home_desk\/wp-json\/wp\/v2\/posts\/40336","targetHints":{"allow":["GET"]}}],"collection":[{"href":"https:\/\/imagazine.it\/home_desk\/wp-json\/wp\/v2\/posts"}],"about":[{"href":"https:\/\/imagazine.it\/home_desk\/wp-json\/wp\/v2\/types\/post"}],"author":[{"embeddable":true,"href":"https:\/\/imagazine.it\/home_desk\/wp-json\/wp\/v2\/users\/22"}],"replies":[{"embeddable":true,"href":"https:\/\/imagazine.it\/home_desk\/wp-json\/wp\/v2\/comments?post=40336"}],"version-history":[{"count":0,"href":"https:\/\/imagazine.it\/home_desk\/wp-json\/wp\/v2\/posts\/40336\/revisions"}],"wp:featuredmedia":[{"embeddable":true,"href":"https:\/\/imagazine.it\/home_desk\/wp-json\/wp\/v2\/media\/40337"}],"wp:attachment":[{"href":"https:\/\/imagazine.it\/home_desk\/wp-json\/wp\/v2\/media?parent=40336"}],"wp:term":[{"taxonomy":"category","embeddable":true,"href":"https:\/\/imagazine.it\/home_desk\/wp-json\/wp\/v2\/categories?post=40336"},{"taxonomy":"post_tag","embeddable":true,"href":"https:\/\/imagazine.it\/home_desk\/wp-json\/wp\/v2\/tags?post=40336"}],"curies":[{"name":"wp","href":"https:\/\/api.w.org\/{rel}","templated":true}]}}