{"id":40326,"date":"2021-09-17T00:00:00","date_gmt":"2021-09-16T23:00:00","guid":{"rendered":"https:\/\/imagazine.it\/?p=40326"},"modified":"2021-09-17T00:00:00","modified_gmt":"2021-09-16T23:00:00","slug":"vado-in-prima-superiore-istruzioni-per-luso","status":"publish","type":"post","link":"https:\/\/imagazine.it\/home_desk\/vado-in-prima-superiore-istruzioni-per-luso\/","title":{"rendered":"Vado in prima superiore: istruzioni per l&#8217;uso"},"content":{"rendered":"<p> \tUn tema talvolta trascurato quello di come presentarsi dopo il triennio delle medie (ora secondarie di primo grado) alle scuole superiori.<\/p>\n<p> \tL\u2019inizio di un percorso di vita importante, in quanto la decisione su quale studio intraprendere per creare, poi, un percorso formativo diventer\u00e0 fondamentale nella vita. Non sempre, per\u00f2, l&#39;impatto con il mondo delle superiori \u00e8 positivo, a volte anzi \u00e8 traumatico con il rischio che rovini il percorso dello studente.<\/p>\n<p> \tPer ovviare a questi possibili problemi negativi la <strong>Parrocchia San Michele Arcangelo di Cervignano del Friuli<\/strong> ha organizzato una serie d&#39;incontri con i ragazzi e ragazze che hanno appena conseguito il diploma di scuola media inferiore, dal titolo \u201cVado in Prima Superiore \u2013 Come prepararsi all&#39;impatto senza farsi male\u201d.<\/p>\n<p> \tUna quindicina di ragazzi e ragazze hanno seguito una serie d&#39;incontri guidati dal parroco <strong>don Sinhue Marotta<\/strong> e dai professori <strong>Lucia Zaccaron<\/strong> e <strong>Martino Buchini<\/strong>. Gli argomenti sono stati variegati e hanno riguardato molti aspetti che affronteranno i nuovi alunni delle superiori: dalle attese della scuola, a come studiare, a come organizzarsi non solo per le lezioni anche nelle metodologie di studio, a come approcciarsi ai nuovi compagni di scuola che potrebbero diventare poi amici \u201cimportanti\u201d e come partecipare alla nuova vita scolastica da studenti ma anche da cristiani (i ragazzi sono tutti \u201cSoldati di Dio\u201d \u00e8 stato spiegato agli incontri).<\/p>\n<p> \tUna serie di argomenti impegnativi, dove i ragazzi hanno risposto vivacemente e con molta reattivit\u00e0, per nulla timorosi di affrontare la nuova esperienza.<\/p>\n<p> \tHanno inoltre partecipato a una giornata di riflessione con una passeggiata di 11 chilometri da Malborghetto &#8211; Valbruna fino al Monte Lussari, dove hanno partecipato alla messa presso il Santuario.<\/p>\n<p> \tBuona prima superiore a tutti.<\/p>\n","protected":false},"excerpt":{"rendered":"<p>Iniziativa della Parrocchia di Cervignano<\/p>\n","protected":false},"author":22,"featured_media":40327,"comment_status":"closed","ping_status":"closed","sticky":false,"template":"","format":"standard","meta":{"dwc-title":[],"dwc-content":[],"footnotes":""},"categories":[5],"tags":[],"class_list":["post-40326","post","type-post","status-publish","format-standard","has-post-thumbnail","hentry","category-attualita"],"rttpg_featured_image_url":{"full":["https:\/\/imagazine.it\/wp-content\/uploads\/2024\/01\/43212-1.webp",1567,881,false],"landscape":["https:\/\/imagazine.it\/wp-content\/uploads\/2024\/01\/43212-1.webp",1567,881,false],"portraits":["https:\/\/imagazine.it\/wp-content\/uploads\/2024\/01\/43212-1.webp",1567,881,false],"thumbnail":["https:\/\/imagazine.it\/wp-content\/uploads\/2024\/01\/43212-1-150x150.webp",150,150,true],"medium":["https:\/\/imagazine.it\/wp-content\/uploads\/2024\/01\/43212-1-300x169.webp",300,169,true],"large":["https:\/\/imagazine.it\/wp-content\/uploads\/2024\/01\/43212-1-1024x576.webp",640,360,true],"thumblist":["https:\/\/imagazine.it\/wp-content\/uploads\/2024\/01\/43212-1.webp",300,169,false],"thumbrelated":["https:\/\/imagazine.it\/wp-content\/uploads\/2024\/01\/43212-1.webp",500,281,false],"meccarouselthumb":["https:\/\/imagazine.it\/wp-content\/uploads\/2024\/01\/43212-1.webp",474,266,false],"gridsquare":["https:\/\/imagazine.it\/wp-content\/uploads\/2024\/01\/43212-1.webp",391,220,false],"tileview":["https:\/\/imagazine.it\/wp-content\/uploads\/2024\/01\/43212-1.webp",300,169,false],"1536x1536":["https:\/\/imagazine.it\/wp-content\/uploads\/2024\/01\/43212-1-1536x864.webp",1536,864,true],"2048x2048":["https:\/\/imagazine.it\/wp-content\/uploads\/2024\/01\/43212-1.webp",1567,881,false],"newsup-slider-full":["https:\/\/imagazine.it\/wp-content\/uploads\/2024\/01\/43212-1-1280x720.webp",1280,720,true],"newsup-featured":["https:\/\/imagazine.it\/wp-content\/uploads\/2024\/01\/43212-1-1024x576.webp",1024,576,true],"newsup-medium":["https:\/\/imagazine.it\/wp-content\/uploads\/2024\/01\/43212-1-720x380.webp",720,380,true],"tptn_thumbnail":["https:\/\/imagazine.it\/wp-content\/uploads\/2024\/01\/43212-1.webp",250,141,false],"sow-carousel-default":["https:\/\/imagazine.it\/wp-content\/uploads\/2024\/01\/43212-1-272x182.webp",272,182,true]},"rttpg_author":{"display_name":"Livio Nonis","author_link":"https:\/\/imagazine.it\/home_desk\/author\/nonis\/"},"rttpg_comment":0,"rttpg_category":"<a href=\"https:\/\/imagazine.it\/home_desk\/category\/attualita\/\" rel=\"category tag\">ATTUALIT\u00c0<\/a>","rttpg_excerpt":"Iniziativa della Parrocchia di Cervignano","_links":{"self":[{"href":"https:\/\/imagazine.it\/home_desk\/wp-json\/wp\/v2\/posts\/40326","targetHints":{"allow":["GET"]}}],"collection":[{"href":"https:\/\/imagazine.it\/home_desk\/wp-json\/wp\/v2\/posts"}],"about":[{"href":"https:\/\/imagazine.it\/home_desk\/wp-json\/wp\/v2\/types\/post"}],"author":[{"embeddable":true,"href":"https:\/\/imagazine.it\/home_desk\/wp-json\/wp\/v2\/users\/22"}],"replies":[{"embeddable":true,"href":"https:\/\/imagazine.it\/home_desk\/wp-json\/wp\/v2\/comments?post=40326"}],"version-history":[{"count":0,"href":"https:\/\/imagazine.it\/home_desk\/wp-json\/wp\/v2\/posts\/40326\/revisions"}],"wp:featuredmedia":[{"embeddable":true,"href":"https:\/\/imagazine.it\/home_desk\/wp-json\/wp\/v2\/media\/40327"}],"wp:attachment":[{"href":"https:\/\/imagazine.it\/home_desk\/wp-json\/wp\/v2\/media?parent=40326"}],"wp:term":[{"taxonomy":"category","embeddable":true,"href":"https:\/\/imagazine.it\/home_desk\/wp-json\/wp\/v2\/categories?post=40326"},{"taxonomy":"post_tag","embeddable":true,"href":"https:\/\/imagazine.it\/home_desk\/wp-json\/wp\/v2\/tags?post=40326"}],"curies":[{"name":"wp","href":"https:\/\/api.w.org\/{rel}","templated":true}]}}