{"id":40303,"date":"2021-09-16T00:00:00","date_gmt":"2021-09-15T23:00:00","guid":{"rendered":"https:\/\/imagazine.it\/?p=40303"},"modified":"2021-09-16T00:00:00","modified_gmt":"2021-09-15T23:00:00","slug":"il-futuro-degli-alberi-e-del-pianeta-in-scena-a-buttrio","status":"publish","type":"post","link":"https:\/\/imagazine.it\/home_desk\/il-futuro-degli-alberi-e-del-pianeta-in-scena-a-buttrio\/","title":{"rendered":"Il futuro degli alberi e del pianeta in scena a Buttrio"},"content":{"rendered":"<p> \tCultura, arte, divulgazione scientifica e sostenibilit\u00e0 sono al centro del <strong>TreeArt Festival<\/strong>, di scena con la sua seconda edizione a <strong>Buttrio<\/strong>, nella cornice della <strong>dimora e del parco botanico di Villa di Toppo Florio<\/strong>, tra il <strong>23 e il 26 settembre<\/strong>.<\/p>\n<p> \tL\u2019evento organizzato dal<strong> Comune di Buttrio<\/strong> \u2013 con i partner <strong>Giant Trees Foundation,<\/strong> per le iniziative scientifiche e <strong>Opificio330<\/strong> per l\u2019ideazione delle iniziative artistico-culturali e l\u2019organizzazione del festival, con il contributo della <strong>Regione Autonoma Friuli Venezia Giulia<\/strong> \u2013 \u00e8 stato presentato oggi nella sede della Regione FVG dal sindaco di Buttrio<strong> Eliano Bassi<\/strong>, dall\u2019assessore alla cultura <strong>Patrizia Minen<\/strong>, dalla<strong> soprintendente<\/strong> per l&#39;archeologia, le Belle Arti e il Paesaggio FVG <strong>Simonetta Bonomi<\/strong> \u2013 madrina del festival \u2013 i partner della manifestazione, <strong>Giant Trees Foundation <\/strong>per la parte scientifica, con il suo Direttore Scientifico <strong>Andrea Maro\u00e8, <\/strong>anche Responsabile tecnico \u2018Alberi Monumentali\u2019 della Regione FVG, e l\u2019<strong>Associazione<\/strong> <strong>Opificio330<\/strong> che cura tutta la parte artistica, con <strong>Donatella Nonino.<\/strong><\/p>\n<p> \tLa kermesse mette in dialogo <strong>artisti, scienziati e divulgatori<\/strong><strong> per celebrare una visione della natura come strumento generativo di incontro e di relazione<\/strong><strong>, <\/strong>con una proposta di <strong>dibattiti, incontri e performance<\/strong>.<\/p>\n<p> \t<strong>TreeArt Festival<\/strong> <strong>2021<\/strong> fa dell\u2019<strong>albero<\/strong>, del suo ciclo vitale, della sua metamorfosi e utilizzo dopo la morte, ideale metafora di un sistema di vita sostenibile e partecipato.<\/p>\n<p> \tNumerose le iniziative scientifico-divulgative e artistiche, a partire da una mostra personale dello scultore francese <strong>Christian Lapie<\/strong> (ideata da Amerita Moretti e Donatella Nonino di Opificio330), che vanta installazioni delle sue opere monumentali in diverse parti del mondo. Alle 18.30 di <strong>gioved\u00ec 23 settembre,<\/strong> il <strong>Parco di Villa di Toppo Florio<\/strong> ospiter\u00e0 l\u2019inaugurazione del festival seguito da due momenti dedicati all\u2019artista francese: la scopertura della sua installazione permanente nel parco &#8211; in assoluto <strong>la prima mai posizionata in Italia<\/strong> &#8211; e <strong>l\u2019inaugurazione della mostra<\/strong> dei suoi lavori, 21 in tutto, tra opere lignee, pittoriche e in bronzo<strong>, <\/strong>che rester\u00e0 <strong>visitabile fino al 24 ottobre<\/strong>.<\/p>\n<p> \tNel parco tronegger\u00e0 l\u2019opera permanente<strong> <em>\u201c<\/em><\/strong><strong><em>Les secrets en \u00e9quilibre\u201d<\/em><\/strong><em>,<\/em> installazione di <strong>oltre sei metri di altezza<\/strong> per <strong>2,5 tonnellate<\/strong> di peso, che contribuir\u00e0 alla creazione a Buttrio di un museo contemporaneo a cielo aperto.<\/p>\n<p> \tL\u2019installazione &#8211; come spiega lo stesso Lapie &#8211; \u00ab<strong>\u00e8 formata da due sculture dritte e protettrici, che chiamano a s\u00e9, hanno la forza dell\u2019attrazione, generano aggregazione<\/strong>\u00bb. L\u2019artista d\u2019oltralpe ha iniziato a lavorare il legno in grande formato nella foresta amazzonica proseguendo nel tempo la produzione di questa tipologia di opere che sono ormai divenute il <em>leit motiv<\/em> della sua creazione artistica recente. I suoi lavori mettono in discussione la nostra memoria individuale e collettiva. Sono installazioni di figure spettrali che nascono da luoghi scelti, intrisi di storia. La meravigliosa poesia delle sue creazioni nasce proprio dalla trasformazione dell\u2019albero, sposando perfettamente il tema portante del <strong>TreeArt Festival<\/strong>. Lapie rigenera l\u2019albero, lo scolpisce, talvolta carbonizza i tronchi imponenti fino a renderli personaggi epici e magnetici. Sono delle forme antiche, primordiali, dinamiche e potenti che animano le memorie di ognuno di noi.<\/p>\n<p> \tA permeare le proposte del festival anche un <strong>filo rosso di riferimenti al Sommo Poeta<\/strong>, in particolare alla sua opera maggiore, la Divina Commedia. Saranno <strong>tre i relatori scientifici<\/strong> di fama internazionale ospiti quest\u2019anno a Buttrio, e tutti partiranno da tre provocazioni \u201cdantesche\u201d per le loro osservazioni e riflessioni scientifiche.<\/p>\n<p> \tPrimo ospite, <strong>v<\/strong><strong>enerd\u00ec 24 settembre<\/strong> alle 17.30, il <strong>botanico<\/strong> e <strong>neurobiologo vegetale<\/strong> <strong>Stefano Mancuso<\/strong><strong>\u00a0 che analizza <\/strong>i rapporti ancora sconosciuti fra le piante &#8211; area che la scienza non \u00e8 ancora riuscita a spiegare con chiarezza<strong> &#8211; protagonista dell\u2019incontro<\/strong><strong> &#8220;Ci ritrovammo in una selva oscura\u201d: <\/strong>partendo dalle considerazioni e dalla lettura della Divina Commedia il divulgatore di fama mondiale, in dialogo con Andrea Maro\u00e8, racconter\u00e0 al pubblico del festival e sue valutazioni sulle sorti del pianeta.<\/p>\n<p> \t<strong>Sabato 25 settembre<\/strong>, sempre alle 17.30, l\u2019incontro con uno dei massimi esperti di clima, il meteorologo e climatologo <strong>Luca Mercalli <\/strong><strong>protagonista dell\u2019appuntamento <\/strong><strong>&#8220;L&#39;Inferno (climatico)\u201d<\/strong> nel quale tratter\u00e0 i cambiamenti climatici e le conseguenze devastanti per il pianeta e la sua stessa sopravvivenza in dialogo con il giornalista ed esperto di meteorologia e climatologia <strong>Marco Virgilio<\/strong>.<\/p>\n<p> \t<strong>Domenica 26 settembre<\/strong>, infine, l\u2019incontro dal titolo <strong>&#8220;E quindi uscimmo a riveder le stelle\u201d <\/strong><strong>con<\/strong><strong> Ferdinando Patat<\/strong>, astrofisico e Direttore Ufficio Programmi Osservazione dell\u2019ESO (Organizzazione Europea per la Ricerca Astronomica) che attualmente dirige la realizzazione del pi\u00f9 grande osservatorio astronomico mondiale in Cile. Partendo dalle considerazioni e dalla lettura della Divina Commedia l&#39;astrofisico racconter\u00e0 al pubblico del festival cosa hanno a che fare le lontane stelle con le nostre foreste in dialogo con lo scrittore e arboricoltore <strong>Pietro Maro\u00e8<\/strong>.<\/p>\n<p> \tTra gli eventi di punta del festival, anche il convegno internazionale <strong>\u201cL&#39;albero dopo<\/strong>\u201d (in programma venerd\u00ec 24 settembre) sulle possibili innovazioni nella filiera del legno e sul suo sviluppo ecosostenibile. Attesa la partecipazione di <strong>relatori e tecnici internazionali di chiara fama<\/strong> a confrontarsi in merito alle problematiche legate al cambiamento climatico e la salvaguardia delle foreste, tema inserito in tutte le agende internazionali (informazioni e pre-iscrizioni al convegno sul sito <u><a href=\"http:\/\/www.gianttrees.org\" target=\"_blank\" rel=\"noopener\"><span style=\"color:#0000ff;\">www.gianttrees.org<\/span><\/a><\/u>).<\/p>\n<p> \tNelle giornate di <strong>sabato 25 e domenica 26 settembre<\/strong> il festival proporr\u00e0 ulteriori appuntamenti legati al <strong>tema dell\u2019albero<\/strong>, alcuni anche per il pubblico dei pi\u00f9 piccoli, tra incontri, laboratori ed escursioni, ancora a cura di Opificio330. Sempre nella giornata di sabato spazio anche ad attivit\u00e0 di <strong>Treeclimber, <\/strong>alla scoperta dei \u201cgiganti della terra\u201d, entrando in contatto profondo con uno di essi, il <strong>Cedro<\/strong> <strong>di Villa di Toppo Florio<\/strong>. Domenica, ad avvio di giornata, in programma l\u2019incontro a cura dell\u2019Associazione Gli Stelliniani \u201c&#8230; <strong>E colsi un ramicel da un gran pruno&#8221;<\/strong>, protagonista il regista, critico teatrale e docente di Storia del teatro alla Civica Accademia d\u2019Arte Drammatica Nico Pepe di Udine <strong>Gianni Cianchi<\/strong>. In tutte le serate del festival spazio alle <strong>proposte <\/strong><strong>enogastronomiche<\/strong>, con i grandi vini del territorio e le <strong>creazioni culinarie vegetariane<\/strong> della chef <strong>Alessia Beltrame<\/strong> di \u201cL\u2019Orto Pronto\u201d.<\/p>\n<p> \t<strong>TreeArt Festival<\/strong> abbraccia e sostiene l&#39;importanza della <strong>tutela e della salvaguardia degli alberi<\/strong> anche attraverso la <strong>promozione e l\u2019organizzazione per l\u2019Italia<\/strong> &#8211; in collaborazione con la Direzione Centrale delle Foreste Ministero delle Politiche Agricole Alimentari e Forestali &#8211;\u00a0 del contest \u201c<strong>TREE OF THE YEAR<\/strong>&#8220;, una vera caccia agli alberi pi\u00f9 belli, pi\u00f9 popolari e pi\u00f9 alti d\u2019Italia, il cui vincitore partecipa al Concorso internazionale \u201c<strong>European Tree of the Year<\/strong>\u201d. Il contest italiano del 2020 si \u00e8 concluso il 21 novembre scorso con la scelta del <strong>Platano millenario di Curinga<\/strong>. \u00c8 attualmente in corso il contest italiano 2021 e <strong>durante il TreeArt Festival verr\u00e0 data comunicazione dei 4 alberi selezionati per la finale<\/strong>.<\/p>\n<p> \tArtTree Festival proseguir\u00e0 con una serie di appuntamenti pubblici anche nel mese di <strong>ottobre<\/strong>, per concludersi <strong>il 20 novembre prossimo<\/strong> proprio con la premiazione dell\u2019Albero dell\u2019anno, l\u2019albero pi\u00f9 amato dagli italiani.<\/p>\n<p> \tTutta la manifestazione \u00e8 ad ingresso libero su prenotazione. Per partecipare scrivere a: <strong><a href=\"mailto:eventibuttrio@gmail.com\">eventibuttrio@gmail.com<\/a><\/strong><\/p>\n","protected":false},"excerpt":{"rendered":"<p>Presentato il TreeArt Festival<\/p>\n","protected":false},"author":28,"featured_media":40304,"comment_status":"closed","ping_status":"closed","sticky":false,"template":"","format":"standard","meta":{"dwc-title":[],"dwc-content":[],"footnotes":""},"categories":[6],"tags":[],"class_list":["post-40303","post","type-post","status-publish","format-standard","has-post-thumbnail","hentry","category-societa"],"rttpg_featured_image_url":{"full":["https:\/\/imagazine.it\/wp-content\/uploads\/2024\/01\/43144-1.webp",1600,1067,false],"landscape":["https:\/\/imagazine.it\/wp-content\/uploads\/2024\/01\/43144-1.webp",1600,1067,false],"portraits":["https:\/\/imagazine.it\/wp-content\/uploads\/2024\/01\/43144-1.webp",1600,1067,false],"thumbnail":["https:\/\/imagazine.it\/wp-content\/uploads\/2024\/01\/43144-1-150x150.webp",150,150,true],"medium":["https:\/\/imagazine.it\/wp-content\/uploads\/2024\/01\/43144-1-300x200.webp",300,200,true],"large":["https:\/\/imagazine.it\/wp-content\/uploads\/2024\/01\/43144-1-1024x683.webp",640,427,true],"thumblist":["https:\/\/imagazine.it\/wp-content\/uploads\/2024\/01\/43144-1.webp",300,200,false],"thumbrelated":["https:\/\/imagazine.it\/wp-content\/uploads\/2024\/01\/43144-1.webp",500,333,false],"meccarouselthumb":["https:\/\/imagazine.it\/wp-content\/uploads\/2024\/01\/43144-1.webp",474,316,false],"gridsquare":["https:\/\/imagazine.it\/wp-content\/uploads\/2024\/01\/43144-1.webp",391,260,false],"tileview":["https:\/\/imagazine.it\/wp-content\/uploads\/2024\/01\/43144-1.webp",300,200,false],"1536x1536":["https:\/\/imagazine.it\/wp-content\/uploads\/2024\/01\/43144-1-1536x1024.webp",1536,1024,true],"2048x2048":["https:\/\/imagazine.it\/wp-content\/uploads\/2024\/01\/43144-1.webp",1600,1067,false],"newsup-slider-full":["https:\/\/imagazine.it\/wp-content\/uploads\/2024\/01\/43144-1-1280x720.webp",1280,720,true],"newsup-featured":["https:\/\/imagazine.it\/wp-content\/uploads\/2024\/01\/43144-1-1024x683.webp",1024,683,true],"newsup-medium":["https:\/\/imagazine.it\/wp-content\/uploads\/2024\/01\/43144-1-720x380.webp",720,380,true],"tptn_thumbnail":["https:\/\/imagazine.it\/wp-content\/uploads\/2024\/01\/43144-1.webp",250,167,false],"sow-carousel-default":["https:\/\/imagazine.it\/wp-content\/uploads\/2024\/01\/43144-1-272x182.webp",272,182,true]},"rttpg_author":{"display_name":"redazione","author_link":"https:\/\/imagazine.it\/home_desk\/author\/redazione\/"},"rttpg_comment":0,"rttpg_category":"<a href=\"https:\/\/imagazine.it\/home_desk\/category\/societa\/\" rel=\"category tag\">SOCIET\u00c0<\/a>","rttpg_excerpt":"Presentato il TreeArt Festival","_links":{"self":[{"href":"https:\/\/imagazine.it\/home_desk\/wp-json\/wp\/v2\/posts\/40303","targetHints":{"allow":["GET"]}}],"collection":[{"href":"https:\/\/imagazine.it\/home_desk\/wp-json\/wp\/v2\/posts"}],"about":[{"href":"https:\/\/imagazine.it\/home_desk\/wp-json\/wp\/v2\/types\/post"}],"author":[{"embeddable":true,"href":"https:\/\/imagazine.it\/home_desk\/wp-json\/wp\/v2\/users\/28"}],"replies":[{"embeddable":true,"href":"https:\/\/imagazine.it\/home_desk\/wp-json\/wp\/v2\/comments?post=40303"}],"version-history":[{"count":0,"href":"https:\/\/imagazine.it\/home_desk\/wp-json\/wp\/v2\/posts\/40303\/revisions"}],"wp:featuredmedia":[{"embeddable":true,"href":"https:\/\/imagazine.it\/home_desk\/wp-json\/wp\/v2\/media\/40304"}],"wp:attachment":[{"href":"https:\/\/imagazine.it\/home_desk\/wp-json\/wp\/v2\/media?parent=40303"}],"wp:term":[{"taxonomy":"category","embeddable":true,"href":"https:\/\/imagazine.it\/home_desk\/wp-json\/wp\/v2\/categories?post=40303"},{"taxonomy":"post_tag","embeddable":true,"href":"https:\/\/imagazine.it\/home_desk\/wp-json\/wp\/v2\/tags?post=40303"}],"curies":[{"name":"wp","href":"https:\/\/api.w.org\/{rel}","templated":true}]}}