{"id":40289,"date":"2021-09-15T00:00:00","date_gmt":"2021-09-14T23:00:00","guid":{"rendered":"https:\/\/imagazine.it\/?p=40289"},"modified":"2021-09-15T00:00:00","modified_gmt":"2021-09-14T23:00:00","slug":"aci-fvg-daniele-castagnaviz-e-il-nuovo-portavoce","status":"publish","type":"post","link":"https:\/\/imagazine.it\/home_desk\/aci-fvg-daniele-castagnaviz-e-il-nuovo-portavoce\/","title":{"rendered":"Aci Fvg, Daniele Castagnaviz \u00e8 il nuovo portavoce"},"content":{"rendered":"<p> \tIl coordinamento regionale dell\u2019Alleanza delle Cooperative Italiane (Aci), costituita dalle tre storiche centrali cooperative Confcooperative, Legacoop, Agci, si \u00e8 riunito a <strong>Trieste<\/strong> per la sua Assemblea che ha eletto <strong>Daniele Castagnaviz<\/strong> \u2013 dal 2020 presidente di Confcooperative Fvg \u2013 quale nuovo portavoce regionale unitario dell\u2019Aci.<\/p>\n<p> \tCastagnaviz riceve il testimone da <strong>Livio Nanino<\/strong>, presidente di Legacoop Fvg, che ha aperto l\u2019Assemblea svoltasi alla presenza pure del presidente di Agci, <strong>Adino Cisilino<\/strong>, e del presidente della Regione, <strong>Massimiliano Fedriga<\/strong>, che ha fatto gli auguri al neo presidente \u00abper questo importante incarico nella certezza che verr\u00e0 rafforzata la collaborazione con la Regione per la quale la cooperazione rappresenta un grande valore aggiunto per tutto il territorio\u00bb.<\/p>\n<p> \tNanino, nella sua introduzione, ha ricordato che \u00abIn Aci ci accomunano i valori della cooperazione, mentre le diverse esperienze sono ricchezze da condividere. \u00c8 una scelta strategica, consapevoli delle resistenze che accompagnano inevitabilmente ogni cambiamento, ma convinti che nella concretezza del lavoro che contraddistingue le nostre associate prima ancora delle Associazioni, troveremo facilmente gli interessi che ci faranno andare avanti. Alla Regione ricordiamo che tra i temi che accendono il dibattito c\u2019\u00e8 quello sugli appalti pubblici, in particolare nei servizi ad alta intensit\u00e0 di manodopera, che riguarda il riconoscimento da parte delle stazioni appaltanti dell\u2019adeguamento dei corrispettivi in presenza di rinnovi dei Ccnl. Sulla questione, come spesso accade, si spendono solo dichiarazioni di principio. Di fatto appare curioso che la stazione appaltante pretenda, da una parte, che il numero degli occupati sia stabile e corrispondente a quanto dichiarato in gara, mentre dall\u2019altra non riconosce la possibilit\u00e0 che si possa correttamente incrementare la loro retribuzione, come per ogni altro lavoratore di questo Paese. Il risultato \u00e8, ancora una volta, favorire i furbi o meglio gli spregiudicati, che finiranno per far ricadere sui lavoratori e sulla qualit\u00e0 del servizio il costo della competitivit\u00e0. Basti pensare al caso mense scolastiche esploso a Udine, dove a intervenire per togliere le castagne dal fuoco all\u2019Amministrazione \u00e8 stata una cooperativa. Il fenomeno nell\u2019insieme sta assumendo sempre pi\u00f9 dimensioni preoccupanti, a discapito di quelle imprese che intendono competere senza compromessi sulla legalit\u00e0. \u00c8 evidente che Aci \u00e8 parte attiva nel contrasto all\u2019illegalit\u00e0, qualsiasi forma essa assuma. Lo \u00e8 a livello nazionale, a partire dalla raccolta di oltre 100.000 firme per promuovere una legge di contrasto; lo \u00e8 sul piano regionale, con l\u2019attivit\u00e0 di vigilanza la cui efficacia \u00e8 testimoniata dai numeri\u00bb.<\/p>\n<p> \tCastagnaviz guider\u00e0 per un anno il coordinamento, nato per dare rappresentanza unitaria alle tre principali organizzazioni cooperativistiche che, in Friuli Venezia Giulia, associano 752 imprese con 324 mila soci e 33 mila addetti. Il valore della produzione complessivo \u00e8 di 2,3 miliardi di euro.<\/p>\n<p> \t\u00abAssumo la guida dell\u2019Aci regionale in continuit\u00e0 con chi mi ha preceduto \u2013 \u00e8 stato il commento di Castagnaviz a margine dell\u2019assemblea \u2013. La collaborazione fra le nostre Associazioni \u00e8 un esempio virtuoso di \u201cfare squadra\u201d. La priorit\u00e0? L\u2019approvazione della legge sulle cooperative di comunit\u00e0, che vorremmo arrivasse entro la fine di questa legislatura regionale, e l\u2019istituzione di un vero \u201cAssessorato alla cooperazione\u201d per gli aspetti pi\u00f9 specifici delle nostre imprese. Dovrebbe essere ormai evidente l\u2019importante ruolo che l\u2019economia cooperativa pu\u00f2 dare in chiave di sostenibilit\u00e0 economica e sociale\u00bb.<\/p>\n<p> \tNella cooperazione regionale, diffusa in tutti i settori produttivi, fondamentale il ruolo del Credito Cooperativo (le 9 BCC, afferenti ai due gruppi Iccrea e Cassa Centrale Banca, annoverano pi\u00f9 di 75 mila soci) e della cooperazione di consumo (650 milioni di fatturato con oltre 200 mila soci). Importante anche il ruolo della cooperazione agroalimentare e della pesca (617 milioni di euro, con oltre 13 mila soci agricoltori e pescatori associati alle 170 cooperative del comparto), del settore produzione, lavoro e servizi (613 milioni per 215 cooperative) e della cooperazione sociale la quale, con 202 cooperative, impiega ben 12.864 addetti. Crescente, infine, il ruolo del settore cultura-turismo (oggi 91 cooperative per 40 milioni di valore della produzione) e del settore sanit\u00e0 e mutue.<\/p>\n","protected":false},"excerpt":{"rendered":"<p>Nominato dal Coordinamento regionale<\/p>\n","protected":false},"author":28,"featured_media":40290,"comment_status":"closed","ping_status":"closed","sticky":false,"template":"","format":"standard","meta":{"dwc-title":[],"dwc-content":[],"footnotes":""},"categories":[5],"tags":[],"class_list":["post-40289","post","type-post","status-publish","format-standard","has-post-thumbnail","hentry","category-attualita"],"rttpg_featured_image_url":{"full":["https:\/\/imagazine.it\/wp-content\/uploads\/2024\/01\/43118-1.webp",1000,778,false],"landscape":["https:\/\/imagazine.it\/wp-content\/uploads\/2024\/01\/43118-1.webp",1000,778,false],"portraits":["https:\/\/imagazine.it\/wp-content\/uploads\/2024\/01\/43118-1.webp",1000,778,false],"thumbnail":["https:\/\/imagazine.it\/wp-content\/uploads\/2024\/01\/43118-1-150x150.webp",150,150,true],"medium":["https:\/\/imagazine.it\/wp-content\/uploads\/2024\/01\/43118-1-300x233.webp",300,233,true],"large":["https:\/\/imagazine.it\/wp-content\/uploads\/2024\/01\/43118-1.webp",640,498,false],"thumblist":["https:\/\/imagazine.it\/wp-content\/uploads\/2024\/01\/43118-1.webp",300,233,false],"thumbrelated":["https:\/\/imagazine.it\/wp-content\/uploads\/2024\/01\/43118-1.webp",500,389,false],"meccarouselthumb":["https:\/\/imagazine.it\/wp-content\/uploads\/2024\/01\/43118-1.webp",416,324,false],"gridsquare":["https:\/\/imagazine.it\/wp-content\/uploads\/2024\/01\/43118-1.webp",334,260,false],"tileview":["https:\/\/imagazine.it\/wp-content\/uploads\/2024\/01\/43118-1.webp",300,233,false],"1536x1536":["https:\/\/imagazine.it\/wp-content\/uploads\/2024\/01\/43118-1.webp",1000,778,false],"2048x2048":["https:\/\/imagazine.it\/wp-content\/uploads\/2024\/01\/43118-1.webp",1000,778,false],"newsup-slider-full":["https:\/\/imagazine.it\/wp-content\/uploads\/2024\/01\/43118-1-1000x720.webp",1000,720,true],"newsup-featured":["https:\/\/imagazine.it\/wp-content\/uploads\/2024\/01\/43118-1.webp",1000,778,false],"newsup-medium":["https:\/\/imagazine.it\/wp-content\/uploads\/2024\/01\/43118-1-720x380.webp",720,380,true],"tptn_thumbnail":["https:\/\/imagazine.it\/wp-content\/uploads\/2024\/01\/43118-1.webp",250,195,false],"sow-carousel-default":["https:\/\/imagazine.it\/wp-content\/uploads\/2024\/01\/43118-1-272x182.webp",272,182,true]},"rttpg_author":{"display_name":"redazione","author_link":"https:\/\/imagazine.it\/home_desk\/author\/redazione\/"},"rttpg_comment":0,"rttpg_category":"<a href=\"https:\/\/imagazine.it\/home_desk\/category\/attualita\/\" rel=\"category tag\">ATTUALIT\u00c0<\/a>","rttpg_excerpt":"Nominato dal Coordinamento regionale","_links":{"self":[{"href":"https:\/\/imagazine.it\/home_desk\/wp-json\/wp\/v2\/posts\/40289","targetHints":{"allow":["GET"]}}],"collection":[{"href":"https:\/\/imagazine.it\/home_desk\/wp-json\/wp\/v2\/posts"}],"about":[{"href":"https:\/\/imagazine.it\/home_desk\/wp-json\/wp\/v2\/types\/post"}],"author":[{"embeddable":true,"href":"https:\/\/imagazine.it\/home_desk\/wp-json\/wp\/v2\/users\/28"}],"replies":[{"embeddable":true,"href":"https:\/\/imagazine.it\/home_desk\/wp-json\/wp\/v2\/comments?post=40289"}],"version-history":[{"count":0,"href":"https:\/\/imagazine.it\/home_desk\/wp-json\/wp\/v2\/posts\/40289\/revisions"}],"wp:featuredmedia":[{"embeddable":true,"href":"https:\/\/imagazine.it\/home_desk\/wp-json\/wp\/v2\/media\/40290"}],"wp:attachment":[{"href":"https:\/\/imagazine.it\/home_desk\/wp-json\/wp\/v2\/media?parent=40289"}],"wp:term":[{"taxonomy":"category","embeddable":true,"href":"https:\/\/imagazine.it\/home_desk\/wp-json\/wp\/v2\/categories?post=40289"},{"taxonomy":"post_tag","embeddable":true,"href":"https:\/\/imagazine.it\/home_desk\/wp-json\/wp\/v2\/tags?post=40289"}],"curies":[{"name":"wp","href":"https:\/\/api.w.org\/{rel}","templated":true}]}}