{"id":40269,"date":"2021-09-14T00:00:00","date_gmt":"2021-09-13T23:00:00","guid":{"rendered":"https:\/\/imagazine.it\/?p=40269"},"modified":"2021-09-14T00:00:00","modified_gmt":"2021-09-13T23:00:00","slug":"udine-luniversita-riparte-in-presenza","status":"publish","type":"post","link":"https:\/\/imagazine.it\/home_desk\/udine-luniversita-riparte-in-presenza\/","title":{"rendered":"Udine, l&#8217;universit\u00e0 riparte in presenza"},"content":{"rendered":"<p> \t\u00abL\u2019avvio delle lezioni \u00e8 quest\u2019anno ancor pi\u00f9 emozionante. Si tratta di un traguardo importante che segna il recupero del valore delle relazioni, del confronto e del dialogo tra tutte le componenti della comunit\u00e0 accademica. Lezioni, esami e lauree saranno in presenza, nel rispetto delle regole di sicurezza. Registrazioni, materiale didattico online e servizi di supporto alla didattica saranno ulteriormente potenziati per tutelare gli studenti che non potranno essere presenti in aula\u00bb.<\/p>\n<p> \tQuesto il messaggio che oggi il rettore dell\u2019Universit\u00e0 di Udine, <strong>Roberto Pinton<\/strong>, ha voluto indirizzare <strong>a tutti gli studenti dell\u2019Ateneo friulano<\/strong>, accogliendo personalmente in maniera simbolica gli studenti dei corsi di Giurisprudenza e Diritto per le imprese e le istituzioni, presso il polo economico-giuridico.<\/p>\n<p> \tLe attivit\u00e0 didattiche quest\u2019anno potranno essere programmate in presenza, in seguito al decreto-legge 111\/21, che introduce l\u2019obbligo della Certificazione verde (<em>Green Pass<\/em>) per l\u2019accesso alle sedi universitarie.<\/p>\n<p> \t\u00abLa didattica frontale, opportunamente integrata e supportata anche da contenuti e servizi offerti in remoto \u2013 ha ricordato il rettore \u2013, consentir\u00e0 di migliorare ulteriormente i processi di apprendimento e favorir\u00e0 lo sviluppo di vere e proprie comunit\u00e0 di pratica, in cui si possano condividere competenze disciplinari e professionali specifiche. Inoltre, la ripresa delle attivit\u00e0 in presenza potr\u00e0 ridurre le situazioni di malessere socio-emotivo, che si sono verificate durante la fase pi\u00f9 critica dell\u2019emergenza sanitaria\u00bb.<\/p>\n<p> \t<strong>Registrazioni, materiale didattico e tutorato.<\/strong> Il ritorno alle lezioni in presenza \u00e8 un passaggio complesso, anche a causa dell\u2019emergenza in atto. Per questo motivo l\u2019Universit\u00e0 di Udine offrir\u00e0 agli studenti anche le registrazioni delle lezioni, rese disponibili nei gruppi Teams dedicati ai singoli insegnamenti.<\/p>\n<p> \tLe registrazioni vanno considerate uno strumento integrativo e non sostitutivo della didattica in presenza, fatte salve ovviamente le esigenze peculiari di studentesse e studenti con certificazioni ex L.104\/92 e 170\/2010 e ferme restando le modalit\u00e0 di erogazione dei corsi gi\u00e0 offerti in modalit\u00e0 <em>blended<\/em>.<\/p>\n<p> \tA integrazione delle registrazioni, i docenti potranno rendere disponibili materiali didattici di supporto e favoriranno l\u2019approfondimento didattico e l\u2019interazione con gli studenti attraverso il ricevimento periodico \u2013 individuale e di gruppo \u2013 on line. Verr\u00e0 inoltre potenziato il servizio di tutorato, dedicando specifica attenzione a coloro che non potranno frequentare le lezioni.<\/p>\n<p> \tPer avere a disposizione questi materiali e, nel caso in cui il quadro emergenziale dovesse aggravarsi, per essere pronti al passaggio alla didattica a distanza, \u00e8 necessario che tutti si iscrivano ai gruppi Teams attraverso l\u2019apposita sezione del sito web di Ateneo.<\/p>\n<p> \t<strong>Le attivit\u00e0 in presenza.<\/strong> Oltre al possesso della Certificazione verde, sar\u00e0 ancora necessaria la prenotazione del posto attraverso la app Easy Uniud (Android e iOS), l\u2019utilizzo della mascherina in tutti i luoghi chiusi e il rispetto delle regole previste dal protocollo di sicurezza.<\/p>\n<p> \tAnche gli esami di profitto e le sessioni di laurea dell\u2019anno accademico 2021\/22 si svolgeranno in presenza. La possibilit\u00e0 di sostenere gli esami a distanza verr\u00e0 garantita in ogni caso agli studenti in mobilit\u00e0 all\u2019estero autorizzata dall\u2019Ateneo e a quelli che per gravi e comprovate esigenze non potranno raggiungere le nostre sedi.<\/p>\n<p> \tPer le informazioni di dettaglio gli studenti sono invitati a consultare le pagine web dei rispettivi corsi di studio, il portale dedicato alla didattica accessibile dalla homepage di ateneo e le linee guida che verranno presto emanate. Con riferimento agli studenti UE, il <em>Green Pass &#8211; EU digital COVID certificate <\/em>rilasciato dai singoli stati ha validit\u00e0 anche in Italia, mentre gli studenti non UE devono dotarsi della documentazione per loro disponibile e provvedere ai tamponi e alle quarantene come richiesto dalle norme internazionali e italiane.<\/p>\n","protected":false},"excerpt":{"rendered":"<p>Il saluto del rettore agli studenti<\/p>\n","protected":false},"author":28,"featured_media":40270,"comment_status":"closed","ping_status":"closed","sticky":false,"template":"","format":"standard","meta":{"dwc-title":[],"dwc-content":[],"footnotes":""},"categories":[5],"tags":[],"class_list":["post-40269","post","type-post","status-publish","format-standard","has-post-thumbnail","hentry","category-attualita"],"rttpg_featured_image_url":{"full":["https:\/\/imagazine.it\/wp-content\/uploads\/2024\/01\/43079-1.webp",960,640,false],"landscape":["https:\/\/imagazine.it\/wp-content\/uploads\/2024\/01\/43079-1.webp",960,640,false],"portraits":["https:\/\/imagazine.it\/wp-content\/uploads\/2024\/01\/43079-1.webp",960,640,false],"thumbnail":["https:\/\/imagazine.it\/wp-content\/uploads\/2024\/01\/43079-1-150x150.webp",150,150,true],"medium":["https:\/\/imagazine.it\/wp-content\/uploads\/2024\/01\/43079-1-300x200.webp",300,200,true],"large":["https:\/\/imagazine.it\/wp-content\/uploads\/2024\/01\/43079-1.webp",640,427,false],"thumblist":["https:\/\/imagazine.it\/wp-content\/uploads\/2024\/01\/43079-1.webp",300,200,false],"thumbrelated":["https:\/\/imagazine.it\/wp-content\/uploads\/2024\/01\/43079-1.webp",500,333,false],"meccarouselthumb":["https:\/\/imagazine.it\/wp-content\/uploads\/2024\/01\/43079-1.webp",474,316,false],"gridsquare":["https:\/\/imagazine.it\/wp-content\/uploads\/2024\/01\/43079-1.webp",391,260,false],"tileview":["https:\/\/imagazine.it\/wp-content\/uploads\/2024\/01\/43079-1.webp",300,200,false],"1536x1536":["https:\/\/imagazine.it\/wp-content\/uploads\/2024\/01\/43079-1.webp",960,640,false],"2048x2048":["https:\/\/imagazine.it\/wp-content\/uploads\/2024\/01\/43079-1.webp",960,640,false],"newsup-slider-full":["https:\/\/imagazine.it\/wp-content\/uploads\/2024\/01\/43079-1.webp",960,640,false],"newsup-featured":["https:\/\/imagazine.it\/wp-content\/uploads\/2024\/01\/43079-1.webp",960,640,false],"newsup-medium":["https:\/\/imagazine.it\/wp-content\/uploads\/2024\/01\/43079-1-720x380.webp",720,380,true],"tptn_thumbnail":["https:\/\/imagazine.it\/wp-content\/uploads\/2024\/01\/43079-1.webp",250,167,false],"sow-carousel-default":["https:\/\/imagazine.it\/wp-content\/uploads\/2024\/01\/43079-1-272x182.webp",272,182,true]},"rttpg_author":{"display_name":"redazione","author_link":"https:\/\/imagazine.it\/home_desk\/author\/redazione\/"},"rttpg_comment":0,"rttpg_category":"<a href=\"https:\/\/imagazine.it\/home_desk\/category\/attualita\/\" rel=\"category tag\">ATTUALIT\u00c0<\/a>","rttpg_excerpt":"Il saluto del rettore agli studenti","_links":{"self":[{"href":"https:\/\/imagazine.it\/home_desk\/wp-json\/wp\/v2\/posts\/40269","targetHints":{"allow":["GET"]}}],"collection":[{"href":"https:\/\/imagazine.it\/home_desk\/wp-json\/wp\/v2\/posts"}],"about":[{"href":"https:\/\/imagazine.it\/home_desk\/wp-json\/wp\/v2\/types\/post"}],"author":[{"embeddable":true,"href":"https:\/\/imagazine.it\/home_desk\/wp-json\/wp\/v2\/users\/28"}],"replies":[{"embeddable":true,"href":"https:\/\/imagazine.it\/home_desk\/wp-json\/wp\/v2\/comments?post=40269"}],"version-history":[{"count":0,"href":"https:\/\/imagazine.it\/home_desk\/wp-json\/wp\/v2\/posts\/40269\/revisions"}],"wp:featuredmedia":[{"embeddable":true,"href":"https:\/\/imagazine.it\/home_desk\/wp-json\/wp\/v2\/media\/40270"}],"wp:attachment":[{"href":"https:\/\/imagazine.it\/home_desk\/wp-json\/wp\/v2\/media?parent=40269"}],"wp:term":[{"taxonomy":"category","embeddable":true,"href":"https:\/\/imagazine.it\/home_desk\/wp-json\/wp\/v2\/categories?post=40269"},{"taxonomy":"post_tag","embeddable":true,"href":"https:\/\/imagazine.it\/home_desk\/wp-json\/wp\/v2\/tags?post=40269"}],"curies":[{"name":"wp","href":"https:\/\/api.w.org\/{rel}","templated":true}]}}