{"id":40255,"date":"2021-09-11T00:00:00","date_gmt":"2021-09-10T23:00:00","guid":{"rendered":"https:\/\/imagazine.it\/?p=40255"},"modified":"2021-09-11T00:00:00","modified_gmt":"2021-09-10T23:00:00","slug":"a-monfalcone-rivive-il-mito-di-rex","status":"publish","type":"post","link":"https:\/\/imagazine.it\/home_desk\/a-monfalcone-rivive-il-mito-di-rex\/","title":{"rendered":"A Monfalcone rivive il mito di REX"},"content":{"rendered":"<p> \tIl libro \u00ab<em>REX, Il sogno azzurro \u2013 The blue riband<\/em>\u00bb, voluto da Fondazione Ansaldo, scritto da <strong>Flavio Testi<\/strong>, pubblicato e distribuito da Erga Edizioni, \u00e8 stato recentemente presentato al <strong>MuCa &#8211; Museo della Cantieristica di Monfalcone<\/strong>, da <strong>Michele Luise<\/strong>, vicesindaco del Comune di Monfalcone, e <strong>Lorenzo Fiori<\/strong> direttore di Fondazione Ansaldo.<\/p>\n<p> \t\u00c8 seguita una tavola rotonda moderata dallo storico navale e operatore museale per il MuCa <strong>Giulio Princic <\/strong>con la partecipazione dell\u2019autore del libro, della titolare P.O. Attivit\u00e0 Culturali del Comune di Monfalcone per il MuCa, Federica Ghirardo, del rappresentante dell\u2019Associazione Marinara Aldebaran, <strong>Corrado Cattonar<\/strong>, e dello storico navale, liutaio e collaboratore del Museo del Mare di Trieste <strong>Walter Macovaz<\/strong>.\u00a0<\/p>\n<p> \tLa Fondazione Ansaldo ha voluto questo libro per celebrare il mito del pi\u00f9 grande transatlantico mai costruito in Italia &#8211; 51.060 tonnellate di stazza lorda per una lunghezza di 268 metri, una larghezza di 30 metri e un\u2019altezza 37 metri, con 4 eliche e 4 motori capaci di una potenza di 140.000 cavalli -, varato il primo agosto 1931 nei Cantieri Navali Ansaldo di Sestri Ponente e affondato l\u20198 settembre 1944 dai razzi e siluri accanitamente lanciati dagli aerei della <em>Royal Air Force<\/em> nella solitudine e nel silenzio della baia di Capodistria, opposta geograficamente a quella dove era nato.<\/p>\n<p> \tIl suo affondamento \u00e8 stato l\u2019ultimo atto di una vita operativa eccezionale, seppur breve, suggellata nel 1933 con la vittoria del Nastro Azzurro, grazie ad una traversata tra Europa e America di 4 giorni, 13 ore e 58 minuti. Il <em>REX <\/em>percorse le 3.181 miglia che separano Gibilterra dal faro di Ambrose a una velocit\u00e0 media di 28,92 nodi, arrivando a destinazione con un giorno d\u2019anticipo, un record che detenne per due anni. Ed \u00e8 proprio a questa competizione che si riferisce il titolo del libro.<\/p>\n<p> \tUn mito fatto di tanti altri miti: a bordo del <em>REX<\/em> viaggiarono autentiche leggende quali il \u201cgigante buono\u201d Primo Carnera, l\u2019\u201curagano di Amsterdam\u201d Vittorio Tamagnini, Walt Disney, Clark Gable, Salvador Dal\u00ec, Ingrid Bergman, Gianni Agnelli, Arturo Toscanini, Eugenio Montale, Luigi Pirandello e moltissimi altri. Non solo personaggi celebri, ma sul <em>REX<\/em> attraversarono l\u2019Atlantico tra i 30.000 e i 50.000 ebrei che trovarono rifugio in America durante il periodo delle persecuzioni razziali.<\/p>\n<p> \tIl <em>REX <\/em>\u00e8 entrato nel mito anche per la leggendaria intercettazione del 12 maggio 1938 in pieno Atlantico, a 700 miglia da New York, effettuata da tre prototipi di bombardieri B17, le cosiddette \u201cFortezze volanti\u201d. Un tributo a questo evento avvenne nel 2007 con la replica dell\u2019intercettazione <em>REX Replay<\/em>.<\/p>\n<p> \tL\u2019assurdo accanimento nell\u2019affondarlo ha contribuito a consolidarne l\u2019aura di mito che ancora oggi vive nella memoria collettiva: la Zanussi volle il nome del transatlantico per i suoi elettrodomestici di alta gamma; nel 1963 la Peroni chiam\u00f2 Nastro Azzurro la sua la birra premium con l\u2019ambizione di farla diventare la birra italiana pi\u00f9 amata nel mondo. Dieci anni dopo, nel 1973, Fellini lo rese immortale omaggiandolo nel suo capolavoro <em>Amarcord<\/em>.<\/p>\n<p> \tTra le oltre 250 pagine del volume \u00e8 possibile leggere di come sia nato questo mito che da 90 anni \u00e8 sinonimo di orgoglio italiano e che, anche con i suoi interni eleganti e raffinati, \u00e8 stato simbolo itinerante del <em>made in Italy<\/em> nel mondo.<\/p>\n<p> \tIl volume bilingue (italiano e inglese) e con sovra-copertina poster, stampato e distribuito da Erga Edizioni, \u00e8 in vendita presso il circuito delle librerie su tutto il territorio nazionale al prezzo di 25 euro e presso le principali piattaforme on-line.<\/p>\n","protected":false},"excerpt":{"rendered":"<p>Presentazione al MuCa<\/p>\n","protected":false},"author":28,"featured_media":40256,"comment_status":"closed","ping_status":"closed","sticky":false,"template":"","format":"standard","meta":{"dwc-title":[],"dwc-content":[],"footnotes":""},"categories":[37],"tags":[],"class_list":["post-40255","post","type-post","status-publish","format-standard","has-post-thumbnail","hentry","category-cultura-e-spettacolo"],"rttpg_featured_image_url":{"full":["https:\/\/imagazine.it\/wp-content\/uploads\/2024\/01\/43060-1.webp",1084,782,false],"landscape":["https:\/\/imagazine.it\/wp-content\/uploads\/2024\/01\/43060-1.webp",1084,782,false],"portraits":["https:\/\/imagazine.it\/wp-content\/uploads\/2024\/01\/43060-1.webp",1084,782,false],"thumbnail":["https:\/\/imagazine.it\/wp-content\/uploads\/2024\/01\/43060-1-150x150.webp",150,150,true],"medium":["https:\/\/imagazine.it\/wp-content\/uploads\/2024\/01\/43060-1-300x216.webp",300,216,true],"large":["https:\/\/imagazine.it\/wp-content\/uploads\/2024\/01\/43060-1-1024x739.webp",640,462,true],"thumblist":["https:\/\/imagazine.it\/wp-content\/uploads\/2024\/01\/43060-1.webp",300,216,false],"thumbrelated":["https:\/\/imagazine.it\/wp-content\/uploads\/2024\/01\/43060-1.webp",500,361,false],"meccarouselthumb":["https:\/\/imagazine.it\/wp-content\/uploads\/2024\/01\/43060-1.webp",449,324,false],"gridsquare":["https:\/\/imagazine.it\/wp-content\/uploads\/2024\/01\/43060-1.webp",360,260,false],"tileview":["https:\/\/imagazine.it\/wp-content\/uploads\/2024\/01\/43060-1.webp",300,216,false],"1536x1536":["https:\/\/imagazine.it\/wp-content\/uploads\/2024\/01\/43060-1.webp",1084,782,false],"2048x2048":["https:\/\/imagazine.it\/wp-content\/uploads\/2024\/01\/43060-1.webp",1084,782,false],"newsup-slider-full":["https:\/\/imagazine.it\/wp-content\/uploads\/2024\/01\/43060-1-1084x720.webp",1084,720,true],"newsup-featured":["https:\/\/imagazine.it\/wp-content\/uploads\/2024\/01\/43060-1-1024x739.webp",1024,739,true],"newsup-medium":["https:\/\/imagazine.it\/wp-content\/uploads\/2024\/01\/43060-1-720x380.webp",720,380,true],"tptn_thumbnail":["https:\/\/imagazine.it\/wp-content\/uploads\/2024\/01\/43060-1.webp",250,180,false],"sow-carousel-default":["https:\/\/imagazine.it\/wp-content\/uploads\/2024\/01\/43060-1-272x182.webp",272,182,true]},"rttpg_author":{"display_name":"redazione","author_link":"https:\/\/imagazine.it\/home_desk\/author\/redazione\/"},"rttpg_comment":0,"rttpg_category":"<a href=\"https:\/\/imagazine.it\/home_desk\/category\/cultura-e-spettacolo\/\" rel=\"category tag\">CULTURA&amp;SPETTACOLO<\/a>","rttpg_excerpt":"Presentazione al MuCa","_links":{"self":[{"href":"https:\/\/imagazine.it\/home_desk\/wp-json\/wp\/v2\/posts\/40255","targetHints":{"allow":["GET"]}}],"collection":[{"href":"https:\/\/imagazine.it\/home_desk\/wp-json\/wp\/v2\/posts"}],"about":[{"href":"https:\/\/imagazine.it\/home_desk\/wp-json\/wp\/v2\/types\/post"}],"author":[{"embeddable":true,"href":"https:\/\/imagazine.it\/home_desk\/wp-json\/wp\/v2\/users\/28"}],"replies":[{"embeddable":true,"href":"https:\/\/imagazine.it\/home_desk\/wp-json\/wp\/v2\/comments?post=40255"}],"version-history":[{"count":0,"href":"https:\/\/imagazine.it\/home_desk\/wp-json\/wp\/v2\/posts\/40255\/revisions"}],"wp:featuredmedia":[{"embeddable":true,"href":"https:\/\/imagazine.it\/home_desk\/wp-json\/wp\/v2\/media\/40256"}],"wp:attachment":[{"href":"https:\/\/imagazine.it\/home_desk\/wp-json\/wp\/v2\/media?parent=40255"}],"wp:term":[{"taxonomy":"category","embeddable":true,"href":"https:\/\/imagazine.it\/home_desk\/wp-json\/wp\/v2\/categories?post=40255"},{"taxonomy":"post_tag","embeddable":true,"href":"https:\/\/imagazine.it\/home_desk\/wp-json\/wp\/v2\/tags?post=40255"}],"curies":[{"name":"wp","href":"https:\/\/api.w.org\/{rel}","templated":true}]}}