{"id":40233,"date":"2021-09-10T00:00:00","date_gmt":"2021-09-09T23:00:00","guid":{"rendered":"https:\/\/imagazine.it\/?p=40233"},"modified":"2021-09-10T00:00:00","modified_gmt":"2021-09-09T23:00:00","slug":"palmanova-set-per-il-nuovo-film-di-matteo-oleotto","status":"publish","type":"post","link":"https:\/\/imagazine.it\/home_desk\/palmanova-set-per-il-nuovo-film-di-matteo-oleotto\/","title":{"rendered":"Palmanova set per il nuovo film di Matteo Oleotto"},"content":{"rendered":"<p>Palmanova \u00e8, assieme a Gorizia, il set principale scelto da Matteo Oleotto per il suo prossimo film RAI.  Ieri la seconda giornata di riprese tra Piazza Grande e Borghi. Marted\u00ec scorso altre scene tra il Palazzo Comunale e la Biblioteca Civica. Verso met\u00e0 settembre la troupe si sposter\u00e0 sui Bastioni, tornando poi a riprendere anche negli Uffici comunali. Un mese di lavorazione, su tutto il territorio regionale, per la realizzazione di una commedia romantica ambientata ai giorni nostri.  Il regista della serie TV RAI \u201cVolevo fare la Rockstar\u201d e di \u201cMai scherzare con le stelle!\u201d, dopo numerosi sopraluoghi ha scelto la citt\u00e0 stellata per ambientare diverse scene della sua ultima produzione.  Interni ed esterne che faranno da scenografia per le vicende narrate nella commedia.  Altre scene saranno girate, oltre che a Gorizia, a Udine, Doberd\u00f2 del Lago e Gradisca d&#8217;Isonzo. Gianluca Novel, vicepresidente di FVG Film Commission: \u201cQueste produzioni danno grande visibilit\u00e0 al territorio, portandolo ad un ampio pubblico nazionale. Dall\u2019Amministrazione comunale di Palmanova abbiamo ricevuto ampia disponibilit\u00e0. Con la citt\u00e0 stellata il rapporto di collaborazione \u00e8 iniziato gi\u00e0 da tempo, con la realizzazione del film \u201cEther\u201d di Krzysztof Zanussi e di &#8220;Coureur&#8221; di Kenneth Mercken. La Delibera di coorganizzazione approvata permetter\u00e0 infatti, anche nei prossimi anni, di accelerare le procedure di autorizzazione, fattore determinante per le produzioni cinematografiche e per la tv. I sopraluoghi fatti in questi giorni hanno portato alla concretizzazione di questo film ma permetteranno, in futuro, l\u2019ambientazione di altre produzioni. Luoghi unici, insoliti che possono essere perfette scenografie per tante tipologie di produzione filmica. Le mura, le gallerie, gli immobili militari, la piazza, i Borghi, sono tutte location inserite nel database di Film Commission e vengono presentate alle varie produzioni che la nostra organizzazione segue e accompagna alla scoperta del FVG\u201d. Palmanova \u00e8 gi\u00e0 stata set di diverse produzioni di film, oltre a documentari dedicati alle sue mura. Recentamente proprio la TV nazionale giapponese TBS ha voluto ambientare in Fortezza un documentario dedicato ai beni iscritti al Patrimonio Mondiale dell\u2019Umanit\u00e0 UNESCO.  Altri film in costume, dedicati ad eventi storici, hanno trovato ambientazione in citt\u00e0.<\/p>\n","protected":false},"excerpt":{"rendered":"<p>Riprese in  municipio, biblioteca, piazza e bastioni<\/p>\n","protected":false},"author":28,"featured_media":40234,"comment_status":"closed","ping_status":"closed","sticky":false,"template":"","format":"standard","meta":{"dwc-title":[],"dwc-content":[],"footnotes":""},"categories":[37],"tags":[],"class_list":["post-40233","post","type-post","status-publish","format-standard","has-post-thumbnail","hentry","category-cultura-e-spettacolo"],"rttpg_featured_image_url":{"full":["https:\/\/imagazine.it\/wp-content\/uploads\/2024\/01\/42976-1.webp",1440,1080,false],"landscape":["https:\/\/imagazine.it\/wp-content\/uploads\/2024\/01\/42976-1.webp",1440,1080,false],"portraits":["https:\/\/imagazine.it\/wp-content\/uploads\/2024\/01\/42976-1.webp",1440,1080,false],"thumbnail":["https:\/\/imagazine.it\/wp-content\/uploads\/2024\/01\/42976-1-150x150.webp",150,150,true],"medium":["https:\/\/imagazine.it\/wp-content\/uploads\/2024\/01\/42976-1-300x225.webp",300,225,true],"large":["https:\/\/imagazine.it\/wp-content\/uploads\/2024\/01\/42976-1-1024x768.webp",640,480,true],"thumblist":["https:\/\/imagazine.it\/wp-content\/uploads\/2024\/01\/42976-1.webp",300,225,false],"thumbrelated":["https:\/\/imagazine.it\/wp-content\/uploads\/2024\/01\/42976-1.webp",500,375,false],"meccarouselthumb":["https:\/\/imagazine.it\/wp-content\/uploads\/2024\/01\/42976-1.webp",432,324,false],"gridsquare":["https:\/\/imagazine.it\/wp-content\/uploads\/2024\/01\/42976-1.webp",347,260,false],"tileview":["https:\/\/imagazine.it\/wp-content\/uploads\/2024\/01\/42976-1.webp",300,225,false],"1536x1536":["https:\/\/imagazine.it\/wp-content\/uploads\/2024\/01\/42976-1.webp",1440,1080,false],"2048x2048":["https:\/\/imagazine.it\/wp-content\/uploads\/2024\/01\/42976-1.webp",1440,1080,false],"newsup-slider-full":["https:\/\/imagazine.it\/wp-content\/uploads\/2024\/01\/42976-1-1280x720.webp",1280,720,true],"newsup-featured":["https:\/\/imagazine.it\/wp-content\/uploads\/2024\/01\/42976-1-1024x768.webp",1024,768,true],"newsup-medium":["https:\/\/imagazine.it\/wp-content\/uploads\/2024\/01\/42976-1-720x380.webp",720,380,true],"tptn_thumbnail":["https:\/\/imagazine.it\/wp-content\/uploads\/2024\/01\/42976-1.webp",250,188,false],"sow-carousel-default":["https:\/\/imagazine.it\/wp-content\/uploads\/2024\/01\/42976-1-272x182.webp",272,182,true]},"rttpg_author":{"display_name":"redazione","author_link":"https:\/\/imagazine.it\/home_desk\/author\/redazione\/"},"rttpg_comment":0,"rttpg_category":"<a href=\"https:\/\/imagazine.it\/home_desk\/category\/cultura-e-spettacolo\/\" rel=\"category tag\">CULTURA&amp;SPETTACOLO<\/a>","rttpg_excerpt":"Riprese in municipio, biblioteca, piazza e bastioni","_links":{"self":[{"href":"https:\/\/imagazine.it\/home_desk\/wp-json\/wp\/v2\/posts\/40233","targetHints":{"allow":["GET"]}}],"collection":[{"href":"https:\/\/imagazine.it\/home_desk\/wp-json\/wp\/v2\/posts"}],"about":[{"href":"https:\/\/imagazine.it\/home_desk\/wp-json\/wp\/v2\/types\/post"}],"author":[{"embeddable":true,"href":"https:\/\/imagazine.it\/home_desk\/wp-json\/wp\/v2\/users\/28"}],"replies":[{"embeddable":true,"href":"https:\/\/imagazine.it\/home_desk\/wp-json\/wp\/v2\/comments?post=40233"}],"version-history":[{"count":0,"href":"https:\/\/imagazine.it\/home_desk\/wp-json\/wp\/v2\/posts\/40233\/revisions"}],"wp:featuredmedia":[{"embeddable":true,"href":"https:\/\/imagazine.it\/home_desk\/wp-json\/wp\/v2\/media\/40234"}],"wp:attachment":[{"href":"https:\/\/imagazine.it\/home_desk\/wp-json\/wp\/v2\/media?parent=40233"}],"wp:term":[{"taxonomy":"category","embeddable":true,"href":"https:\/\/imagazine.it\/home_desk\/wp-json\/wp\/v2\/categories?post=40233"},{"taxonomy":"post_tag","embeddable":true,"href":"https:\/\/imagazine.it\/home_desk\/wp-json\/wp\/v2\/tags?post=40233"}],"curies":[{"name":"wp","href":"https:\/\/api.w.org\/{rel}","templated":true}]}}