{"id":40215,"date":"2021-09-04T00:00:00","date_gmt":"2021-09-03T23:00:00","guid":{"rendered":"https:\/\/imagazine.it\/?p=40215"},"modified":"2021-09-04T00:00:00","modified_gmt":"2021-09-03T23:00:00","slug":"gorizia-ritorna-cuore-dei-sapori-deuropa","status":"publish","type":"post","link":"https:\/\/imagazine.it\/home_desk\/gorizia-ritorna-cuore-dei-sapori-deuropa\/","title":{"rendered":"Gorizia ritorna cuore dei sapori d&#8217;Europa"},"content":{"rendered":"<p> \tRisentire, a <strong>Gorizia<\/strong>, i sapori e i profumi che fanno parte del &#8220;cuore&#8221; delle cucine d&#39;Europa. \u00c8 quanto si ripromette <strong><em>Gusti off<\/em><\/strong>,\u00a0l&#39;iniziativa enogastronomica organizzata dal Comune che si svolger\u00e0 in centro citt\u00e0 <strong>dal 23 al 26 settembre<\/strong>.\u00a0<\/p>\n<p> \tNon sar\u00e0 <em>Gusti di Frontiera<\/em>, perch\u00e9, per questioni di sicurezza, non \u00e8 possibile organizzare un evento con oltre mezzo milione di persone concentrate in uno spazio limitato ma la nuova kermesse mira a mantenere l&#39;atmosfera gioiosa e godereccia del passato.<\/p>\n<p> \tNei giorni scorsi, con l&#39;ultimo vertice in Prefettura, \u00e8 stata definita anche l&#39;organizzazione degli spazi che ospiteranno gli stand e saranno prevalentemente concentrati in alcune aree dove si potr\u00e0 entrare solo con il green pass: <strong>piazza Battisti, Giardini pubblici, via Roma e piazza Vittoria<\/strong> con alcuni &#8220;sconfinamenti&#8221; in parte di <strong>via Oberdan<\/strong> e in <strong>via Crispi<\/strong>.<\/p>\n<p> \t&#8220;Va precisato subito &#8211; chiarisce l&#39;assessore ai grandi eventi, <strong>Arianna Bellan<\/strong> &#8211; che la dislocazione della manifestazione \u00e8 stata pensata, da una parte, per far ritrovare alla gente il gusto di stare assieme e divertirsi intorno a piatti che evocano il ritorno alle tradizionali feste popolari, pur nella massima sicurezza, e, dall&#39;altra, per valorizzare anche i locali cittadini che non saranno assolutamente soggetti alle restrizioni previste per l&#39;evento, come l&#39;obbligo del green pass anche per mangiare all&#39;aperto, e avranno, invece, la possibilit\u00e0 di offrire men\u00f9 e specialit\u00e0 tipiche locali alle persone che arriveranno a Gorizia per Gusti off. Per questo abbiamo lasciato libera, ad esempio, via Oberdan, ma anche Corso Italia e Corso Verdi con una pedonalizzazione estesa, da corso Italia fino alla Posta centrale e via Boccaccio,\u00a0proprio per favorire le attivit\u00e0 di bar e ristoranti\u201d.\u00a0\u00a0<\/p>\n<p> \tSpazio, dunque, anche alle iniziative locali, che faranno da corollario alle offerte proposte dalla manifestazione che prevede la presenza della Francia, dell&#39;Austria, della Slovenia e, ovviamente, dell&#39;Italia ma anche di qualche operatore dell&#39;Ungheria.\u00a0<\/p>\n<p> \t&#8220;Possiamo senz&#39;altro dire che saranno seguite tutte le norme anticontagio previste &#8211; ribadisce il sindaco <strong>Rodolfo Ziberna<\/strong> &#8211; fra le quali l&#39;ingresso solo con la presentazione del green pass. Non si tratta di una scelta politica ma \u00e8 una disposizione di legge che, in ogni caso, condivido. Stiamo ancora definendo i dettagli sui controlli e sui varchi d&#39;accesso che comunicheremo successivamente. Potevamo anche non fare nulla, ma vogliamo dare alla gente un segnale di ripartenza e di voglia di riprenderci la vita. Non possiamo continuare a stare su facebook a insultarci perch\u00e9 uno \u00e8 favorevole al vaccino e un altro \u00e8 contrario, dobbiamo ricominciare a muoverci, a lavorare su cose concrete, a elaborare progetti, a pensare al futuro e l&#39;organizzazione di <em>Gusti off<\/em> contiene anche questo messaggio&#8221;.<\/p>\n<p> \tZiberna ha inoltre annunciato che intrecciata alla kermesse enogastronomica ci sar\u00e0 anche la manifestazione culturale <strong><em>Contea<\/em><\/strong> con un programma di incontri e iniziative letterarie di rilievo che saranno ospitate al Teatro Verdi e in altri luoghi cittadini. Un programma che sar\u00e0 presentato prossimamente.<\/p>\n","protected":false},"excerpt":{"rendered":"<p>Dal 23 al 26 settembre<\/p>\n","protected":false},"author":28,"featured_media":40216,"comment_status":"closed","ping_status":"closed","sticky":false,"template":"","format":"standard","meta":{"dwc-title":[],"dwc-content":[],"footnotes":""},"categories":[8],"tags":[],"class_list":["post-40215","post","type-post","status-publish","format-standard","has-post-thumbnail","hentry","category-turismo"],"rttpg_featured_image_url":{"full":["https:\/\/imagazine.it\/wp-content\/uploads\/2024\/01\/42895-1.webp",600,400,false],"landscape":["https:\/\/imagazine.it\/wp-content\/uploads\/2024\/01\/42895-1.webp",600,400,false],"portraits":["https:\/\/imagazine.it\/wp-content\/uploads\/2024\/01\/42895-1.webp",600,400,false],"thumbnail":["https:\/\/imagazine.it\/wp-content\/uploads\/2024\/01\/42895-1-150x150.webp",150,150,true],"medium":["https:\/\/imagazine.it\/wp-content\/uploads\/2024\/01\/42895-1-300x200.webp",300,200,true],"large":["https:\/\/imagazine.it\/wp-content\/uploads\/2024\/01\/42895-1.webp",600,400,false],"thumblist":["https:\/\/imagazine.it\/wp-content\/uploads\/2024\/01\/42895-1.webp",300,200,false],"thumbrelated":["https:\/\/imagazine.it\/wp-content\/uploads\/2024\/01\/42895-1.webp",500,333,false],"meccarouselthumb":["https:\/\/imagazine.it\/wp-content\/uploads\/2024\/01\/42895-1.webp",474,316,false],"gridsquare":["https:\/\/imagazine.it\/wp-content\/uploads\/2024\/01\/42895-1.webp",391,260,false],"tileview":["https:\/\/imagazine.it\/wp-content\/uploads\/2024\/01\/42895-1.webp",300,200,false],"1536x1536":["https:\/\/imagazine.it\/wp-content\/uploads\/2024\/01\/42895-1.webp",600,400,false],"2048x2048":["https:\/\/imagazine.it\/wp-content\/uploads\/2024\/01\/42895-1.webp",600,400,false],"newsup-slider-full":["https:\/\/imagazine.it\/wp-content\/uploads\/2024\/01\/42895-1.webp",600,400,false],"newsup-featured":["https:\/\/imagazine.it\/wp-content\/uploads\/2024\/01\/42895-1.webp",600,400,false],"newsup-medium":["https:\/\/imagazine.it\/wp-content\/uploads\/2024\/01\/42895-1-600x380.webp",600,380,true],"tptn_thumbnail":["https:\/\/imagazine.it\/wp-content\/uploads\/2024\/01\/42895-1.webp",250,167,false],"sow-carousel-default":["https:\/\/imagazine.it\/wp-content\/uploads\/2024\/01\/42895-1-272x182.webp",272,182,true]},"rttpg_author":{"display_name":"redazione","author_link":"https:\/\/imagazine.it\/home_desk\/author\/redazione\/"},"rttpg_comment":0,"rttpg_category":"<a href=\"https:\/\/imagazine.it\/home_desk\/category\/turismo\/\" rel=\"category tag\">TURISMO<\/a>","rttpg_excerpt":"Dal 23 al 26 settembre","_links":{"self":[{"href":"https:\/\/imagazine.it\/home_desk\/wp-json\/wp\/v2\/posts\/40215","targetHints":{"allow":["GET"]}}],"collection":[{"href":"https:\/\/imagazine.it\/home_desk\/wp-json\/wp\/v2\/posts"}],"about":[{"href":"https:\/\/imagazine.it\/home_desk\/wp-json\/wp\/v2\/types\/post"}],"author":[{"embeddable":true,"href":"https:\/\/imagazine.it\/home_desk\/wp-json\/wp\/v2\/users\/28"}],"replies":[{"embeddable":true,"href":"https:\/\/imagazine.it\/home_desk\/wp-json\/wp\/v2\/comments?post=40215"}],"version-history":[{"count":0,"href":"https:\/\/imagazine.it\/home_desk\/wp-json\/wp\/v2\/posts\/40215\/revisions"}],"wp:featuredmedia":[{"embeddable":true,"href":"https:\/\/imagazine.it\/home_desk\/wp-json\/wp\/v2\/media\/40216"}],"wp:attachment":[{"href":"https:\/\/imagazine.it\/home_desk\/wp-json\/wp\/v2\/media?parent=40215"}],"wp:term":[{"taxonomy":"category","embeddable":true,"href":"https:\/\/imagazine.it\/home_desk\/wp-json\/wp\/v2\/categories?post=40215"},{"taxonomy":"post_tag","embeddable":true,"href":"https:\/\/imagazine.it\/home_desk\/wp-json\/wp\/v2\/tags?post=40215"}],"curies":[{"name":"wp","href":"https:\/\/api.w.org\/{rel}","templated":true}]}}